{"id":224808,"date":"2025-07-04T04:48:11","date_gmt":"2025-07-04T04:48:11","guid":{"rendered":"https:\/\/www.europesays.com\/fr\/224808\/"},"modified":"2025-07-04T04:48:11","modified_gmt":"2025-07-04T04:48:11","slug":"si-vous-navez-pas-encore-cette-mention-sur-votre-cv-vous-commettez-une-erreur","status":"publish","type":"post","link":"https:\/\/www.europesays.com\/fr\/224808\/","title":{"rendered":"Si vous n&rsquo;avez pas encore cette mention sur votre CV, vous commettez une erreur"},"content":{"rendered":"<p>L\u2019intelligence artificielle est en train de changer la fa\u00e7on dont on travaille. Et si vous ne maitrisez pas encore l\u2019utilisation de cette technologie, il est possible que vous passiez \u00e0 c\u00f4t\u00e9 de nombreuses opportunit\u00e9s. En effet, comme l\u2019IA permet d\u2019am\u00e9liorer la productivit\u00e9 des travailleurs, les entreprises vont de plus en plus chercher \u00e0 recruter des profils qui savent travailler avec les outils comme <a href=\"https:\/\/www.presse-citron.net\/telecharger\/intelligence-artificielle\/chat-gpt.html\" rel=\"nofollow noopener\" target=\"_blank\">ChatGPT<\/a>, Gemini ou encore Claude.<\/p>\n<p>D\u2019ailleurs, au sein de certaines soci\u00e9t\u00e9s, la direction encourage d\u00e9j\u00e0 les salari\u00e9s \u00e0 se former \u00e0 l\u2019IA. \u201cL\u2019utilisation r\u00e9flexive de l\u2019IA est d\u00e9sormais une attente de base chez Shopify\u201d, avait \u00e9crit Tobias L\u00fctke, le patron de cette entreprise, dans une note partag\u00e9e aux employ\u00e9s en avril. R\u00e9cemment, Andy Jassy, le CEO d\u2019Amazon, a aussi demand\u00e9 aux employ\u00e9s du g\u00e9ant am\u00e9ricain de se former et d\u2019utiliser l\u2019IA \u00e0 chaque fois que c\u2019est possible.<\/p>\n<p> En forte hausse sur les offres d\u2019emploi <\/p>\n<p>En d\u2019autres termes, savoir utiliser l\u2019intelligence artificielle est en train de devenir une comp\u00e9tence de base, au m\u00eame titre que le fait de savoir se servir d\u2019un ordinateur, ou de Word et Excel. Cette exigence appara\u00eet d\u2019ailleurs de plus en plus sur les offres d\u2019emploi. Il y a quelques jours, la soci\u00e9t\u00e9 Autodesk a publi\u00e9 les r\u00e9sultats d\u2019une analyse de 3 millions d\u2019offres d\u2019emploi sur deux ans, r\u00e9alis\u00e9e avec GlobalData.<\/p>\n<p>Bien que cette \u00e9tude se focalise sur des secteurs pr\u00e9cis (industries de la conception et de la fabrication \u2013 y compris l\u2019architecture, l\u2019ing\u00e9nierie, la construction, la conception de produits, la fabrication, les m\u00e9dias et le divertissement), elle met en lumi\u00e8re une tendance\u00a0: \u201cla ma\u00eetrise de l\u2019IA est en passe de devenir une exigence de base pour l\u2019ensemble du personnel\u201d, explique la publication d\u2019Autodesk, ajoutant que cela n\u2019est plus r\u00e9serv\u00e9 \u00e0 certains postes techniques ou sp\u00e9cialis\u00e9s.<\/p>\n<p>D\u2019apr\u00e8s l\u2019\u00e9tude, les mentions de l\u2019IA dans les offres d\u2019emploi ont augment\u00e9 de 114,8\u00a0% en 2023, de 120,6\u00a0% en 2024 et de 56,1\u00a0% depuis le d\u00e9but de l\u2019ann\u00e9e en 2025. D\u2019autres donn\u00e9es indiquent une tendance similaire, y compris en Europe. Dans un r\u00e9cent article, Euronews a publi\u00e9 un article indiquant que, d\u2019apr\u00e8s les donn\u00e9es de la plateforme Indeed, la part des offres d\u2019emplois qui mentionnent l\u2019IA g\u00e9n\u00e9rative aurait plus que doubl\u00e9 au cours des 12 mois qui ont pr\u00e9c\u00e9d\u00e9 mars 2025. \u201cPresque tous les emplois seront impact\u00e9s par l\u2019IA (intelligence artificielle) \u00e0 un moment ou \u00e0 un autre\u201d, a d\u00e9clar\u00e9 Pawel Adrjan, directeur de la recherche \u00e9conomique chez Indeed, cit\u00e9 par le m\u00e9dia.<\/p>\n<p> Les formations existent d\u00e9j\u00e0 <\/p>\n<p>Pour ma\u00eetriser l\u2019IA g\u00e9n\u00e9rative, on peut commencer par l\u2019utiliser au quotidien, si ce n\u2019est d\u00e9j\u00e0 le cas. Sinon, il existe d\u00e9j\u00e0 pas mal de formations et de contenus p\u00e9dagogiques qui peuvent aider les internautes \u00e0 adopter cette technologie ou \u00e0 en faire un usage plus optimal.<\/p>\n<p>Comme nous l\u2019\u00e9voquions dans un pr\u00e9c\u00e9dent article, le cr\u00e9ateur de ChatGPT propose d\u00e9j\u00e0 un site baptis\u00e9 <a href=\"https:\/\/www.presse-citron.net\/ce-site-officiel-vous-apprend-a-utiliser-chatgpt-comme-un-pro-mais-il-y-a-une-condition\/\" rel=\"nofollow noopener\" target=\"_blank\">OpenAI Acadmy<\/a> qui regroupe un ensemble de ressources pour apprendre \u00e0 utiliser ses technologies. Sinon, vous pouvez aussi trouver des formations sur l\u2019utilisation de l\u2019IA sur les plateformes comme OpenClassroom.<\/p>\n<blockquote>\n<p class=\"text-base text-neutral-700 dark:text-neutral-300\">\ud83d\udccd Pour ne manquer aucune actualit\u00e9 de Presse-citron, suivez-nous sur <a href=\"https:\/\/news.google.com\/publications\/CAAqBggKMIPiNTC70wU?hl=fr&amp;gl=FR&amp;ceid=FR%3Afr\" target=\"_blank\" rel=\"nofollow noopener\">Google Actualit\u00e9s<\/a> et <a href=\"https:\/\/whatsapp.com\/channel\/0029VaCkGuz4NViitBXbEr0b\" target=\"_blank\" rel=\"nofollow noopener\">WhatsApp<\/a>.<\/p>\n<\/blockquote>\n","protected":false},"excerpt":{"rendered":"L\u2019intelligence artificielle est en train de changer la fa\u00e7on dont on travaille. Et si vous ne maitrisez pas&hellip;\n","protected":false},"author":2,"featured_media":224809,"comment_status":"","ping_status":"","sticky":false,"template":"","format":"standard","meta":{"footnotes":""},"categories":[6],"tags":[35,9919,33,34,341,1011,27],"class_list":{"0":"post-224808","1":"post","2":"type-post","3":"status-publish","4":"format-standard","5":"has-post-thumbnail","7":"category-economie","8":"tag-business","9":"tag-cv","10":"tag-economie","11":"tag-economy","12":"tag-emploi","13":"tag-fr","14":"tag-france"},"share_on_mastodon":{"url":"","error":""},"_links":{"self":[{"href":"https:\/\/www.europesays.com\/fr\/wp-json\/wp\/v2\/posts\/224808","targetHints":{"allow":["GET"]}}],"collection":[{"href":"https:\/\/www.europesays.com\/fr\/wp-json\/wp\/v2\/posts"}],"about":[{"href":"https:\/\/www.europesays.com\/fr\/wp-json\/wp\/v2\/types\/post"}],"author":[{"embeddable":true,"href":"https:\/\/www.europesays.com\/fr\/wp-json\/wp\/v2\/users\/2"}],"replies":[{"embeddable":true,"href":"https:\/\/www.europesays.com\/fr\/wp-json\/wp\/v2\/comments?post=224808"}],"version-history":[{"count":0,"href":"https:\/\/www.europesays.com\/fr\/wp-json\/wp\/v2\/posts\/224808\/revisions"}],"wp:featuredmedia":[{"embeddable":true,"href":"https:\/\/www.europesays.com\/fr\/wp-json\/wp\/v2\/media\/224809"}],"wp:attachment":[{"href":"https:\/\/www.europesays.com\/fr\/wp-json\/wp\/v2\/media?parent=224808"}],"wp:term":[{"taxonomy":"category","embeddable":true,"href":"https:\/\/www.europesays.com\/fr\/wp-json\/wp\/v2\/categories?post=224808"},{"taxonomy":"post_tag","embeddable":true,"href":"https:\/\/www.europesays.com\/fr\/wp-json\/wp\/v2\/tags?post=224808"}],"curies":[{"name":"wp","href":"https:\/\/api.w.org\/{rel}","templated":true}]}}