{"id":224819,"date":"2025-07-04T04:54:13","date_gmt":"2025-07-04T04:54:13","guid":{"rendered":"https:\/\/www.europesays.com\/fr\/224819\/"},"modified":"2025-07-04T04:54:13","modified_gmt":"2025-07-04T04:54:13","slug":"jeu-de-lumiere-et-emotion-le-nouveau-son-et-lumiere-place-stanislas-cree-la-surprise","status":"publish","type":"post","link":"https:\/\/www.europesays.com\/fr\/224819\/","title":{"rendered":"jeu de lumi\u00e8re et \u00e9motion, le nouveau son et lumi\u00e8re place Stanislas cr\u00e9e la surprise"},"content":{"rendered":"<p>Alors non, il n\u2019y a pas d\u2019histoire, pas de voix off, pas de retour dans le pass\u00e9. Non, on ne retrouvera pas non plus la magie \u00e0 la fois po\u00e9tique et discr\u00e8tement narrative des Allumeurs d\u2019Images, en charge du vid\u00e9o mapping de Nancy jusque 2021. Mais cette fois, enfin, on red\u00e9colle.<\/p>\n<p>Cette fois, enfin, on se dit que la pierre des murs palpite en m\u00eame temps que s\u2019invitent les images. Cette fois, <a href=\"https:\/\/www.estrepublicain.fr\/culture-loisirs\/2025\/06\/14\/premiere-soiree-du-son-et-lumiere-2025-sur-la-place-stanislas\" target=\"_blank\" rel=\"noopener\">le spectacle estival se r\u00e9incarne.<\/a><\/p>\n<p>Depuis&#8230;<\/p>\n","protected":false},"excerpt":{"rendered":"Alors non, il n\u2019y a pas d\u2019histoire, pas de voix off, pas de retour dans le pass\u00e9. Non,&hellip;\n","protected":false},"author":2,"featured_media":224820,"comment_status":"","ping_status":"","sticky":false,"template":"","format":"standard","meta":{"footnotes":""},"categories":[9635],"tags":[1111,11,1687,1707,1704,1706,1705,1777,674,2271,1011,27,775,1702,1703,12,25,3140],"class_list":{"0":"post-224819","1":"post","2":"type-post","3":"status-publish","4":"format-standard","5":"has-post-thumbnail","7":"category-nancy","8":"tag-actu","9":"tag-actualites","10":"tag-culture-loisirs","11":"tag-edition-luneville","12":"tag-edition-nancy-et-agglomeration","13":"tag-edition-pont-a-mousson","14":"tag-edition-toul","15":"tag-eu","16":"tag-europe","17":"tag-exposition-arts-plastiques","18":"tag-fr","19":"tag-france","20":"tag-grand-est","21":"tag-nancy","22":"tag-nancy-ville-54b","23":"tag-news","24":"tag-republique-francaise","25":"tag-spectacle"},"share_on_mastodon":{"url":"https:\/\/pubeurope.com\/@fr\/114793182975118846","error":""},"_links":{"self":[{"href":"https:\/\/www.europesays.com\/fr\/wp-json\/wp\/v2\/posts\/224819","targetHints":{"allow":["GET"]}}],"collection":[{"href":"https:\/\/www.europesays.com\/fr\/wp-json\/wp\/v2\/posts"}],"about":[{"href":"https:\/\/www.europesays.com\/fr\/wp-json\/wp\/v2\/types\/post"}],"author":[{"embeddable":true,"href":"https:\/\/www.europesays.com\/fr\/wp-json\/wp\/v2\/users\/2"}],"replies":[{"embeddable":true,"href":"https:\/\/www.europesays.com\/fr\/wp-json\/wp\/v2\/comments?post=224819"}],"version-history":[{"count":0,"href":"https:\/\/www.europesays.com\/fr\/wp-json\/wp\/v2\/posts\/224819\/revisions"}],"wp:featuredmedia":[{"embeddable":true,"href":"https:\/\/www.europesays.com\/fr\/wp-json\/wp\/v2\/media\/224820"}],"wp:attachment":[{"href":"https:\/\/www.europesays.com\/fr\/wp-json\/wp\/v2\/media?parent=224819"}],"wp:term":[{"taxonomy":"category","embeddable":true,"href":"https:\/\/www.europesays.com\/fr\/wp-json\/wp\/v2\/categories?post=224819"},{"taxonomy":"post_tag","embeddable":true,"href":"https:\/\/www.europesays.com\/fr\/wp-json\/wp\/v2\/tags?post=224819"}],"curies":[{"name":"wp","href":"https:\/\/api.w.org\/{rel}","templated":true}]}}