{"id":224839,"date":"2025-07-04T05:04:09","date_gmt":"2025-07-04T05:04:09","guid":{"rendered":"https:\/\/www.europesays.com\/fr\/224839\/"},"modified":"2025-07-04T05:04:09","modified_gmt":"2025-07-04T05:04:09","slug":"la-sncf-entreprend-des-travaux-sur-un-pont-la-circulation-perturbee-dans-cette-rue-tres-empruntee","status":"publish","type":"post","link":"https:\/\/www.europesays.com\/fr\/224839\/","title":{"rendered":"la SNCF entreprend des travaux sur un pont, la circulation perturb\u00e9e dans cette rue tr\u00e8s emprunt\u00e9e"},"content":{"rendered":"<p>            Par<br \/>\n        <strong><br \/>\n            <a href=\"https:\/\/actu.fr\/auteur\/laurene-fertin\" title=\"Consulter tous les articles de Laur\u00e8ne Fertin\" target=\"_blank\" rel=\"noopener\">Laur\u00e8ne Fertin<\/a><br \/>\n        <\/strong><\/p>\n<p>        Publi\u00e9 le<\/p>\n<p>            4 juil. 2025 \u00e0 7h02        <\/p>\n<p><strong>Du 15 au 30 juillet 2025<\/strong>, le <strong>pont ferroviaire<\/strong> surplombant le<strong> boulevard Villebois-Mareuil<\/strong>, \u00e0 Rennes, sera en <strong>travaux.<\/strong><\/p>\n<p class=\" wall-content\"><strong>Objectifs<\/strong> ? Moderniser les installations, garantir le niveau de performance de l\u2019infrastructure et optimiser la r\u00e9gularit\u00e9 et le confort des voyageurs,\u00a0indique la SNCF.<\/p>\n<p>Des d\u00e9viations mises en place<\/p>\n<p class=\" wall-content\">Les travaux seront effectu\u00e9s <strong>en journ\u00e9e,<\/strong> <strong>du lundi matin jusqu\u2019au vendredi soir.<\/strong><\/p>\n<p class=\" wall-content\"><strong>Des d\u00e9viations<\/strong> seront mises en place \u00ab\u00a0en concertation avec le gestionnaire de voirie\u00a0\u00bb :<\/p>\n<ul class=\" wall-content\">\n<li>pour ceux venant du nord, il faudra \u00e0 la place emprunter l\u2019avenue Fran\u00e7ois Chateau vers l\u2019est, puis l\u2019avenue des Pr\u00e9ales et le viaduc de Bray pour rejoindre la rue de Bray et enfin la rue Auguste Paie pour revenir au rond-point du cimeti\u00e8re de l\u2019est ;<\/li>\n<li>En provenance, les automobilistes devront effectuer le chemin inverse.<\/li>\n<\/ul>\n<p>Vid\u00e9os : en ce moment sur Actu<\/p>\n<p class=\" wall-content\">En revanche, <strong>la circulation des pi\u00e9tons et des cyclistes<\/strong> (pieds \u00e0 terre), restera <strong>possible<\/strong> pendant toute la dur\u00e9e des travaux.\u00a0Les <strong>commerces<\/strong> resteront <strong>ouverts.\u00a0<\/strong><\/p>\n<p class=\" wall-content\">Suivez toute l\u2019actualit\u00e9 de vos villes et m\u00e9dias favoris en vous inscrivant \u00e0 <a href=\"https:\/\/moncompte.actu.fr\" title=\"D\u00e9couvez Mon Actu\" rel=\"nofollow noopener\" data-trk=\"{&quot;cta&quot;:{&quot;action&quot;:&quot;https:\\\/\\\/moncompte.actu.fr&quot;,&quot;category&quot;:&quot;mon compte&quot;,&quot;from&quot;:&quot;article footer&quot;,&quot;name&quot;:&quot;Mon actu&quot;,&quot;type&quot;:&quot;cta&quot;}}\" target=\"_blank\">Mon Actu<\/a>.<\/p>\n","protected":false},"excerpt":{"rendered":"Par Laur\u00e8ne Fertin Publi\u00e9 le 4 juil. 2025 \u00e0 7h02 Du 15 au 30 juillet 2025, le pont&hellip;\n","protected":false},"author":2,"featured_media":224840,"comment_status":"","ping_status":"","sticky":false,"template":"","format":"standard","meta":{"footnotes":""},"categories":[2821],"tags":[1111,11,829,1777,674,1011,27,12,584,25,2215,104,2086],"class_list":{"0":"post-224839","1":"post","2":"type-post","3":"status-publish","4":"format-standard","5":"has-post-thumbnail","7":"category-rennes","8":"tag-actu","9":"tag-actualites","10":"tag-bretagne","11":"tag-eu","12":"tag-europe","13":"tag-fr","14":"tag-france","15":"tag-news","16":"tag-rennes","17":"tag-republique-francaise","18":"tag-sncf","19":"tag-societe","20":"tag-travaux"},"share_on_mastodon":{"url":"https:\/\/pubeurope.com\/@fr\/114793222289134216","error":""},"_links":{"self":[{"href":"https:\/\/www.europesays.com\/fr\/wp-json\/wp\/v2\/posts\/224839","targetHints":{"allow":["GET"]}}],"collection":[{"href":"https:\/\/www.europesays.com\/fr\/wp-json\/wp\/v2\/posts"}],"about":[{"href":"https:\/\/www.europesays.com\/fr\/wp-json\/wp\/v2\/types\/post"}],"author":[{"embeddable":true,"href":"https:\/\/www.europesays.com\/fr\/wp-json\/wp\/v2\/users\/2"}],"replies":[{"embeddable":true,"href":"https:\/\/www.europesays.com\/fr\/wp-json\/wp\/v2\/comments?post=224839"}],"version-history":[{"count":0,"href":"https:\/\/www.europesays.com\/fr\/wp-json\/wp\/v2\/posts\/224839\/revisions"}],"wp:featuredmedia":[{"embeddable":true,"href":"https:\/\/www.europesays.com\/fr\/wp-json\/wp\/v2\/media\/224840"}],"wp:attachment":[{"href":"https:\/\/www.europesays.com\/fr\/wp-json\/wp\/v2\/media?parent=224839"}],"wp:term":[{"taxonomy":"category","embeddable":true,"href":"https:\/\/www.europesays.com\/fr\/wp-json\/wp\/v2\/categories?post=224839"},{"taxonomy":"post_tag","embeddable":true,"href":"https:\/\/www.europesays.com\/fr\/wp-json\/wp\/v2\/tags?post=224839"}],"curies":[{"name":"wp","href":"https:\/\/api.w.org\/{rel}","templated":true}]}}