{"id":22484,"date":"2025-04-13T15:23:11","date_gmt":"2025-04-13T15:23:11","guid":{"rendered":"https:\/\/www.europesays.com\/fr\/22484\/"},"modified":"2025-04-13T15:23:11","modified_gmt":"2025-04-13T15:23:11","slug":"la-candidature-mal-embarquee-de-pierre-oliver-aux-municipales-2026","status":"publish","type":"post","link":"https:\/\/www.europesays.com\/fr\/22484\/","title":{"rendered":"la candidature mal embarqu\u00e9e de Pierre Oliver aux municipales 2026"},"content":{"rendered":"<p>            Par<br \/>\n        <strong><br \/>\n            <a href=\"https:\/\/actu.fr\/auteur\/nicolas-zaugra\" title=\"Consulter tous les articles de Nicolas Zaugra\" target=\"_blank\" rel=\"noopener\">Nicolas Zaugra<\/a><br \/>\n        <\/strong><\/p>\n<p>        Publi\u00e9 le<\/p>\n<p>            13 avr. 2025 \u00e0 6h42        <\/p>\n<p>Scotch\u00e9 \u00e0 10% d\u2019intentions de vote dans les <a href=\"https:\/\/actu.fr\/auvergne-rhone-alpes\/lyon_69123\/lyon-municipales-un-sondage-revele-gregory-doucet-et-jean-michel-aulas-en-tete_62479247.html\" target=\"_blank\" rel=\"noopener\">sondages<\/a>, ralliement d\u2019\u00e9lus LR ou de droite qui soutiennent <a href=\"https:\/\/actu.fr\/auvergne-rhone-alpes\/lyon_69123\/lyon-jean-michel-aulas-recoit-un-nouveau-soutien-de-taille-enorme-coup-dur-pour-oliver_62480372.html\" target=\"_blank\" rel=\"noopener\">Jean-Michel Aulas<\/a>, propositions qui ne retiennent pas l\u2019attention, demande de mise en retrait du maire <a href=\"https:\/\/actu.fr\/auvergne-rhone-alpes\/lyon_69123\/lyon-gregory-doucet-sort-de-9-heures-de-garde-a-vue-et-s-exprime-pour-la-premiere-fois_62489572.html\" target=\"_blank\" rel=\"noopener\">Gr\u00e9gory Doucet apr\u00e8s sa garde \u00e0 vue<\/a>\u2026 Les difficult\u00e9s se multiplient pour <strong>Pierre Oliver, le candidat d\u00e9clar\u00e9 des R\u00e9publicains<\/strong> aux <a href=\"https:\/\/actu.fr\/tag\/municipales-2026\" target=\"_blank\" rel=\"noopener\">municipales 2026<\/a> \u00e0 <a href=\"https:\/\/actu.fr\/auvergne-rhone-alpes\/lyon_69123\" target=\"_blank\" rel=\"noopener\">Lyon<\/a>.<br \/>Le d\u00e9but de campagne de l\u2019adversaire du maire \u00e9cologiste ne d\u00e9colle pas. Sur la sc\u00e8ne politique comme en coulisses, sa candidature fait grincer des dents.<\/p>\n<p>De plus en plus de soutiens pour Jean-Michel Aulas<\/p>\n<p class=\" wall-content\">Annonc\u00e9e officiellement le 25 mars dans un caf\u00e9 du 8e arrondissement, <strong>la candidature de Pierre Oliver a \u00e9t\u00e9 pr\u00e9cipit\u00e9e par l\u2019arriv\u00e9e tonitruante de Jean-Michel Aulas<\/strong> sur la sc\u00e8ne politique lyonnaise.<\/p>\n<p class=\" wall-content\">L\u2019ex-pr\u00e9sident de l\u2019OL dit continuer de r\u00e9fl\u00e9chir sur sa candidature \u00e0 la mairie, mais en coulisses il se pr\u00e9pare : commande d\u2019un sondage, r\u00e9flexions autour d\u2019un programme, rapprochements avec un collectif de soutien, rendez-vous \u00e0 Paris jusqu\u2019\u00e0 l\u2019\u00c9lys\u00e9e, ralliements d\u2019\u00e9lus\u2026<\/p>\n<p class=\" wall-content\">\n<p>\u00ab\u00a0Jean-Michel Aulas aura besoin de Pierre Oliver\u00a0\u00bb<\/p>\n<p class=\" wall-content\">Depuis son annonce, les ennuis se multiplient pour le candidat Oliver qui ne b\u00e9n\u00e9ficie m\u00eame pas officiellement de l\u2019investiture de son parti les LR. \u00ab\u00a0C\u2019est une formalit\u00e9\u00a0\u00bb, r\u00e9p\u00e8te-t-il en priv\u00e9, mais son sort est suspendu \u00e0 la <strong>campagne interne pour la pr\u00e9sidence du parti<\/strong> o\u00f9 s\u2019affrontent le ministre de l\u2019Int\u00e9rieur Bruno Retailleau et Laurent Wauquiez. Pierre Oliver est proche de ce dernier et esp\u00e8re sa victoire pour d\u00e9crocher l\u2019adoubement du parti.\u00a0<\/p>\n<p class=\" wall-content\">Les derniers ralliements du <a href=\"https:\/\/actu.fr\/auvergne-rhone-alpes\/lyon_69123\/lyon-jean-michel-aulas-recoit-un-nouveau-soutien-de-taille-enorme-coup-dur-pour-oliver_62480372.html\" target=\"_blank\" rel=\"noopener\">ministre LR Fran\u00e7ois-No\u00ebl Buffet<\/a> et ancien s\u00e9nateur du Rh\u00f4ne \u00e0 la candidature Aulas ou de Gilles Gascon, le pr\u00e9sident LR du groupe d\u2019opposition \u00e0 la M\u00e9tropole font t\u00e2che. Et si certains ne vont pas encore chez Jean-Michel Aulas, certains \u00e9lus sont en service minimum pour le d\u00e9fendre. \u00ab\u00a0Aulas aura besoin de Oliver\u00a0\u00bb, assure S\u00e9bastien Michel, maire d\u2019Ecully.<\/p>\n<p class=\" wall-content\">\u00ab\u00a0Il y a beaucoup de candidatures int\u00e9ressantes dans notre famille politique y compris celle de Pierre\u00a0\u00bb, commente <a href=\"https:\/\/actu.fr\/auvergne-rhone-alpes\/lyon_69123\/lyon-veronique-sarselli-lr-tape-fort-sur-les-ecologistes-la-metropole-merite-mieux_62492934.html\" target=\"_blank\" rel=\"noopener\">V\u00e9ronique Sarselli<\/a>, candidate LR \u00e0 la M\u00e9tropole, tout en louant \u00ab\u00a0les qualit\u00e9s\u00a0\u00bb de Jean-Michel Aulas \u00ab\u00a0qui a envie de s\u2019engager pour Lyon\u00a0\u00bb.<\/p>\n<p class=\" wall-content\">En off, beaucoup d\u2019\u00e9lus, y compris ceux qui font encore campagne avec Pierre Oliver, assurent qu\u2019ils <strong>finiront par rejoindre Jean-Michel Aulas en cours de campagne<\/strong>. \u00ab\u00a0Ou alors au second tour, plus notre score est gros, plus on p\u00e8sera dans la n\u00e9gociation\u00a0\u00bb, pense un conseiller municipal. C\u2019est la strat\u00e9gie de Pierre Oliver.<\/p>\n<p>      <img   decoding=\"async\" loading=\"lazy\" src=\"https:\/\/www.europesays.com\/fr\/wp-content\/uploads\/2025\/04\/pierre-oliver-jean-michel-aulas-960x640.png\" alt=\"Pierre Oliver (\u00e0 droite) et Jean-Michel Aulas discutent en vue des \u00e9lections municipales.\" width=\"960\" height=\"640\"\/><br \/>\n    Pierre Oliver (\u00e0 droite) et Jean-Michel Aulas discutent en vue des \u00e9lections municipales. (\u00a9Nicolas Liponne\/ MAXPPP)\u00ab\u00a0Une candidature suicidaire\u00a0\u00bb<\/p>\n<p class=\" wall-content\">Le coup le plus rude est venu du 6e arrondissement, l\u2019un des deux seuls encore d\u00e9tenu par la droite. Son maire Pascal Blache (Horizons, ex-LR) a sorti le lance-roquettes. Il d\u00e9nonce une \u00ab\u00a0candidature suicidaire\u00a0\u00bb du maire du 2e arrondissement, qui l\u2019appelle \u00e0 se ranger d\u2019ores et d\u00e9j\u00e0 derri\u00e8re Jean-Michel Aulas.<\/p>\n<p class=\" wall-content\">Avec lui, une dizaine d\u2019\u00e9lus de son conseil d\u2019arrondissement, dont plusieurs LR ou apparent\u00e9s qui ne rejoindront pas l\u2019aventure Oliver. \u00ab\u00a0Sa candidature ne va pas de soi, Christophe Marguin et <a href=\"https:\/\/actu.fr\/auvergne-rhone-alpes\/lyon_69123\/lyon-municipales-la-guerre-eclate-deja-a-droite-beatrice-de-montille-prefere-aulas_62419184.html\" target=\"_blank\" rel=\"noopener\">B\u00e9atrice de Montille<\/a> sont \u00e9galement candidats\u00a0\u00bb, affirme Pascal Blache.\u00a0<\/p>\n<p class=\" wall-content\">Des attaques qui viennent aussi de l\u2019entourage de Jean-Michel Aulas, qui qualifie les sorties de Pierre Oliver de \u00ab\u00a0clivantes\u00a0\u00bb et \u00ab\u00a0agressives\u00a0\u00bb.<\/p>\n<p>Pierre Oliver d\u00e9nonce des \u00ab\u00a0trahisons\u00a0\u00bb\u00a0<\/p>\n<p class=\" wall-content\">Le candidat LR assume son positionnement. \u00ab\u00a0On a \u00e9t\u00e9 bien seuls dans l\u2019opposition face aux \u00e9cologistes\u00a0\u00bb, rappelle-t-il. \u00ab\u00a0Depuis le d\u00e9but on d\u00e9nonce le dogmatisme de Gr\u00e9gory Doucet\u00a0\u00bb, estime l\u2019\u00e9lu, qui s\u2019est toujours revendiqu\u00e9 en \u00ab\u00a0premier opposant\u00a0\u00bb au maire de Lyon.<\/p>\n<p class=\" wall-content\">Aujourd\u2019hui d\u00e9bord\u00e9 par l\u2019\u00e9mergence de Jean-Michel Aulas, il a tent\u00e9 en coulisses de d\u00e9mobiliser le chef d\u2019entreprise de 73 ans en lui rappelant les innombrables difficult\u00e9s de mandat de maire.<\/p>\n<p class=\" wall-content\">Invit\u00e9 jeudi soir sur <a href=\"https:\/\/www.bfmtv.com\/lyon\/replay-emissions\/bonsoir-lyon\/pour-moi-ca-a-ete-tres-dur-pierre-oliver-reagit-aux-soutiens-apportes-a-jean-michel-aulas-en-vue-des-municipales-de-2026_VN-202504100694.html\" target=\"_blank\" rel=\"noopener\">BFM Lyon<\/a>, Pierre Oliver a \u00ab\u00a0d\u00e9nonc\u00e9 des trahisons\u00a0\u00bb. Pour lui, ces \u00e9lus qui quittent le navire \u00ab\u00a0jouent contre l\u2019int\u00e9r\u00eat du parti, qu\u2019ils trahissent\u00a0\u00bb.\u00a0<\/p>\n<blockquote class=\"ac-article-quote wall-content\">\n<p>Cela a \u00e9t\u00e9 tr\u00e8s dur de voir des gens dont je suis tr\u00e8s proche, avec qui je travaille, sans me pr\u00e9venir, me trahir.\u00a0<\/p>\n<p>    <strong>Pierre Oliver, candidat LR aux municipales<\/strong>\n            <\/p><\/blockquote>\n<p>La demande de retrait de Gr\u00e9gory Doucet provoque le malaise<\/p>\n<p class=\" wall-content\">La derni\u00e8re sortie du candidat a jet\u00e9 le trouble, y compris \u00e0 droite. <a href=\"https:\/\/actu.fr\/auvergne-rhone-alpes\/lyon_69123\/lyon-le-maire-gregory-doucet-en-garde-a-vue-pierre-oliver-demande-sa-mise-en-retrait_62490410.html\" target=\"_blank\" rel=\"noopener\">Pierre Oliver demande le retrait de ses fonctions du maire Gr\u00e9gory Doucet<\/a> apr\u00e8s son audition en garde \u00e0 vue dans l\u2019<a href=\"https:\/\/actu.fr\/auvergne-rhone-alpes\/lyon_69123\/lyon-le-maire-gregory-doucet-en-garde-a-vue-voici-les-soupcons-qui-pesent-sur-l-elu_62487400.html\" target=\"_blank\" rel=\"noopener\">affaire des charg\u00e9s de mission \u00e0 la mairie<\/a>. Une position unique qui n\u2019a pas \u00e9t\u00e9 soutenue par d\u2019autres candidats. V\u00e9ronique Sarselli (LR) \u00ab\u00a0ne partage pas\u00a0\u00bb la demande de son coll\u00e8gue.<\/p>\n<p class=\" wall-content\">En coulisses, certains \u00e0 droite et au centre, \u00e9voquent le \u00ab\u00a0trouble\u00a0\u00bb d\u2019une telle sortie. \u00ab\u00a0Il veut exister, \u00e7a lui permet de faire parler de lui face au rouleau compresseur Aulas qui a des articles favorables et des sondages pour lui\u00a0\u00bb, note un LR. \u00c0 gauche, Marie-Charlotte Garin (\u00e9cologistes) et Sandrine Runel (PS) d\u00e9noncent une \u00ab\u00a0instrumentalisation\u00a0\u00bb de l\u2019affaire.<\/p>\n<p class=\" wall-content\">\n<p class=\" wall-content\">Sur le fond enfin, les premi\u00e8res propositions de campagne, comme installer <a href=\"https:\/\/actu.fr\/auvergne-rhone-alpes\/lyon_69123\/lyon-municipales-2-000-cameras-police-les-premieres-propositions-choc-de-pierre-oliver_62400944.html\" target=\"_blank\" rel=\"noopener\">2 000 cam\u00e9ras en plus \u00e0 Lyon<\/a> ou s\u2019attaquer \u00e0 la <a href=\"https:\/\/actu.fr\/auvergne-rhone-alpes\/lyon_69123\/lyon-gaspillage-attaque-honteuse-l-avenir-de-la-halle-tony-garnier-agite-les-debats_62447079.html\" target=\"_blank\" rel=\"noopener\">Halle Tony Garnier<\/a>, n\u2019ont pas encore vraiment imprim\u00e9. Le candidat esp\u00e8re des jours meilleurs dans la suite de sa campagne, mais l\u2019officialisation de la candidature de Jean-Michel Aulas qui approche risque de tout emporter\u2026<\/p>\n<p class=\" wall-content\">Suivez toute l\u2019actualit\u00e9 de vos villes et m\u00e9dias favoris en vous inscrivant \u00e0 <a href=\"https:\/\/moncompte.actu.fr\" title=\"D\u00e9couvez Mon Actu\" rel=\"nofollow noopener\" data-trk=\"{&quot;cta&quot;:{&quot;action&quot;:&quot;https:\\\/\\\/moncompte.actu.fr&quot;,&quot;category&quot;:&quot;mon compte&quot;,&quot;from&quot;:&quot;article footer&quot;,&quot;name&quot;:&quot;Mon actu&quot;,&quot;type&quot;:&quot;cta&quot;}}\" target=\"_blank\">Mon Actu<\/a>.<\/p>\n","protected":false},"excerpt":{"rendered":"Par Nicolas Zaugra Publi\u00e9 le 13 avr. 2025 \u00e0 6h42 Scotch\u00e9 \u00e0 10% d\u2019intentions de vote dans les&hellip;\n","protected":false},"author":2,"featured_media":22485,"comment_status":"","ping_status":"","sticky":false,"template":"","format":"standard","meta":{"footnotes":""},"categories":[1889],"tags":[1111,11,2430,1777,674,1011,27,5227,8335,2428,3434,12,316,25],"class_list":{"0":"post-22484","1":"post","2":"type-post","3":"status-publish","4":"format-standard","5":"has-post-thumbnail","7":"category-lyon","8":"tag-actu","9":"tag-actualites","10":"tag-auvergne-rhone-alpes","11":"tag-eu","12":"tag-europe","13":"tag-fr","14":"tag-france","15":"tag-jean-michel-aulas","16":"tag-les-republicains-lr","17":"tag-lyon","18":"tag-municipales-2026","19":"tag-news","20":"tag-politique","21":"tag-republique-francaise"},"share_on_mastodon":{"url":"https:\/\/pubeurope.com\/@fr\/114331346791682557","error":""},"_links":{"self":[{"href":"https:\/\/www.europesays.com\/fr\/wp-json\/wp\/v2\/posts\/22484","targetHints":{"allow":["GET"]}}],"collection":[{"href":"https:\/\/www.europesays.com\/fr\/wp-json\/wp\/v2\/posts"}],"about":[{"href":"https:\/\/www.europesays.com\/fr\/wp-json\/wp\/v2\/types\/post"}],"author":[{"embeddable":true,"href":"https:\/\/www.europesays.com\/fr\/wp-json\/wp\/v2\/users\/2"}],"replies":[{"embeddable":true,"href":"https:\/\/www.europesays.com\/fr\/wp-json\/wp\/v2\/comments?post=22484"}],"version-history":[{"count":0,"href":"https:\/\/www.europesays.com\/fr\/wp-json\/wp\/v2\/posts\/22484\/revisions"}],"wp:featuredmedia":[{"embeddable":true,"href":"https:\/\/www.europesays.com\/fr\/wp-json\/wp\/v2\/media\/22485"}],"wp:attachment":[{"href":"https:\/\/www.europesays.com\/fr\/wp-json\/wp\/v2\/media?parent=22484"}],"wp:term":[{"taxonomy":"category","embeddable":true,"href":"https:\/\/www.europesays.com\/fr\/wp-json\/wp\/v2\/categories?post=22484"},{"taxonomy":"post_tag","embeddable":true,"href":"https:\/\/www.europesays.com\/fr\/wp-json\/wp\/v2\/tags?post=22484"}],"curies":[{"name":"wp","href":"https:\/\/api.w.org\/{rel}","templated":true}]}}