{"id":22486,"date":"2025-04-13T15:24:09","date_gmt":"2025-04-13T15:24:09","guid":{"rendered":"https:\/\/www.europesays.com\/fr\/22486\/"},"modified":"2025-04-13T15:24:09","modified_gmt":"2025-04-13T15:24:09","slug":"liranienne-arretee-en-france-est-poursuivie-pour-apologie-du-terrorisme","status":"publish","type":"post","link":"https:\/\/www.europesays.com\/fr\/22486\/","title":{"rendered":"l&rsquo;Iranienne arr\u00eat\u00e9e en France est poursuivie pour apologie du terrorisme"},"content":{"rendered":"<p>La jeune femme de 35 ans, dipl\u00f4m\u00e9e en langue fran\u00e7aise et install\u00e9e \u00e0 Lyon depuis huit ans, n\u2019a plus donn\u00e9 de nouvelles depuis plusieurs semaines, dans un contexte de tensions entre la France et l\u2019Iran. T\u00e9h\u00e9ran demandait de \u00abclarifier\u00bb le motif de son arrestation.<\/p>\n<p class=\"fig-paragraph\">La ressortissante iranienne<a href=\"http:\/\/www.lefigaro.fr\/lyon\/l-iran-demande-a-la-france-de-clarifier-le-motif-de-l-arrestation-d-une-iranienne-vivant-a-lyon-20250407\" data-fig-type=\"NewsFlash\" data-gtm-custom-categorie=\"navigation\" data-gtm-custom-action=\"crossclick\" data-gtm-custom-label=\"Contextuel\" data-gtm-event=\"customEventSPE\" data-fig-domain=\"LEFIGARO\" target=\"_blank\" rel=\"noopener\">\u00a0dont T\u00e9h\u00e9ran avait demand\u00e9 des nouvelles<\/a>\u00a0en exhortant le gouvernement fran\u00e7ais \u00e0 \u00abclarifier\u00bb le motif de son arrestation est mise en examen et \u00e9crou\u00e9e pour apologie du terrorisme, a indiqu\u00e9 samedi le parquet de Paris. Le P\u00f4le national de lutte contre la haine en ligne (PNLH) a ouvert le 7 novembre 2024 une information judiciaire pour apologie publique en ligne du terrorisme, a pr\u00e9cis\u00e9 le parquet, confirmant une information de\u00a0<a href=\"https:\/\/www.francetvinfo.fr\/monde\/iran\/une-iranienne-poursuivie-pour-apologie-du-terrorisme-et-incarceree-depuis-plus-d-un-mois-en-france_7184373.html\" target=\"_blank\" rel=\"nofollow noopener\" data-gtm-custom-categorie=\"navigation\" data-gtm-custom-action=\"crossclick\" data-gtm-custom-label=\"Contextuel\" data-gtm-event=\"customEventSPE\">Franceinfo<\/a>.<\/p>\n<p class=\"fig-paragraph\">Les investigations sont \u00e9galement ouvertes pour \u00abprovocation en ligne au terrorisme, injures \u00e0 raison de l&rsquo;origine, la religion, et refus de donner les codes de d\u00e9verrouillage relatifs \u00e0 plusieurs cha\u00eenes de r\u00e9seaux sociaux (X et Telegram)\u00bb.<\/p>\n<p class=\"fig-paragraph\">L&rsquo;affaire a d\u00e9but\u00e9 le 30 octobre 2023, quand le PNLH a \u00e9t\u00e9 saisi d&rsquo;un signalement du ministre de l&rsquo;Int\u00e9rieur relatif aux publications d&rsquo;un compte Telegram, relate le minist\u00e8re public. Ce compte faisait \u00abl&rsquo;apologie des attentats commis en Isra\u00ebl le 7 octobre 2023, provoquant \u00e0 des actes de terrorisme et injuriant la communaut\u00e9 juive\u00bb, selon le parquet. \u00abDeux membres de ce collectif actif investis dans la diffusion de la propagande apolog\u00e9tique et provoquant au terrorisme ont \u00e9t\u00e9 identifi\u00e9s et interpell\u00e9s le 28 f\u00e9vrier 2025\u00bb, dont Mahdieh Esfandiari. Ils ont \u00e9t\u00e9 plac\u00e9s en d\u00e9tention provisoire.<\/p>\n<p>Sa famille avait lanc\u00e9 l\u2019alerte d\u00e9but mars<\/p>\n<p class=\"fig-paragraph\">Selon\u00a0<a href=\"https:\/\/www.lepoint.fr\/monde\/exclusif-la-troublante-disparition-d-une-iranienne-en-france-04-04-2025-2586487_24.php\" target=\"_blank\" rel=\"nofollow noopener\" data-gtm-custom-categorie=\"navigation\" data-gtm-custom-action=\"crossclick\" data-gtm-custom-label=\"Contextuel\" data-gtm-event=\"customEventSPE\">Le Point<\/a>, Mahdieh Esfandiari est une Iranienne de 35 ans dipl\u00f4m\u00e9e en langue fran\u00e7aise et install\u00e9e \u00e0\u00a0<a href=\"https:\/\/www.lefigaro.fr\/lyon\" target=\"_blank\" data-fig-type=\"Section\" rel=\"noopener\" data-gtm-custom-categorie=\"navigation\" data-gtm-custom-action=\"crossclick\" data-gtm-custom-label=\"Contextuel\" data-gtm-event=\"customEventSPE\" data-fig-domain=\"LEFIGARO\">Lyon\u00a0<\/a>depuis huit ans. Sa famille, inqui\u00e8te de ne plus avoir de ses nouvelles, avait lanc\u00e9 l&rsquo;alerte d\u00e9but mars aupr\u00e8s des autorit\u00e9s iraniennes qui ont ensuite pris contact avec leurs interlocuteurs fran\u00e7ais, toujours selon l&rsquo;hebdomadaire. \u00abNous esp\u00e9rons que le gouvernement fran\u00e7ais donnera au plus vite acc\u00e8s \u00e0 ce dossier et clarifiera les raisons de l&rsquo;arrestation de cette citoyenne iranienne\u00bb, avait d\u00e9clar\u00e9 le 7 avril le porte-parole de la diplomatie iranienne, Esma\u00efl Bagha\u00ef.<\/p>\n<p class=\"fig-paragraph\">L&rsquo;Iran, qui d\u00e9tient une vingtaine de ressortissants occidentaux ou binationaux, est accus\u00e9 par leurs soutiens, des ONG et des chancelleries occidentales, de s&rsquo;en servir comme monnaie d&rsquo;\u00e9change, m\u00eame si officiellement leur lib\u00e9ration ne donne lieu \u00e0 aucune contrepartie.<\/p>\n","protected":false},"excerpt":{"rendered":"La jeune femme de 35 ans, dipl\u00f4m\u00e9e en langue fran\u00e7aise et install\u00e9e \u00e0 Lyon depuis huit ans, n\u2019a&hellip;\n","protected":false},"author":2,"featured_media":22487,"comment_status":"","ping_status":"","sticky":false,"template":"","format":"standard","meta":{"footnotes":""},"categories":[1889],"tags":[1111,11,5273,2430,5299,5272,5312,5296,5285,1777,674,5293,1011,27,5303,5311,3019,5301,5279,5275,5313,5276,5300,5302,5280,5298,5281,5306,5305,5308,5309,5284,5294,5297,5269,5271,5268,5270,5267,2428,5295,5307,5277,5304,5283,12,978,5274,25,2431,5314,5288,5292,5289,5291,5290,5315,5282,5286,1254,5310,5287,5278],"class_list":{"0":"post-22486","1":"post","2":"type-post","3":"status-publish","4":"format-standard","5":"has-post-thumbnail","7":"category-lyon","8":"tag-actu","9":"tag-actualites","10":"tag-ainay","11":"tag-auvergne-rhone-alpes","12":"tag-bellecombe","13":"tag-bellecour","14":"tag-champvert-nord","15":"tag-champvert-sud","16":"tag-clos-jouve","17":"tag-eu","18":"tag-europe","19":"tag-fourviere","20":"tag-fr","21":"tag-france","22":"tag-gerland","23":"tag-gorge-de-loup","24":"tag-iran","25":"tag-jean-mace","26":"tag-la-buire","27":"tag-la-confluence","28":"tag-la-duchere","29":"tag-la-guillotiere-nord-prefecture","30":"tag-la-guillotiere-sud","31":"tag-la-mouche","32":"tag-la-part-dieu","33":"tag-la-tete-dor","34":"tag-la-villette","35":"tag-laennec","36":"tag-le-bachut","37":"tag-le-grand-trou","38":"tag-le-moulin-a-vent","39":"tag-le-plateau-de-la-croix-rousse","40":"tag-le-point-du-jour","41":"tag-les-brotteaux","42":"tag-les-chartreux","43":"tag-les-cordeliers","44":"tag-les-pentes-de-la-croix-rousse","45":"tag-les-terreaux","46":"tag-les-traboules","47":"tag-lyon","48":"tag-menival","49":"tag-mermoz","50":"tag-moncey","51":"tag-monplaisir","52":"tag-montchat","53":"tag-news","54":"tag-olympique-lyonnais","55":"tag-perrache","56":"tag-republique-francaise","57":"tag-rhone-alpes","58":"tag-rochecardon-industrie","59":"tag-saint-georges","60":"tag-saint-irenee","61":"tag-saint-jean","62":"tag-saint-just","63":"tag-saint-paul","64":"tag-saint-rambert-lile-barbe","65":"tag-sans-souci-dauphine","66":"tag-serin-saint-charles","67":"tag-terrorisme","68":"tag-vaise","69":"tag-vieux-lyon","70":"tag-voltaire"},"share_on_mastodon":{"url":"","error":"Validation failed: Text character limit of 500 exceeded"},"_links":{"self":[{"href":"https:\/\/www.europesays.com\/fr\/wp-json\/wp\/v2\/posts\/22486","targetHints":{"allow":["GET"]}}],"collection":[{"href":"https:\/\/www.europesays.com\/fr\/wp-json\/wp\/v2\/posts"}],"about":[{"href":"https:\/\/www.europesays.com\/fr\/wp-json\/wp\/v2\/types\/post"}],"author":[{"embeddable":true,"href":"https:\/\/www.europesays.com\/fr\/wp-json\/wp\/v2\/users\/2"}],"replies":[{"embeddable":true,"href":"https:\/\/www.europesays.com\/fr\/wp-json\/wp\/v2\/comments?post=22486"}],"version-history":[{"count":0,"href":"https:\/\/www.europesays.com\/fr\/wp-json\/wp\/v2\/posts\/22486\/revisions"}],"wp:featuredmedia":[{"embeddable":true,"href":"https:\/\/www.europesays.com\/fr\/wp-json\/wp\/v2\/media\/22487"}],"wp:attachment":[{"href":"https:\/\/www.europesays.com\/fr\/wp-json\/wp\/v2\/media?parent=22486"}],"wp:term":[{"taxonomy":"category","embeddable":true,"href":"https:\/\/www.europesays.com\/fr\/wp-json\/wp\/v2\/categories?post=22486"},{"taxonomy":"post_tag","embeddable":true,"href":"https:\/\/www.europesays.com\/fr\/wp-json\/wp\/v2\/tags?post=22486"}],"curies":[{"name":"wp","href":"https:\/\/api.w.org\/{rel}","templated":true}]}}