{"id":224861,"date":"2025-07-04T05:17:12","date_gmt":"2025-07-04T05:17:12","guid":{"rendered":"https:\/\/www.europesays.com\/fr\/224861\/"},"modified":"2025-07-04T05:17:12","modified_gmt":"2025-07-04T05:17:12","slug":"ou-voir-passer-les-coureurs-dans-la-metropole-de-lille-samedi","status":"publish","type":"post","link":"https:\/\/www.europesays.com\/fr\/224861\/","title":{"rendered":"o\u00f9 voir passer les coureurs dans la m\u00e9tropole de Lille samedi\u00a0?"},"content":{"rendered":"<p>            Par<br \/>\n        <strong><br \/>\n            <a href=\"https:\/\/actu.fr\/auteur\/nicolas-demollien\" title=\"Consulter tous les articles de Nicolas Demollien\" rel=\"nofollow noopener\" target=\"_blank\">Nicolas Demollien<\/a><br \/>\n        <\/strong><\/p>\n<p>        Publi\u00e9 le<\/p>\n<p>            4 juil. 2025 \u00e0 6h34        <\/p>\n<p>Vous comptez bien profiter du passage des <b>coureurs<\/b> et de la <b>caravane<\/b> du <a href=\"https:\/\/actu.fr\/tag\/tour-de-france\" rel=\"nofollow noopener\" target=\"_blank\">Tour de France<\/a> ce <b>samedi 5 juillet 2025<\/b> ? La <b>premi\u00e8re \u00e9tape de la Grande Boucle<\/b> 2025 reliera en effet <a href=\"https:\/\/actu.fr\/hauts-de-france\/lille_59350\" rel=\"nofollow noopener\" target=\"_blank\">Lille<\/a> \u00e0\u2026 Lille (Nord) ! Avec de <b>nombreux passages dans la m\u00e9tropole lilloise<\/b> pour profiter de l\u2019\u00e9v\u00e9nement. <b>Voici o\u00f9 il faudra se rendre <\/b>pour ne rien rater.<\/p>\n<p>Les rues de Lille emprunt\u00e9es par les coureurs<\/p>\n<p class=\" wall-content\">Le d\u00e9part (fictif) de cette <b>\u00e9tape de 185 km<\/b> est fix\u00e9 \u00e0 13h05 all\u00e9e des Marronniers, \u00e0 l\u2019<b>Esplanade<\/b> de Lille. Les coureurs emprunteront ensuite les axes suivants\u2009:<\/p>\n<ul class=\" wall-content\">\n<li>les squares du Ramponneau et Daubenton,<\/li>\n<li>le boulevard de la Libert\u00e9 sur toute sa longueur,<\/li>\n<li>le boulevard Denis Papin,<\/li>\n<li>la place Simon Vollant (pour longer la Porte de Paris),<\/li>\n<li>la rue Pierre Mauroy,<\/li>\n<li>l\u2019avenue du Pr\u00e9sident Kennedy,<\/li>\n<li>le boulevard Dubuisson et le d\u00e9but de l\u2019avenue Hoover,<\/li>\n<li>le boulevard Louis XIV,<\/li>\n<li>le boulevard Jean-Baptiste Lebas,<\/li>\n<li>la rue de la Bascule,<\/li>\n<li>la rue de Douai,<\/li>\n<li>la rue Armand Carrel,<\/li>\n<li>le d\u00e9but de la rue du Faubourg de Douai,<\/li>\n<li>la rue Ab\u00e9lard,<\/li>\n<li>la rue du Faubourg d\u2019Arras,<\/li>\n<li>la rue Wagner,<\/li>\n<li>la rue de Cannes,<\/li>\n<li>et enfin, la rue du Faubourg des Postes.<\/li>\n<\/ul>\n<p>Quelles villes de la m\u00e9tropole avant le retour \u00e0 Lille ?<\/p>\n<p class=\" wall-content\">En dehors de Lille, vous pourrez profiter de la grande f\u00eate cycliste dans les communes de l\u2019agglom\u00e9ration lilloise suivante par ordre de passage :\u00a0<\/p>\n<p>Vid\u00e9os : en ce moment sur Actu<\/p>\n<ul class=\" wall-content\">\n<li>Faches-Thumesnil,<\/li>\n<li>Loos,<\/li>\n<li>Wattignies,<\/li>\n<li>Noyelles-l\u00e8s-Seclin,<\/li>\n<li>Seclin.<\/li>\n<\/ul>\n<p class=\" wall-content\">Le Tour prendre ensuite la direction de Camphin-en-Carembault puis <a href=\"https:\/\/actu.fr\/loisirs-culture\/le-tour-de-france-2025-passe-par-le-pas-de-calais-ce-samedi-voici-ou-voir-les-coureurs_62851535.html\" rel=\"nofollow noopener\" target=\"_blank\">basculera dans le Pas-de-Calais<\/a>. Retour ensuite dans le Nord dans les secteurs d\u2019Hazebrouck, Cassel ou encore Bailleul et Nieppe.<\/p>\n<p class=\" wall-content\">Le retour dans la m\u00e9tropole de Lille se fera aux alentours de 17h avec un passage des coureurs dans les communes de :<\/p>\n<ul class=\" wall-content\">\n<li>Armenti\u00e8res,<\/li>\n<li>La Chapelle-D\u2019armenti\u00e8res,<\/li>\n<li>Houplines,<\/li>\n<li>Frelinghien,<\/li>\n<li>Verlinghem,<\/li>\n<li>Lompret,<\/li>\n<li>P\u00e9renchies,<\/li>\n<li>Lomme,<\/li>\n<li>Lambersart.<\/li>\n<\/ul>\n<p class=\" wall-content\">L\u2019arriv\u00e9e \u00e0 Lille est pr\u00e9vue aux alentours de 17h30. Les coureurs emprunteront alors les rues suivantes :\u00a0<\/p>\n<ul class=\" wall-content\">\n<li>avenue L\u00e9on Jouhaux,<\/li>\n<li>boulevard de la Lorraine,<\/li>\n<li>place Leroux de Fauquemont,<\/li>\n<li>rue de Turenne,<\/li>\n<li>place Cormontaigne,<\/li>\n<li>boulevard Bigo Danel,<\/li>\n<li>place du Mar\u00e9chal Leclerc,<\/li>\n<li>boulevard Vauban.<\/li>\n<\/ul>\n<p class=\" wall-content\">L\u2019arriv\u00e9e sera jug\u00e9e devant le Jardin Vauban, \u00e0 l\u2019entr\u00e9e du site de la citadelle.<\/p>\n<p class=\" wall-content\">Retrouvez tous les d\u00e9tails de cette premi\u00e8re \u00e9tape sur le site <a href=\"https:\/\/www.letour.fr\/fr\/etape-1\" rel=\"nofollow noopener\" target=\"_blank\">letour.fr<\/a><\/p>\n<p class=\" wall-content\">Suivez toute l\u2019actualit\u00e9 de vos villes et m\u00e9dias favoris en vous inscrivant \u00e0 <a href=\"https:\/\/moncompte.actu.fr\" title=\"D\u00e9couvez Mon Actu\" rel=\"nofollow noopener\" data-trk=\"{&quot;cta&quot;:{&quot;action&quot;:&quot;https:\\\/\\\/moncompte.actu.fr&quot;,&quot;category&quot;:&quot;mon compte&quot;,&quot;from&quot;:&quot;article footer&quot;,&quot;name&quot;:&quot;Mon actu&quot;,&quot;type&quot;:&quot;cta&quot;}}\" target=\"_blank\">Mon Actu<\/a>.<\/p>\n<ul class=\"ac-article-tag wall-content\">\n<li><a href=\"https:\/\/actu.fr\/tag\/tour-de-france\" data-trk=\"{&quot;cta&quot;:{&quot;action&quot;:&quot;Tour de France&quot;,&quot;category&quot;:&quot;tag&quot;,&quot;from&quot;:&quot;article footer&quot;,&quot;name&quot;:&quot;Tour de France&quot;,&quot;type&quot;:&quot;cta&quot;}}\" rel=\"nofollow noopener\" target=\"_blank\">#Tour de France<\/a><\/li>\n<li><a href=\"https:\/\/actu.fr\/tag\/tour-de-france-2025\" data-trk=\"{&quot;cta&quot;:{&quot;action&quot;:&quot;Tour de France 2025&quot;,&quot;category&quot;:&quot;tag&quot;,&quot;from&quot;:&quot;article footer&quot;,&quot;name&quot;:&quot;Tour de France 2025&quot;,&quot;type&quot;:&quot;cta&quot;}}\" rel=\"nofollow noopener\" target=\"_blank\">#Tour de France 2025<\/a><\/li>\n<\/ul>\n","protected":false},"excerpt":{"rendered":"Par Nicolas Demollien Publi\u00e9 le 4 juil. 2025 \u00e0 6h34 Vous comptez bien profiter du passage des coureurs&hellip;\n","protected":false},"author":2,"featured_media":224862,"comment_status":"","ping_status":"","sticky":false,"template":"","format":"standard","meta":{"footnotes":""},"categories":[2815],"tags":[1111,11,1777,674,1011,27,811,1307,12,25,104,210,2116],"class_list":{"0":"post-224861","1":"post","2":"type-post","3":"status-publish","4":"format-standard","5":"has-post-thumbnail","7":"category-lille","8":"tag-actu","9":"tag-actualites","10":"tag-eu","11":"tag-europe","12":"tag-fr","13":"tag-france","14":"tag-hauts-de-france","15":"tag-lille","16":"tag-news","17":"tag-republique-francaise","18":"tag-societe","19":"tag-tour-de-france","20":"tag-tour-de-france-2025"},"share_on_mastodon":{"url":"https:\/\/pubeurope.com\/@fr\/114793273299968683","error":""},"_links":{"self":[{"href":"https:\/\/www.europesays.com\/fr\/wp-json\/wp\/v2\/posts\/224861","targetHints":{"allow":["GET"]}}],"collection":[{"href":"https:\/\/www.europesays.com\/fr\/wp-json\/wp\/v2\/posts"}],"about":[{"href":"https:\/\/www.europesays.com\/fr\/wp-json\/wp\/v2\/types\/post"}],"author":[{"embeddable":true,"href":"https:\/\/www.europesays.com\/fr\/wp-json\/wp\/v2\/users\/2"}],"replies":[{"embeddable":true,"href":"https:\/\/www.europesays.com\/fr\/wp-json\/wp\/v2\/comments?post=224861"}],"version-history":[{"count":0,"href":"https:\/\/www.europesays.com\/fr\/wp-json\/wp\/v2\/posts\/224861\/revisions"}],"wp:featuredmedia":[{"embeddable":true,"href":"https:\/\/www.europesays.com\/fr\/wp-json\/wp\/v2\/media\/224862"}],"wp:attachment":[{"href":"https:\/\/www.europesays.com\/fr\/wp-json\/wp\/v2\/media?parent=224861"}],"wp:term":[{"taxonomy":"category","embeddable":true,"href":"https:\/\/www.europesays.com\/fr\/wp-json\/wp\/v2\/categories?post=224861"},{"taxonomy":"post_tag","embeddable":true,"href":"https:\/\/www.europesays.com\/fr\/wp-json\/wp\/v2\/tags?post=224861"}],"curies":[{"name":"wp","href":"https:\/\/api.w.org\/{rel}","templated":true}]}}