{"id":224881,"date":"2025-07-04T05:28:17","date_gmt":"2025-07-04T05:28:17","guid":{"rendered":"https:\/\/www.europesays.com\/fr\/224881\/"},"modified":"2025-07-04T05:28:17","modified_gmt":"2025-07-04T05:28:17","slug":"revelation-explosive-en-russie-vladimir-poutine-aurait-deux-fils-caches-eleves-dans-le-plus-grand-secret-et-loin-de-toute-vie-publique","status":"publish","type":"post","link":"https:\/\/www.europesays.com\/fr\/224881\/","title":{"rendered":"R\u00e9v\u00e9lation explosive en Russie : Vladimir Poutine aurait deux fils cach\u00e9s, \u00e9lev\u00e9s dans le plus grand secret et loin de toute vie publique"},"content":{"rendered":"<tr>\n<td><strong>EN BREF<\/strong><\/td>\n<\/tr>\n<tr>\n<td>\n<ul>\n<li>\ud83d\udd0d <strong>Enqu\u00eate r\u00e9v\u00e9latrice<\/strong> : Dossier Center r\u00e9v\u00e8le l\u2019existence potentielle de deux fils cach\u00e9s de Vladimir Poutine, Ivan et Vladimir Junior.<\/li>\n<li>\ud83d\udc68\u200d\ud83d\udc69\u200d\ud83d\udc67\u200d\ud83d\udc66 <strong>Famille secr\u00e8te<\/strong> : Les enfants vivraient isol\u00e9s dans une propri\u00e9t\u00e9 luxueuse du parc national de Valda\u00ef, \u00e9loign\u00e9s des regards et influences ext\u00e9rieures.<\/li>\n<li>\ud83d\udcda <strong>\u00c9ducation surveill\u00e9e<\/strong> : Des annonces de recrutement pour des professeurs d\u2019anglais soulignent l\u2019importance d\u2019un enseignement contr\u00f4l\u00e9 pour ces enfants.<\/li>\n<li>\ud83c\udf0d <strong>Implications g\u00e9opolitiques<\/strong> : Ces r\u00e9v\u00e9lations pourraient influencer la perception internationale de la Russie et avoir des r\u00e9percussions sur la sc\u00e8ne mondiale.<\/li>\n<\/ul>\n<\/td>\n<\/tr>\n<p>Dans la sph\u00e8re politique mondiale, rares sont les figures aussi \u00e9nigmatiques que Vladimir Poutine. Alors que son statut de chef d\u2019\u00c9tat est solidement ancr\u00e9 depuis des d\u00e9cennies, des zones d\u2019ombre subsistent concernant sa vie personnelle. Parmi ces myst\u00e8res, la question de ses enfants a toujours aliment\u00e9 les d\u00e9bats. Officiellement, le pr\u00e9sident russe est le p\u00e8re de deux filles. Cependant, une enqu\u00eate r\u00e9cente men\u00e9e par Dossier Center r\u00e9v\u00e8le l\u2019existence de deux fils cach\u00e9s, Ivan et Vladimir Junior, ajoutant une nouvelle dimension intrigante \u00e0 l\u2019histoire familiale de Poutine. Ces r\u00e9v\u00e9lations soul\u00e8vent des questions sur la vie priv\u00e9e du dirigeant et les implications politiques potentielles.<\/p>\n<p>Les filles de Vladimir Poutine<\/p>\n<p>Jusqu\u2019\u00e0 r\u00e9cemment, les seules descendantes officiellement reconnues de Vladimir Poutine \u00e9taient ses filles issues de son mariage avec Lioudmila Alexandrovna Otcheretna\u00efa. <strong>Maria Vorontsova<\/strong>, l\u2019a\u00een\u00e9e, n\u00e9e en 1985, a suivi une carri\u00e8re dans le domaine m\u00e9dical. En tant que sp\u00e9cialiste en endocrinologie, elle a int\u00e9gr\u00e9 Nomeko, une entreprise m\u00e9dicale russe, en 2019. Son implication dans des programmes financ\u00e9s par l\u2019\u00c9tat, supervis\u00e9s par Poutine lui-m\u00eame, lui a valu d\u2019\u00eatre sanctionn\u00e9e par plusieurs pays occidentaux apr\u00e8s l\u2019invasion de l\u2019Ukraine par la Russie.<\/p>\n<p>Sa s\u0153ur, <strong>Katerina Tikhonova<\/strong>, n\u00e9e en 1986, est \u00e9galement sous le coup de sanctions depuis 2022. Elle dirige une entreprise technologique qui soutient le gouvernement russe et l\u2019industrie de la d\u00e9fense. En juillet 2022, elle a \u00e9t\u00e9 nomm\u00e9e copr\u00e9sidente du conseil de coordination pour la substitution des importations de l\u2019Union russe des industriels et des entrepreneurs. Ces deux femmes, bien que discr\u00e8tes, sont des figures influentes dans le paysage russe, renfor\u00e7ant l\u2019id\u00e9e que la famille Poutine est \u00e9troitement li\u00e9e aux dynamiques \u00e9conomiques et politiques du pays.<\/p>\n<blockquote class=\"wp-embedded-content\" data-secret=\"OYTv4cJYWt\">\n<p><a href=\"https:\/\/www.lejournaleconomique.com\/2024\/11\/20\/depuis-samedi-lautriche-na-plus-droit-au-gaz-russe\/\" target=\"_blank\" rel=\"noopener\">Depuis samedi, l\u2019Autriche n\u2019a plus droit au gaz russe<\/a><\/p>\n<\/blockquote>\n<p>Les fils cach\u00e9s et leur naissance myst\u00e9rieuse<\/p>\n<p>En d\u00e9pit de la discr\u00e9tion affich\u00e9e par Vladimir Poutine concernant sa vie priv\u00e9e, des rumeurs persistantes sugg\u00e8rent l\u2019existence de fils cach\u00e9s issus de sa liaison avec Alina Kabaeva, une ancienne championne de gymnastique rythmique devenue d\u00e9put\u00e9e. Leur relation, suppos\u00e9ment entam\u00e9e en 2008, est rest\u00e9e dans l\u2019ombre, mais elle a donn\u00e9 naissance \u00e0 deux fils, Ivan et Vladimir Junior, selon l\u2019enqu\u00eate de Dossier Center. Ivan serait n\u00e9 en Suisse, dans la clinique Sant\u2019Anna \u00e0 Lugano, tandis que son fr\u00e8re aurait vu le jour \u00e0 Moscou en 2019.<\/p>\n<p>Cette famille cach\u00e9e, si elle est av\u00e9r\u00e9e, soul\u00e8ve de nombreuses questions sur le contr\u00f4le que Poutine exerce non seulement sur la Russie, mais aussi sur sa propre narration publique. L\u2019investigation souligne \u00e9galement la naissance suppos\u00e9e de jumelles en Suisse, ajoutant une complexit\u00e9 suppl\u00e9mentaire \u00e0 ce tableau familial d\u00e9j\u00e0 bien myst\u00e9rieux. Ces r\u00e9v\u00e9lations, bien que non confirm\u00e9es officiellement, offrent un aper\u00e7u fascinant des strat\u00e9gies de pouvoir et de confidentialit\u00e9 employ\u00e9es par le dirigeant russe.<\/p>\n<blockquote class=\"wp-embedded-content\" data-secret=\"e10WhG0FHH\">\n<p><a href=\"https:\/\/www.lejournaleconomique.com\/2025\/02\/19\/gel-des-avoirs-russes-au-nom-du-droit-de-la-justice-et-des-interets\/\" target=\"_blank\" rel=\"noopener\">Gel des avoirs russes : au nom du droit, de la justice et des int\u00e9r\u00eats<\/a><\/p>\n<\/blockquote>\n<p>Un quotidien isol\u00e9 dans le parc national de Valda\u00ef<\/p>\n<p>Les fils suppos\u00e9s de Vladimir Poutine, Ivan et Vladimir Junior, vivraient une existence recluse au sein d\u2019une luxueuse propri\u00e9t\u00e9 situ\u00e9e dans le parc national de Valda\u00ef, dans la r\u00e9gion de Novgorod. Ce cadre isol\u00e9 les \u00e9loigne des regards indiscrets et des influences ext\u00e9rieures. <strong>Leur \u00e9ducation semble \u00eatre \u00e9galement soigneusement contr\u00f4l\u00e9e<\/strong>, avec des annonces de recrutement pour des professeurs d\u2019anglais publi\u00e9es sur des plateformes sp\u00e9cialis\u00e9es.<\/p>\n<p>Ces annonces r\u00e9v\u00e8lent que les professeurs doivent \u00eatre pr\u00eats \u00e0 enseigner plusieurs mati\u00e8res et \u00e0 accompagner les enfants lors de voyages. Une r\u00e9mun\u00e9ration attractive de 7 700 euros par mois est propos\u00e9e, avec une pr\u00e9f\u00e9rence pour les enseignants sud-africains, jug\u00e9s \u00ab\u00a0amis\u00a0\u00bb de la Russie. Cette situation met en lumi\u00e8re l\u2019importance accord\u00e9e \u00e0 l\u2019\u00e9ducation de ces enfants et les pr\u00e9cautions prises pour maintenir leur anonymat. La rotation fr\u00e9quente du personnel, due \u00e0 des exigences strictes, confirme le niveau de confidentialit\u00e9 entourant leur existence.<\/p>\n<blockquote class=\"wp-embedded-content\" data-secret=\"5czuqGTzUo\">\n<p><a href=\"https:\/\/www.lejournaleconomique.com\/2025\/03\/12\/defense-comment-se-rearmer-sans-degrader-le-deficit-public\/\" target=\"_blank\" rel=\"noopener\">D\u00e9fense : comment se r\u00e9armer sans d\u00e9grader le d\u00e9ficit public ?<\/a><\/p>\n<\/blockquote>\n<p>Les implications g\u00e9opolitiques de ces r\u00e9v\u00e9lations<\/p>\n<p>L\u2019existence potentielle de fils cach\u00e9s de Vladimir Poutine ne se limite pas \u00e0 des implications familiales ; elle pourrait avoir des r\u00e9percussions g\u00e9opolitiques. En effet, ces enfants repr\u00e9sentent une extension de l\u2019influence personnelle du pr\u00e9sident russe au-del\u00e0 de ses fonctions officielles. La gestion de cette situation d\u00e9licate pourrait influencer les perceptions internationales de la Russie et de son dirigeant.<\/p>\n<p>Les relations de Poutine avec ses enfants, existants ou suppos\u00e9s, pourraient \u00e9galement impacter sa prise de d\u00e9cision politique, notamment dans le contexte de ses relations personnelles avec Alina Kabaeva et d\u2019autres figures influentes. Ces r\u00e9v\u00e9lations suscitent des questions sur l\u2019avenir politique de la Russie et sur la mani\u00e8re dont ces dynamiques internes pourraient se r\u00e9percuter sur la sc\u00e8ne internationale. En d\u00e9finitive, elles ajoutent une couche suppl\u00e9mentaire de complexit\u00e9 \u00e0 la compr\u00e9hension du pouvoir en Russie.<\/p>\n<p>Les r\u00e9v\u00e9lations concernant les enfants cach\u00e9s de Vladimir Poutine soul\u00e8vent de nombreuses questions sur l\u2019avenir de la Russie et la vie personnelle de son pr\u00e9sident. Alors que le monde s\u2019interroge sur la v\u00e9racit\u00e9 de ces informations et sur leurs implications, une question persiste : comment ces dynamiques familiales secr\u00e8tes pourraient-elles influencer l\u2019avenir politique de la Russie et son r\u00f4le sur la sc\u00e8ne internationale ?<\/p>\n<p>L\u2019auteur s\u2019est appuy\u00e9 sur l\u2019intelligence artificielle pour enrichir cet article.<\/p>\n<p id=\"rating\">\u00c7a vous a plu ?\u00a04.5\/5 (30)<\/p>\n","protected":false},"excerpt":{"rendered":"EN BREF \ud83d\udd0d Enqu\u00eate r\u00e9v\u00e9latrice : Dossier Center r\u00e9v\u00e8le l\u2019existence potentielle de deux fils cach\u00e9s de Vladimir Poutine,&hellip;\n","protected":false},"author":2,"featured_media":224882,"comment_status":"","ping_status":"","sticky":false,"template":"","format":"standard","meta":{"footnotes":""},"categories":[1591],"tags":[11,36378,1887,12,2405,1885,1886,132],"class_list":{"0":"post-224881","1":"post","2":"type-post","3":"status-publish","4":"format-standard","5":"has-post-thumbnail","7":"category-russie","8":"tag-actualites","9":"tag-enfants-caches","10":"tag-federation-de-russie","11":"tag-news","12":"tag-poutine","13":"tag-russia","14":"tag-russian-federation","15":"tag-russie"},"share_on_mastodon":{"url":"https:\/\/pubeurope.com\/@fr\/114793316560593375","error":""},"_links":{"self":[{"href":"https:\/\/www.europesays.com\/fr\/wp-json\/wp\/v2\/posts\/224881","targetHints":{"allow":["GET"]}}],"collection":[{"href":"https:\/\/www.europesays.com\/fr\/wp-json\/wp\/v2\/posts"}],"about":[{"href":"https:\/\/www.europesays.com\/fr\/wp-json\/wp\/v2\/types\/post"}],"author":[{"embeddable":true,"href":"https:\/\/www.europesays.com\/fr\/wp-json\/wp\/v2\/users\/2"}],"replies":[{"embeddable":true,"href":"https:\/\/www.europesays.com\/fr\/wp-json\/wp\/v2\/comments?post=224881"}],"version-history":[{"count":0,"href":"https:\/\/www.europesays.com\/fr\/wp-json\/wp\/v2\/posts\/224881\/revisions"}],"wp:featuredmedia":[{"embeddable":true,"href":"https:\/\/www.europesays.com\/fr\/wp-json\/wp\/v2\/media\/224882"}],"wp:attachment":[{"href":"https:\/\/www.europesays.com\/fr\/wp-json\/wp\/v2\/media?parent=224881"}],"wp:term":[{"taxonomy":"category","embeddable":true,"href":"https:\/\/www.europesays.com\/fr\/wp-json\/wp\/v2\/categories?post=224881"},{"taxonomy":"post_tag","embeddable":true,"href":"https:\/\/www.europesays.com\/fr\/wp-json\/wp\/v2\/tags?post=224881"}],"curies":[{"name":"wp","href":"https:\/\/api.w.org\/{rel}","templated":true}]}}