{"id":224887,"date":"2025-07-04T05:31:11","date_gmt":"2025-07-04T05:31:11","guid":{"rendered":"https:\/\/www.europesays.com\/fr\/224887\/"},"modified":"2025-07-04T05:31:11","modified_gmt":"2025-07-04T05:31:11","slug":"royaume-uni-rachel-reeves-va-annoncer-un-examen-des-contributions-aux-retraites-professionnelles","status":"publish","type":"post","link":"https:\/\/www.europesays.com\/fr\/224887\/","title":{"rendered":"Royaume-Uni : Rachel Reeves va annoncer un examen des contributions aux retraites professionnelles"},"content":{"rendered":"<p>La ministre britannique des Finances, Rachel Reeves, devrait annoncer une refonte du syst\u00e8me de retraite britannique lors de son discours \u00e0 Mansion House le 15 juillet, incluant des projets visant \u00e0 examiner le montant que les entreprises et leurs salari\u00e9s r\u00e9servent pour la retraite, rapporte le Financial Times vendredi.<\/p>\n<p>\nSelon le quotidien, Reeves pr\u00e9voit d&rsquo;\u00e9tablir une commission charg\u00e9e de mener un examen attendu de longue date sur la suffisance des retraites. Cette commission \u00e9tudiera les taux d&rsquo;adh\u00e9sion automatique, le niveau de la pension d&rsquo;\u00c9tat ainsi que l&rsquo;\u00e9pargne retraite des travailleurs ind\u00e9pendants, citant des dirigeants au fait de ses projets.<\/p>\n<p>\nLe Tr\u00e9sor n&rsquo;a pas imm\u00e9diatement r\u00e9pondu \u00e0 une demande de commentaire formul\u00e9e par Reuters.<\/p>\n<p>\nEn juillet de l&rsquo;ann\u00e9e derni\u00e8re, le gouvernement britannique avait lanc\u00e9 une revue du syst\u00e8me de retraite afin d&rsquo;examiner les moyens de diriger davantage d&rsquo;investissements vers des actifs productifs, dans le but de stimuler la croissance \u00e9conomique et d&rsquo;am\u00e9liorer les revenus des retrait\u00e9s.<\/p>\n","protected":false},"excerpt":{"rendered":"La ministre britannique des Finances, Rachel Reeves, devrait annoncer une refonte du syst\u00e8me de retraite britannique lors de&hellip;\n","protected":false},"author":2,"featured_media":224888,"comment_status":"","ping_status":"","sticky":false,"template":"","format":"standard","meta":{"footnotes":""},"categories":[1588],"tags":[11,340,1777,674,12,473,1853,1851,1850,1852],"class_list":{"0":"post-224887","1":"post","2":"type-post","3":"status-publish","4":"format-standard","5":"has-post-thumbnail","7":"category-royaume-uni","8":"tag-actualites","9":"tag-bourse","10":"tag-eu","11":"tag-europe","12":"tag-news","13":"tag-royaume-uni","14":"tag-royaume-uni-de-grande-bretagne-et-dirlande-du-nord","15":"tag-uk","16":"tag-united-kingdom","17":"tag-united-kingdom-of-great-britain-and-northern-ireland"},"share_on_mastodon":{"url":"https:\/\/pubeurope.com\/@fr\/114793328556570832","error":""},"_links":{"self":[{"href":"https:\/\/www.europesays.com\/fr\/wp-json\/wp\/v2\/posts\/224887","targetHints":{"allow":["GET"]}}],"collection":[{"href":"https:\/\/www.europesays.com\/fr\/wp-json\/wp\/v2\/posts"}],"about":[{"href":"https:\/\/www.europesays.com\/fr\/wp-json\/wp\/v2\/types\/post"}],"author":[{"embeddable":true,"href":"https:\/\/www.europesays.com\/fr\/wp-json\/wp\/v2\/users\/2"}],"replies":[{"embeddable":true,"href":"https:\/\/www.europesays.com\/fr\/wp-json\/wp\/v2\/comments?post=224887"}],"version-history":[{"count":0,"href":"https:\/\/www.europesays.com\/fr\/wp-json\/wp\/v2\/posts\/224887\/revisions"}],"wp:featuredmedia":[{"embeddable":true,"href":"https:\/\/www.europesays.com\/fr\/wp-json\/wp\/v2\/media\/224888"}],"wp:attachment":[{"href":"https:\/\/www.europesays.com\/fr\/wp-json\/wp\/v2\/media?parent=224887"}],"wp:term":[{"taxonomy":"category","embeddable":true,"href":"https:\/\/www.europesays.com\/fr\/wp-json\/wp\/v2\/categories?post=224887"},{"taxonomy":"post_tag","embeddable":true,"href":"https:\/\/www.europesays.com\/fr\/wp-json\/wp\/v2\/tags?post=224887"}],"curies":[{"name":"wp","href":"https:\/\/api.w.org\/{rel}","templated":true}]}}