{"id":224889,"date":"2025-07-04T05:32:15","date_gmt":"2025-07-04T05:32:15","guid":{"rendered":"https:\/\/www.europesays.com\/fr\/224889\/"},"modified":"2025-07-04T05:32:15","modified_gmt":"2025-07-04T05:32:15","slug":"premier-couac-pour-la-coalition-sur-le-prix-de-lelectricite","status":"publish","type":"post","link":"https:\/\/www.europesays.com\/fr\/224889\/","title":{"rendered":"premier couac pour la coalition sur le prix de l&rsquo;\u00e9lectricit\u00e9"},"content":{"rendered":"<p>Allemagne: premier couac pour la coalition sur le prix de l&rsquo;\u00e9lectricit\u00e9Sur le m\u00eame sujet<a href=\"https:\/\/www.bfmtv.com\/economie\/international\/video-allemagne-premier-couac-pour-la-coalition-sur-le-prix-de-l-electricite_VN-202507040143.html\" title=\"Allemagne: premier couac pour la coalition sur le prix de l&#039;\u00e9lectricit\u00e9\" rel=\"nofollow noopener\" target=\"_blank\"><img width=\"16\" height=\"9\" class=\"lozad\"  alt=\"Allemagne: premier couac pour la coalition sur le prix de l'\u00e9lectricit\u00e9\"\/>en lectureAllemagne: premier couac pour la coalition sur le prix de l&rsquo;\u00e9lectricit\u00e9<\/a><a href=\"https:\/\/www.bfmtv.com\/economie\/international\/video-etats-unis-le-congres-adopte-le-budget-de-donald-trump_VN-202507040136.html\" title=\"\u00c9tats-Unis: le Congr\u00e8s adopte le budget de Donald Trump\" rel=\"nofollow noopener\" target=\"_blank\"><img width=\"16\" height=\"9\" class=\"lozad\"  alt=\"\u00c9tats-Unis: le Congr\u00e8s adopte le budget de Donald Trump\"\/>1:08\u00c9tats-Unis: le Congr\u00e8s adopte le budget de Donald Trump<\/a><a href=\"https:\/\/www.bfmtv.com\/economie\/international\/video-le-roquefort-au-c-ur-de-la-guerre-commerciale-et-des-droits-de-douane-americains_VN-202507030156.html\" title=\"Le roquefort au c\u0153ur de la guerre commerciale et des droits de douane am\u00e9ricains\" rel=\"nofollow noopener\" target=\"_blank\"><img width=\"16\" height=\"9\" class=\"lozad\"  alt=\"Le roquefort au c\u0153ur de la guerre commerciale et des droits de douane am\u00e9ricains\"\/>1:19Le roquefort au c\u0153ur de la guerre commerciale et des droits de douane am\u00e9ricains<\/a><a href=\"https:\/\/www.bfmtv.com\/economie\/international\/video-la-commission-europeenne-devoile-ses-nouveaux-objectifs-climatiques-pour-2040_VN-202507030148.html\" title=\"La Commission europ\u00e9enne d\u00e9voile ses nouveaux objectifs climatiques pour 2040\" rel=\"nofollow noopener\" target=\"_blank\"><img width=\"16\" height=\"9\" class=\"lozad\"  alt=\"La Commission europ\u00e9enne d\u00e9voile ses nouveaux objectifs climatiques pour 2040\"\/>2:19La Commission europ\u00e9enne d\u00e9voile ses nouveaux objectifs climatiques pour 2040<\/a><a href=\"https:\/\/www.bfmtv.com\/economie\/international\/video-brics-ce-sont-des-pays-qui-se-font-les-chantres-du-liberalisme-economique-declare-sebastien-abis-chercheur-associe-a-l-iris_VN-202507030141.html\" title=\"BRICS: &quot;Ce sont des pays qui se font les chantres du lib\u00e9ralisme \u00e9conomique&quot;, d\u00e9clare S\u00e9bastien Abis (chercheur associ\u00e9 \u00e0 l&#039;Iris)\" rel=\"nofollow noopener\" target=\"_blank\"><img width=\"16\" height=\"9\" class=\"lozad\"  alt=\"BRICS: &quot;Ce sont des pays qui se font les chantres du lib\u00e9ralisme \u00e9conomique&quot;, d\u00e9clare S\u00e9bastien Abis (chercheur associ\u00e9 \u00e0 l'Iris)\"\/>1:21BRICS: \u00ab\u00a0Ce sont des pays qui se font les chantres du lib\u00e9ralisme \u00e9conomique\u00a0\u00bb, d\u00e9clare S\u00e9bastien Abis (chercheur associ\u00e9 \u00e0 l&rsquo;Iris)<\/a><a href=\"https:\/\/www.bfmtv.com\/economie\/international\/video-le-couple-bresil-inde-dans-les-brics-sur-les-questions-agricoles-est-vraiment-determinant-aujourd-hui-assure-sebastien-abis-chercheur-associe-a-l-iris_VN-202507030138.html\" title=\"&quot;Le couple Br\u00e9sil Inde dans les Brics sur les questions agricoles est vraiment d\u00e9terminant aujourd&#039;hui&quot;, assure S\u00e9bastien Abis (chercheur associ\u00e9 \u00e0 l&#039;Iris)\" rel=\"nofollow noopener\" target=\"_blank\"><img width=\"16\" height=\"9\" class=\"lozad\"  alt=\"&quot;Le couple Br\u00e9sil Inde dans les Brics sur les questions agricoles est vraiment d\u00e9terminant aujourd'hui&quot;, assure S\u00e9bastien Abis (chercheur associ\u00e9 \u00e0 l'Iris)\"\/>1:33&Prime;Le couple Br\u00e9sil Inde dans les Brics sur les questions agricoles est vraiment d\u00e9terminant aujourd&rsquo;hui\u00a0\u00bb, assure S\u00e9bastien Abis (chercheur associ\u00e9 \u00e0 l&rsquo;Iris)<\/a><a href=\"https:\/\/www.bfmtv.com\/economie\/international\/video-chute-de-la-livre-sterling-augmentation-du-cout-des-emprunts-de-l-etat-la-ministre-des-finances-britannique-en-larmes-derriere-le-premier-ministre-keir-starmer-au-parlement_VN-202507030110.html\" title=\"Chute de la livre sterling, augmentation du co\u00fbt des emprunts de l&#039;\u00c9tat... La ministre des Finances britannique en larmes derri\u00e8re le Premier ministre, Keir Starmer, au Parlement\" rel=\"nofollow noopener\" target=\"_blank\"><img width=\"16\" height=\"9\" class=\"lozad\"  alt=\"Chute de la livre sterling, augmentation du co\u00fbt des emprunts de l'\u00c9tat... La ministre des Finances britannique en larmes derri\u00e8re le Premier ministre, Keir Starmer, au Parlement\"\/>3:15Chute de la livre sterling, augmentation du co\u00fbt des emprunts de l&rsquo;\u00c9tat&#8230; La ministre des Finances britannique en larmes derri\u00e8re le Premier ministre, Keir Starmer, au Parlement<\/a><a href=\"https:\/\/www.bfmtv.com\/economie\/replay-emissions\/bfm-patrimoine\/video-le-coach-investir-avec-un-objectif-a-long-terme-02-07_VN-202507020354.html\" title=\"Le coach : Investir avec un objectif \u00e0 long terme - 02\/07\" rel=\"nofollow noopener\" target=\"_blank\"><img width=\"16\" height=\"9\" class=\"lozad\"  alt=\"Le coach : Investir avec un objectif \u00e0 long terme - 02\/07\"\/>9:40Le coach : Investir avec un objectif \u00e0 long terme &#8211; 02\/07<\/a><a href=\"https:\/\/www.bfmtv.com\/economie\/replay-emissions\/les-experts\/video-les-experts-l-euro-au-plus-haut-face-au-dollar-02-07_VN-202507020251.html\" title=\"Les Experts : L&#039;euro au plus haut face au dollar - 02\/07\" rel=\"nofollow noopener\" target=\"_blank\"><img width=\"16\" height=\"9\" class=\"lozad\"  alt=\"Les Experts : L'euro au plus haut face au dollar - 02\/07\"\/>21:26Les Experts : L&rsquo;euro au plus haut face au dollar &#8211; 02\/07<\/a><a href=\"https:\/\/www.bfmtv.com\/economie\/replay-emissions\/le-monde-qui-bouge\/video-le-monde-qui-bouge-l-interview-les-10-ans-du-plan-de-sauvetage-de-la-grece-02-07_VN-202507020146.html\" title=\"Le monde qui bouge - L&#039;Interview : Les 10 ans du plan de sauvetage de la Gr\u00e8ce - 02\/07\" rel=\"nofollow noopener\" target=\"_blank\"><img width=\"16\" height=\"9\" class=\"lozad\"  alt=\"Le monde qui bouge - L'Interview : Les 10 ans du plan de sauvetage de la Gr\u00e8ce - 02\/07\"\/>6:33Le monde qui bouge &#8211; L&rsquo;Interview : Les 10 ans du plan de sauvetage de la Gr\u00e8ce &#8211; 02\/07<\/a><a href=\"https:\/\/www.bfmtv.com\/economie\/replay-emissions\/le-monde-qui-bouge\/video-caroline-loyer-italie-meloni-ouvre-ses-portes-aux-migrants-02-07_VN-202507020121.html\" title=\"Caroline Loyer : Italie, Meloni ouvre ses portes aux migrants - 02\/07\" rel=\"nofollow noopener\" target=\"_blank\"><img width=\"16\" height=\"9\" class=\"lozad\"  alt=\"Caroline Loyer : Italie, Meloni ouvre ses portes aux migrants - 02\/07\"\/>2:57Caroline Loyer : Italie, Meloni ouvre ses portes aux migrants &#8211; 02\/07<\/a><a href=\"https:\/\/www.bfmtv.com\/economie\/replay-emissions\/culture-geek\/video-culture-ia-chine-un-drone-espion-gros-comme-une-moustique-par-anthony-morel-02-07_VN-202507020094.html\" title=\"Culture IA : Chine, un drone espion gros comme une moustique, par Anthony Morel - 02\/07\" rel=\"nofollow noopener\" target=\"_blank\"><img width=\"16\" height=\"9\" class=\"lozad\"  alt=\"Culture IA : Chine, un drone espion gros comme une moustique, par Anthony Morel - 02\/07\"\/>4:00Culture IA : Chine, un drone espion gros comme une moustique, par Anthony Morel &#8211; 02\/07<\/a><a href=\"https:\/\/www.bfmtv.com\/economie\/replay-emissions\/culture-geek\/video-culture-ia-chine-un-drone-espion-gros-comme-une-moustique-par-anthony-morel-02-07_VN-202507020087.html\" title=\"Culture IA : Chine, un drone espion gros comme une moustique, par Anthony Morel - 02\/07\" rel=\"nofollow noopener\" target=\"_blank\"><img width=\"16\" height=\"9\" class=\"lozad\"  alt=\"Culture IA : Chine, un drone espion gros comme une moustique, par Anthony Morel - 02\/07\"\/>4:03Culture IA : Chine, un drone espion gros comme une moustique, par Anthony Morel &#8211; 02\/07<\/a><a href=\"https:\/\/www.bfmtv.com\/economie\/replay-emissions\/bfm-patrimoine\/video-les-marches-et-vous-bourse-quel-bilan-tirer-du-premier-semestre-01-07_VN-202507010346.html\" title=\"Les march\u00e9s et vous : Bourse, quel bilan tirer du premier semestre ? - 01\/07\" rel=\"nofollow noopener\" target=\"_blank\"><img width=\"16\" height=\"9\" class=\"lozad\"  alt=\"Les march\u00e9s et vous : Bourse, quel bilan tirer du premier semestre ? - 01\/07\"\/>12:34Les march\u00e9s et vous : Bourse, quel bilan tirer du premier semestre ? &#8211; 01\/07<\/a><a class=\"jumpToVideo\" target=\"_blank\"><img class=\"thumbnailPreview\"\/><\/a><\/p>\n","protected":false},"excerpt":{"rendered":"Allemagne: premier couac pour la coalition sur le prix de l&rsquo;\u00e9lectricit\u00e9Sur le m\u00eame sujeten lectureAllemagne: premier couac pour&hellip;\n","protected":false},"author":2,"featured_media":224890,"comment_status":"","ping_status":"","sticky":false,"template":"","format":"standard","meta":{"footnotes":""},"categories":[1587],"tags":[11,672,1804,1805,1803,1777,674,1801,12,1802],"class_list":{"0":"post-224889","1":"post","2":"type-post","3":"status-publish","4":"format-standard","5":"has-post-thumbnail","7":"category-allemagne","8":"tag-actualites","9":"tag-allemagne","10":"tag-bundesrepublik-deutschland","11":"tag-de","12":"tag-deutschland","13":"tag-eu","14":"tag-europe","15":"tag-germany","16":"tag-news","17":"tag-republique-federale-dallemagne"},"share_on_mastodon":{"url":"https:\/\/pubeurope.com\/@fr\/114793332318914832","error":""},"_links":{"self":[{"href":"https:\/\/www.europesays.com\/fr\/wp-json\/wp\/v2\/posts\/224889","targetHints":{"allow":["GET"]}}],"collection":[{"href":"https:\/\/www.europesays.com\/fr\/wp-json\/wp\/v2\/posts"}],"about":[{"href":"https:\/\/www.europesays.com\/fr\/wp-json\/wp\/v2\/types\/post"}],"author":[{"embeddable":true,"href":"https:\/\/www.europesays.com\/fr\/wp-json\/wp\/v2\/users\/2"}],"replies":[{"embeddable":true,"href":"https:\/\/www.europesays.com\/fr\/wp-json\/wp\/v2\/comments?post=224889"}],"version-history":[{"count":0,"href":"https:\/\/www.europesays.com\/fr\/wp-json\/wp\/v2\/posts\/224889\/revisions"}],"wp:featuredmedia":[{"embeddable":true,"href":"https:\/\/www.europesays.com\/fr\/wp-json\/wp\/v2\/media\/224890"}],"wp:attachment":[{"href":"https:\/\/www.europesays.com\/fr\/wp-json\/wp\/v2\/media?parent=224889"}],"wp:term":[{"taxonomy":"category","embeddable":true,"href":"https:\/\/www.europesays.com\/fr\/wp-json\/wp\/v2\/categories?post=224889"},{"taxonomy":"post_tag","embeddable":true,"href":"https:\/\/www.europesays.com\/fr\/wp-json\/wp\/v2\/tags?post=224889"}],"curies":[{"name":"wp","href":"https:\/\/api.w.org\/{rel}","templated":true}]}}