{"id":22489,"date":"2025-04-13T15:27:10","date_gmt":"2025-04-13T15:27:10","guid":{"rendered":"https:\/\/www.europesays.com\/fr\/22489\/"},"modified":"2025-04-13T15:27:10","modified_gmt":"2025-04-13T15:27:10","slug":"les-perturbations-attendues-dans-les-transports-a-paris-et-en-ile-de-france-cette-semaine","status":"publish","type":"post","link":"https:\/\/www.europesays.com\/fr\/22489\/","title":{"rendered":"les perturbations attendues dans les transports \u00e0 Paris et en \u00cele-de-France cette semaine"},"content":{"rendered":"<p>            Par<br \/>\n        <strong><br \/>\n            <a href=\"https:\/\/actu.fr\/auteur\/antoine-grotteria02\" title=\"Consulter tous les articles de Antoine Grotteria\" rel=\"nofollow noopener\" target=\"_blank\">Antoine Grotteria<\/a><br \/>\n        <\/strong><\/p>\n<p>        Publi\u00e9 le<\/p>\n<p>            13 avr. 2025 \u00e0 17h00        <\/p>\n<p>Des travaux et des perturbations. Pour la premi\u00e8re semaine des <strong>vacances de P\u00e2ques<\/strong>, le trafic va \u00eatre perturb\u00e9 dans les <strong>transports \u00e0 Paris et en \u00cele-de-France<\/strong>. Du lundi\u00a014 au dimanche 20\u00a0avril 2025, plusieurs lignes de la <a href=\"https:\/\/actu.fr\/tag\/ratp\" rel=\"nofollow noopener\" target=\"_blank\">RATP<\/a> et de la <a href=\"https:\/\/actu.fr\/tag\/sncf\" rel=\"nofollow noopener\" target=\"_blank\">SNCF<\/a>, du <a href=\"https:\/\/actu.fr\/tag\/metro\" rel=\"nofollow noopener\" target=\"_blank\">m\u00e9tro<\/a> au RER en passant par le Transilien et le tramway, seront affect\u00e9es. Actu Paris fait le point.<\/p>\n<p class=\" wall-content\"><strong>M\u00e9tro<\/strong><\/p>\n<ul class=\" wall-content\">\n<li><strong>Ligne 5\u2009:<\/strong> Du mardi 15\u00a0avril au dimanche 20\u00a0avril, le trafic sera interrompu entre Bastille et Place d\u2019Italie en raison de travaux. Des bus de remplacement sont mis en place.<\/li>\n<li><strong>Ligne 10\u2009:<\/strong> du lundi\u00a014 au jeudi 17\u00a0avril \u00e0 partir de 22\u00a0heures, le trafic est interrompu sur l\u2019ensemble de la ligne en raison de travaux. Bus de remplacement mis en place.<\/li>\n<li><strong>Ligne 12\u2009:<\/strong> du samedi 19\u00a0avril au dimanche 20\u00a0avril, le trafic sera interrompu entre Montparnasse Bienvenue et Concorde en raison de travaux. Bus de remplacement mis en place.<\/li>\n<li><strong>Ligne 14\u2009:<\/strong> les lundi\u00a014 et mardi 15\u00a0avril, le trafic est interrompu\u00a0\u00e0 partir de 22\u00a0heures entre Maison Blanche et Saint-Denis \u2013 Pleyel en raison de travaux. Bus entre Gare de Lyon et Olympiades. Mercredi 16\u00a0avril, le trafic est interrompu \u00e0 partir de 22\u00a0heures sur toute la ligne. Des bus sont mis en place.<\/li>\n<\/ul>\n<p class=\" wall-content\"><strong>RER<\/strong><\/p>\n<ul class=\" wall-content\">\n<li><strong>RER A\u2009:<\/strong> Du lundi\u00a014 au vendredi 18\u00a0avril, \u00e0 partir de 22h15, le trafic sera interrompu entre Maisons-Laffitte et Cergy \u2013 Le Haut en raison de travaux. Des bus de remplacement sont \u00e0 Sartrouville.<\/li>\n<li><strong>RER B\u2009:<\/strong> du lundi\u00a014 au vendredi 18\u00a0avril, sauf ce vendredi, \u00e0 partir de 22h45, le trafic est interrompu entre Ch\u00e2telet \u2013 Les Halles et Mitry \u2013 Claye\/A\u00e9roport Charles de Gaulle 2 \u2013 TGV en raison de travaux. Du mardi\u00a015 au vendredi 18\u00a0avril \u00e0 partir de 22h45, le trafic est interrompu entre Ch\u00e2telet \u2013 Les Halles \u200b\u200b\u200b\u200b\u200bet Mitry-Claye\/A\u00e9roport Charles de Gaulle 2 \u2013 TGV en raison de travaux. Les samedi\u00a019 et dimanche 20\u00a0avril, le trafic est interrompu entre Aulnay-sous-Bois et A\u00e9roport CDG. L\u2019offre de transport est r\u00e9duite.<\/li>\n<li><strong>RER C\u2009:<\/strong> la gare d\u2019Issy-les-Moulineaux n\u2019est plus desservie jusqu\u2019\u00e0 nouvel ordre. Le samedi\u00a019 et dimanche 20\u00a0avril, le trafic est interrompu entre Massy Palaiseau et Pont de Rungis en raison de travaux. Bus de remplacement. Dimanche 20\u00a0avril, \u00e0 partir de 23h45, le trafic est interrompu entre Paris Austerlitz et Dourdan \/ Saint-Martin d\u2019Etampes en raison de travaux. Du lundi au vendredi 18\u00a0avril \u00e0 partir de 23h30, le trafic est interrompu entre Javel et Saint Quentin en Yvelines en raison de travaux. Du lundi au vendredi 18\u00a0avril \u00e0 partir de 23h30, le trafic est interrompu entre Paris Austerlitz et Dourdan \/ Saint-Martin d\u2019Etampes en raison de travaux. Du lundi au vendredi 18\u00a0avril \u00e0 partir de 23h30, le trafic est interrompu entre Versailles Ch\u00e2teau Rive Gauche et Javel en raison de travaux. Du lundi au vendredi 18\u00a0avril \u00e0 partir de 23h, le trafic est interrompu entre Paris Austerlitz et Juvisy via Choisy le Roi en raison de travaux. Du lundi\u00a014 au vendredi 18\u00a0avril \u00e0 partir de 23h, le trafic est interrompu entre Av Henri Martin et Montigny Beauchamp \/ Pontoise en raison de travaux. Des bus sont mis en place. Le samedi 19\u00a0avril, le trafic sera interrompu entre Juvisy et Dourdan \/ Saint-Martin d\u2019Etampes en raison de travaux. Le samedi 19\u00a0avril et le dimanche 20\u00a0avril, le trafic sera interrompu entre Champs de Mars et Pontoise en raison de travaux. Le dimanche 20\u00a0avril le trafic sera interrompu entre Paris Austerlitz et Dourdan \/ Saint-Martin d\u2019Etampes en raison de travaux. Bus de remplacement.<\/li>\n<li><strong>RER D\u2009:<\/strong> Le trafic est interrompu entre Corbeil-Essonnes et Malesherbes, du lundi\u00a014 au vendredi 18\u00a0avril entre 10h10 et 14h15 en raison de travaux. Un service de bus de remplacement est mis en place. Du lundi\u00a014 au vendredi 18\u00a0avril \u00e0 partir de 23h20, le trafic est interrompu entre Gare du Nord et Creil en raison de travaux. Du lundi au vendredi 18\u00a0avril \u00e0 partir de 23h20, le trafic est interrompu et entre Paris Gare du Nord et Creil \u00e0 partir de 23h35 en raison de travaux. Du lundi\u00a014 au vendredi 18\u00a0avril, d\u00e8s 22h30 jusqu\u2019\u00e0 fin de service, les trains ne marquent pas l\u2019arr\u00eat \u00e0 Maisons-Alfort, Vert de Maisons, Cr\u00e9teil Pompadour et Villeneuve-Triage en raison de travaux. Les samedi\u00a019 et dimanche 20\u00a0avril, le trafic est interrompu entre Paris Gare de Lyon et Paris Gare du Nord. Les trains circulent au d\u00e9part de Paris Gare du Nord surface sur les voies 20 et 21. \u2013 La gare de Stade de France n\u2019est pas desservie, en raison de travaux. Bus de remplacement.<\/li>\n<li><strong>RER E\u2009:<\/strong> du lundi\u00a014 au vendredi 18\u00a0avril \u00e0 partir de 22h45, le trafic est interrompu entre Nanterre-La-Folie et Chelles \u2013 Gournay en raison de travaux. Le samedi\u00a019 et dimanche 20\u00a0avril, \u00e0 partir de 22h45, le trafic est interrompu entre Nanterre-La-Folie et Chelles \u2013 Gournay en raison de travaux.<\/li>\n<\/ul>\n<p class=\" wall-content\"><strong>Transilien<\/strong><\/p>\n<ul class=\" wall-content\">\n<li><strong>Ligne H\u2009:<\/strong> du lundi\u00a014 au vendredi 18\u00a0avril, le trafic est interrompu entre Paris Gare du Nord et Persan \u2013 Beaumont via Montsoult \u2013 Maffliers, Luzarches et Pontoise. Des bus de remplacement sont mis en place avec desserte de gares interm\u00e9diaires. Le samedi\u00a019 et dimanche 20\u00a0avril, le trafic est interrompu entre Paris Nord et Sarcelles \u2013 Saint-Brice en raison de travaux.<\/li>\n<li><strong>Ligne K\u2009:<\/strong> du lundi\u00a014 au dimanche 20\u00a0avril, le trafic est interrompu entre Paris Gare du Nord et Aulnay-sous-Bois. Le dernier train de 18h07 partira de Cr\u00e9py-en-Valois \u00e0 18h35 le dimanche 20\u00a0avril.<\/li>\n<li><strong>Ligne L\u2009:<\/strong> du lundi\u00a014 au vendredi 18\u00a0avril, le trafic est interrompu entre La D\u00e9fense et Versailles Rive Droite \/ Saint-Nom la Bret\u00e8che. Bus de remplacement est mis en place entre La D\u00e9fense et Versailles Rive Droite et La D\u00e9fense\u00a0Saint-Nom la Bret\u00e8che en raison de travaux. Du lundi\u00a014 au vendredi 18\u00a0avril d\u00e8s 22h. Le trafic est interrompu entre B\u00e9con les Bruy\u00e8res et Nanterre Universit\u00e9 \/ Maisons-Laffitte. Un service de bus de remplacement est mis en place entre B\u00e9con les Bruy\u00e8res et Sartrouville.<\/li>\n<li><strong>Ligne N\u2009:<\/strong> du lundi\u00a014 au vendredi 18\u00a0avril, le trafic est interrompu entre Paris Montparnasse et Plaisir \u2013 Grignon en raison de travaux. Un service de bus de remplacement est mis en place, avec desserte des gares interm\u00e9diaires. Du lundi\u00a014 au vendredi 18\u00a0avril, d\u00e8s 21\u00a0heures, le trafic est interrompu entre Paris Montparnasse et Dreux. Du lundi\u00a014 au vendredi 18\u00a0avril, d\u00e8s 22h00, le trafic est interrompu entre Paris Montparnasse et Rambouillet en raison de travaux. Un service de bus de remplacement est mis en place, avec desserte des gares interm\u00e9diaires. Les samedi\u00a019 et dimanche 20\u00a0avril, le trafic est interrompu entre Paris Montparnasse et Rambouillet en raison de travaux. Les samedi\u00a019 et dimanche 20\u00a0avril, le trafic interrompu entre Paris Montparnasse et Versailles Chantiers en raison de travaux. Les samedi\u00a019 et dimanche 20\u00a0avril, le trafic est interrompu entre Paris Montparnasse et Versailles Chantiers en raison de travaux.<\/li>\n<li><strong>Ligne P\u2009:<\/strong> le samedi\u00a019 et le dimanche 20\u00a0avril, le trafic est interrompu entre Gare de l\u2019Est et Meaux en raison de travaux. Le samedi\u00a019 et dimanche 20\u00a0avril, le trafic est interrompu entre Gare de l\u2019Est et Coulommiers en raison de travaux. Le samedi\u00a019 et le dimanche 20\u00a0avril, \u00e0 partir de 22h30, le trafic est interrompu sur l\u2019ensemble de la ligne en raison de travaux. Du lundi\u00a014 au dimanche 18\u00a0avril, d\u00e8s 22h15, le trafic est interrompu entre Gare de l\u2019Est et Coulommiers en raison de travaux. Du lundi\u00a014 au vendredi 18\u00a0avril, \u00e0 partir de 21h4 (, le trafic est interrompu entre Gare de l\u2019Est et Provins en raison de travaux. Du lundi\u00a014\u00a0au vendredi 18\u00a0avril \u00e0 partir de 22h20, le trafic est interrompu entre Gare de l\u2019Est et Meaux en raison de travaux. Le samedi\u00a019 et le dimanche 20\u00a0avril, le trafic sera interrompu \u00e0 partir de 22h50. Du lundi 14\u00a0avril au vendredi 18\u00a0avril \u00e0 partir de 22h, le trafic est interrompu entre Gare de l\u2019Est et Ch\u00e2teau-Thierry en raison de travaux. Du lundi\u00a014 au vendredi 18\u00a0avril \u00e0 partir de 21h45, le trafic est interrompu entre Gare de l\u2019Est et Provins en raison de travaux. Le dimanche 20\u00a0avril jusqu\u2019\u00e0 16h45, le trafic sera interrompu entre Paris-Est et Ch\u00e2teau-Thierry en raison de travaux.<\/li>\n<li><strong>Ligne R\u2009:<\/strong> Jusqu\u2019au vendredi 18\u00a0avril, du lundi au samedi de 10h25 \u00e0 15h30, le trafic est interrompu entre Melun et Montereau via H\u00e9ricy en raison de travaux. Du lundi 14\u00a0avril au vendredi 18\u00a0avril \u00e0 partir de 22h44, le trafic est interrompu entre Melun et Montereau via Moret \u2013 Veneux-les-Sablons, et entre Melun et Montargis en raison de travaux. Du lundi\u00a014 au vendredi 18\u00a0avril, le trafic est interrompu de 10h26 \u00e0 15h30 entre Melun et Montereau via H\u00e9ricy en raison de travaux. Un service de bus de remplacement est mis en place pour assurer vos d\u00e9placements.<\/li>\n<li><strong>Ligne U\u2009:<\/strong> du lundi 14\u00a0avril au vendredi 18\u00a0avril, \u00e0 partir de 22h, le trafic sera interrompu sur l\u2019ensemble de la ligne en raison de travaux.<\/li>\n<li>Ligne V\u2009: le samedi\u00a019 et dimanche 19\u00a0avril, le trafic est interrompu sur l\u2019ensemble de la ligne en raison de travaux.<\/li>\n<\/ul>\n<p class=\" wall-content\"><strong>Tramway<\/strong><\/p>\n<ul class=\" wall-content\">\n<li><strong>T1\u2009:<\/strong> du lundi 14 au dimanche 20 avril, le trafic est interrompu entre Asni\u00e8res \u2013 Quatre Routes et Les Courtilles en raison de travaux de modernisation. Du lundi 14 au dimanche 20 avril, le trafic est interrompu entre Gare de Noisy-le-Sec et Escadrille Normandie-Ni\u00e9men en raison de travaux.<\/li>\n<li><strong>T2\u2009:<\/strong> du lundi 14 avril au dimanche 20 avril, le trafic est interrompu entre Porte de Versailles et Suzanne Lenglen en raison d\u2019importants travaux de modernisation. Pour rejoindre la Porte de Versailles, depuis Suzanne Lenglen, rejoindre \u00e0 pied la station Balard du T3a.<\/li>\n<li><strong>T14\u2009:<\/strong> du lundi 14 avril au vendredi 18 avril de 10h35 \u00e0 15h35, le trafic sera interrompu sur l\u2019ensemble de la ligne en raison de travaux.<\/li>\n<\/ul>\n<p>Vid\u00e9os : en ce moment sur Actu<\/p>\n<p class=\" wall-content\">Suivez toute l\u2019actualit\u00e9 de vos villes et m\u00e9dias favoris en vous inscrivant \u00e0 <a href=\"https:\/\/moncompte.actu.fr\" title=\"D\u00e9couvez Mon Actu\" rel=\"nofollow noopener\" data-trk=\"{&quot;cta&quot;:{&quot;action&quot;:&quot;https:\\\/\\\/moncompte.actu.fr&quot;,&quot;category&quot;:&quot;mon compte&quot;,&quot;from&quot;:&quot;article footer&quot;,&quot;name&quot;:&quot;Mon actu&quot;,&quot;type&quot;:&quot;cta&quot;}}\" target=\"_blank\">Mon Actu<\/a>.<\/p>\n","protected":false},"excerpt":{"rendered":"Par Antoine Grotteria Publi\u00e9 le 13 avr. 2025 \u00e0 17h00 Des travaux et des perturbations. Pour la premi\u00e8re&hellip;\n","protected":false},"author":2,"featured_media":22490,"comment_status":"","ping_status":"","sticky":false,"template":"","format":"standard","meta":{"footnotes":""},"categories":[1888],"tags":[1111,1928,11,1927,1777,674,1011,27,12,1926,626,1925,625,25,2215,104,2803],"class_list":{"0":"post-22489","1":"post","2":"type-post","3":"status-publish","4":"format-standard","5":"has-post-thumbnail","7":"category-paris","8":"tag-actu","9":"tag-actu-paris","10":"tag-actualites","11":"tag-actualites-paris","12":"tag-eu","13":"tag-europe","14":"tag-fr","15":"tag-france","16":"tag-news","17":"tag-news-paris","18":"tag-paris","19":"tag-paris-news","20":"tag-ratp","21":"tag-republique-francaise","22":"tag-sncf","23":"tag-societe","24":"tag-transport"},"share_on_mastodon":{"url":"https:\/\/pubeurope.com\/@fr\/114331362730882974","error":""},"_links":{"self":[{"href":"https:\/\/www.europesays.com\/fr\/wp-json\/wp\/v2\/posts\/22489","targetHints":{"allow":["GET"]}}],"collection":[{"href":"https:\/\/www.europesays.com\/fr\/wp-json\/wp\/v2\/posts"}],"about":[{"href":"https:\/\/www.europesays.com\/fr\/wp-json\/wp\/v2\/types\/post"}],"author":[{"embeddable":true,"href":"https:\/\/www.europesays.com\/fr\/wp-json\/wp\/v2\/users\/2"}],"replies":[{"embeddable":true,"href":"https:\/\/www.europesays.com\/fr\/wp-json\/wp\/v2\/comments?post=22489"}],"version-history":[{"count":0,"href":"https:\/\/www.europesays.com\/fr\/wp-json\/wp\/v2\/posts\/22489\/revisions"}],"wp:featuredmedia":[{"embeddable":true,"href":"https:\/\/www.europesays.com\/fr\/wp-json\/wp\/v2\/media\/22490"}],"wp:attachment":[{"href":"https:\/\/www.europesays.com\/fr\/wp-json\/wp\/v2\/media?parent=22489"}],"wp:term":[{"taxonomy":"category","embeddable":true,"href":"https:\/\/www.europesays.com\/fr\/wp-json\/wp\/v2\/categories?post=22489"},{"taxonomy":"post_tag","embeddable":true,"href":"https:\/\/www.europesays.com\/fr\/wp-json\/wp\/v2\/tags?post=22489"}],"curies":[{"name":"wp","href":"https:\/\/api.w.org\/{rel}","templated":true}]}}