{"id":224891,"date":"2025-07-04T05:33:12","date_gmt":"2025-07-04T05:33:12","guid":{"rendered":"https:\/\/www.europesays.com\/fr\/224891\/"},"modified":"2025-07-04T05:33:12","modified_gmt":"2025-07-04T05:33:12","slug":"geants-du-web-les-europeens-veulent-une-application-plus-stricte-des-regles-de-lue","status":"publish","type":"post","link":"https:\/\/www.europesays.com\/fr\/224891\/","title":{"rendered":"G\u00e9ants du web : les Europ\u00e9ens veulent une application plus stricte des r\u00e8gles de l&rsquo;UE"},"content":{"rendered":"<p>  Par&amp;nbsp<a href=\"https:\/\/fr.euronews.com\/profils\/3206\" target=\"_blank\" rel=\"noopener\">Peggy Corlin<\/a>&amp;nbsp&amp;&amp;nbsp<b>Amandine Hess<\/b><\/p>\n<p>\n         Publi\u00e9 le<br \/>\n            04\/07\/2025 &#8211; 6:00 UTC+2<\/p>\n<p><img decoding=\"async\" class=\"c-ad__placeholder__logo\" src=\"https:\/\/static.euronews.com\/website\/images\/logos\/logo-euronews-grey-6-180x22.svg\" width=\"180\" height=\"22\" alt=\"\" loading=\"lazy\"\/>PUBLICIT\u00c9<\/p>\n<p>La majorit\u00e9 des Fran\u00e7ais, des Espagnols et des Allemands souhaitent une application plus stricte de la l\u00e9gislation europ\u00e9enne sur les grandes entreprises technologiques, selon un nouveau sondage YouGov.<\/p>\n<p>Pr\u00e8s de deux personnes interrog\u00e9es sur trois en France (63 %), 59 % en Allemagne et 49% en Espagne ont d\u00e9clar\u00e9 que l&rsquo;application par l&rsquo;UE des lois relatives \u00e0 l&rsquo;influence et au pouvoir des grandes entreprises technologiques est trop souple, lorsqu&rsquo;on leur a propos\u00e9 l&rsquo;option \u00ab\u00a0trop rigoureuse\u00a0\u00bb ou \u00ab\u00a0\u00e0 peu pr\u00e8s correcte\u00a0\u00bb.<\/p>\n<p>Seulement 7 % des personnes interrog\u00e9es en France, 8 % en Allemagne et 9 % en Espagne pensent qu&rsquo;elle est trop rigoureuse.<\/p>\n<p>L&rsquo;enqu\u00eate, command\u00e9e par deux ONG, People vs Big Tech et WeMove Europe, fait suite \u00e0 l&rsquo;adoption par l&rsquo;UE, en 2022, de la loi sur les services num\u00e9riques (DSA) et de la loi sur les march\u00e9s num\u00e9riques (DMA), qui visent \u00e0 encadrer les g\u00e9ants du web vis-\u00e0-vis des utilisateurs et sur le march\u00e9.<\/p>\n<p>Ces deux r\u00e9glementations sont au c\u0153ur du diff\u00e9rend commercial entre l&rsquo;UE et les \u00c9tats-Unis, ces derniers ayant qualifi\u00e9 le DSA et le DMA de barri\u00e8res non tarifaires injustifi\u00e9es.<\/p>\n<p>La semaine derni\u00e8re, Teresa Ribera, commissaire europ\u00e9enne charg\u00e9e de la concurrence, a d\u00e9clar\u00e9 \u00e0 Euronews que l&rsquo;UE ne c\u00e9derait pas \u00e0 la pression am\u00e9ricaine sur cette question.<\/p>\n<p>\u00ab\u00a0Nous allons d\u00e9fendre notre souverainet\u00e9\u00a0\u00bb, a d\u00e9clar\u00e9 Teresa Ribera, avant d&rsquo;ajouter : \u00ab\u00a0Nous d\u00e9fendrons la mani\u00e8re dont nous mettons en \u0153uvre le DSA et le DMA. Nous d\u00e9fendrons la mani\u00e8re dont nous mettons en \u0153uvre nos r\u00e8gles, nous d\u00e9fendrons un march\u00e9 qui fonctionne bien et nous ne permettrons \u00e0 personne de nous dire ce que nous devons faire\u00a0\u00bb.<\/p>\n<p>De mani\u00e8re surprenante, les r\u00e9sultats de l&rsquo;enqu\u00eate montrent \u00e9galement que les personnes interrog\u00e9es pensent que les grandes entreprises technologiques d\u00e9tiennent plus de pouvoir que l&rsquo;UE elle-m\u00eame.<\/p>\n<p>La moiti\u00e9 des personnes interrog\u00e9es en France (50 %), en Allemagne (48 %) et une majorit\u00e9 en Espagne (55 %) estiment que les grandes entreprises technologiques sont \u00ab\u00a0plus puissantes\u00a0\u00bb ou \u00ab\u00a0l\u00e9g\u00e8rement plus puissantes\u00a0\u00bb que l&rsquo;UE. Seulement 9 % des personnes interrog\u00e9es d\u00e9clarent que les g\u00e9ants de la technologie sont \u00ab\u00a0l\u00e9g\u00e8rement moins puissants\u00a0\u00bb ou \u00ab\u00a0beaucoup moins puissants\u00a0\u00bb que l&rsquo;UE en France, 12 % en Allemagne et 15 % en Espagne.<\/p>\n<p>L&rsquo;enqu\u00eate a \u00e9t\u00e9 men\u00e9e aupr\u00e8s d&rsquo;un \u00e9chantillon de 2070 personnes en France, 2323 en Allemagne et 2077 en Espagne.<\/p>\n","protected":false},"excerpt":{"rendered":"Par&amp;nbspPeggy Corlin&amp;nbsp&amp;&amp;nbspAmandine Hess Publi\u00e9 le 04\/07\/2025 &#8211; 6:00 UTC+2 PUBLICIT\u00c9 La majorit\u00e9 des Fran\u00e7ais, des Espagnols et des&hellip;\n","protected":false},"author":2,"featured_media":224892,"comment_status":"","ping_status":"","sticky":false,"template":"","format":"standard","meta":{"footnotes":""},"categories":[1586],"tags":[11,36379,1777,674,1011,27,36380,12,3886,25],"class_list":{"0":"post-224891","1":"post","2":"type-post","3":"status-publish","4":"format-standard","5":"has-post-thumbnail","7":"category-europe","8":"tag-actualites","9":"tag-big-tech","10":"tag-eu","11":"tag-europe","12":"tag-fr","13":"tag-france","14":"tag-loi-sur-les-services-numeriques-dsa","15":"tag-news","16":"tag-politique-de-lue","17":"tag-republique-francaise"},"share_on_mastodon":{"url":"https:\/\/pubeurope.com\/@fr\/114793336335073102","error":""},"_links":{"self":[{"href":"https:\/\/www.europesays.com\/fr\/wp-json\/wp\/v2\/posts\/224891","targetHints":{"allow":["GET"]}}],"collection":[{"href":"https:\/\/www.europesays.com\/fr\/wp-json\/wp\/v2\/posts"}],"about":[{"href":"https:\/\/www.europesays.com\/fr\/wp-json\/wp\/v2\/types\/post"}],"author":[{"embeddable":true,"href":"https:\/\/www.europesays.com\/fr\/wp-json\/wp\/v2\/users\/2"}],"replies":[{"embeddable":true,"href":"https:\/\/www.europesays.com\/fr\/wp-json\/wp\/v2\/comments?post=224891"}],"version-history":[{"count":0,"href":"https:\/\/www.europesays.com\/fr\/wp-json\/wp\/v2\/posts\/224891\/revisions"}],"wp:featuredmedia":[{"embeddable":true,"href":"https:\/\/www.europesays.com\/fr\/wp-json\/wp\/v2\/media\/224892"}],"wp:attachment":[{"href":"https:\/\/www.europesays.com\/fr\/wp-json\/wp\/v2\/media?parent=224891"}],"wp:term":[{"taxonomy":"category","embeddable":true,"href":"https:\/\/www.europesays.com\/fr\/wp-json\/wp\/v2\/categories?post=224891"},{"taxonomy":"post_tag","embeddable":true,"href":"https:\/\/www.europesays.com\/fr\/wp-json\/wp\/v2\/tags?post=224891"}],"curies":[{"name":"wp","href":"https:\/\/api.w.org\/{rel}","templated":true}]}}