{"id":224953,"date":"2025-07-04T06:14:17","date_gmt":"2025-07-04T06:14:17","guid":{"rendered":"https:\/\/www.europesays.com\/fr\/224953\/"},"modified":"2025-07-04T06:14:17","modified_gmt":"2025-07-04T06:14:17","slug":"bac-lheure-du-verdict-pour-les-lyceens-de-terminale-a-partir-de-11-h-30","status":"publish","type":"post","link":"https:\/\/www.europesays.com\/fr\/224953\/","title":{"rendered":"Bac\u00a0: l\u2019heure du verdict pour les lyc\u00e9ens de terminale \u00e0 partir de 11\u00a0h\u00a030"},"content":{"rendered":"<p>\u00ab \u00c7a fait quelque chose\u2026 C\u2019est l\u2019aboutissement de quinze ans de scolarit\u00e9 \u00bb, confie Marius, 18 ans. Les quelque 720 000 candidats au baccalaur\u00e9at d\u00e9couvrent ce vendredi leurs r\u00e9sultats, derni\u00e8re \u00e9tape symbolique avant de quitter le syst\u00e8me scolaire.<\/p>\n<p>\u00c0 la mi-journ\u00e9e, \u00e0 partir de 11 h 30, dans certaines acad\u00e9mies (Bordeaux, Limoges, Nantes, Normandie, Rennes, Poitiers), mais principalement 12 h (Paris, Versailles, Cr\u00e9teil, Orl\u00e9ans-Tours), les lyc\u00e9ens de terminale des fili\u00e8res g\u00e9n\u00e9rale, technologique et professionnelle pourront consulter leurs r\u00e9sultats. Les r\u00e9sultats seront disponibles comme chaque ann\u00e9e en ligne ou sur des panneaux d\u2019affichage dans la cour de leur \u00e9tablissement.<\/p>\n<p><a href=\"https:\/\/examens.letelegramme.fr\/\" target=\"_blank\" rel=\"nofollow noopener\">Consultez les r\u00e9sultats du bac<\/a>Plus le m\u00eame enjeu<\/p>\n<p>Beaucoup de lyc\u00e9ens savent que leur bac est d\u00e9j\u00e0 quasiment assur\u00e9. La pression est moindre qu\u2019avant, en raison notamment du contr\u00f4le continu, qui repr\u00e9sente 40 % de la note. Les \u00e9preuves dites terminales (fran\u00e7ais \u00e9crit et oral, pass\u00e9 en classe de premi\u00e8re, \u00e9preuves de sp\u00e9cialit\u00e9, philosophie et grand oral pass\u00e9s en terminale) comptent, elles, pour 60 %.<\/p>\n<p>Et nombre de candidats connaissent d\u00e9j\u00e0 leur orientation pour l\u2019an prochain, car Parcoursup a commenc\u00e9 \u00e0 donner ses r\u00e9ponses aux futurs \u00e9tudiants depuis le 2 juin, un moment devenu souvent plus important que le bac. La phase d\u2019admission principale de la plateforme se terminera le 10 juillet.<\/p>\n<p>80 % de r\u00e9ussite<\/p>\n<p>Pour les \u00e9l\u00e8ves qui n\u2019auront pas leur bac, les \u00e9preuves de rattrapage du baccalaur\u00e9at g\u00e9n\u00e9ral et technologique se d\u00e9rouleront jusqu\u2019au mercredi 9 juillet inclus.<\/p>\n<p>Le taux de r\u00e9ussite au baccalaur\u00e9at d\u00e9passe depuis 2012 les 80 %. L\u2019an dernier, il \u00e9tait de 91,2 %, en hausse sur un an dans les trois voies (g\u00e9n\u00e9rale, technologique et professionnelle). En voie g\u00e9n\u00e9rale, il \u00e9tait de 95,9 %.<\/p>\n","protected":false},"excerpt":{"rendered":"\u00ab \u00c7a fait quelque chose\u2026 C\u2019est l\u2019aboutissement de quinze ans de scolarit\u00e9 \u00bb, confie Marius, 18 ans. Les&hellip;\n","protected":false},"author":2,"featured_media":224954,"comment_status":"","ping_status":"","sticky":false,"template":"","format":"standard","meta":{"footnotes":""},"categories":[2821],"tags":[1111,11,3050,829,1057,765,1777,674,1011,27,12,584,25],"class_list":{"0":"post-224953","1":"post","2":"type-post","3":"status-publish","4":"format-standard","5":"has-post-thumbnail","7":"category-rennes","8":"tag-actu","9":"tag-actualites","10":"tag-bac","11":"tag-bretagne","12":"tag-education","13":"tag-en-continu","14":"tag-eu","15":"tag-europe","16":"tag-fr","17":"tag-france","18":"tag-news","19":"tag-rennes","20":"tag-republique-francaise"},"share_on_mastodon":{"url":"","error":""},"_links":{"self":[{"href":"https:\/\/www.europesays.com\/fr\/wp-json\/wp\/v2\/posts\/224953","targetHints":{"allow":["GET"]}}],"collection":[{"href":"https:\/\/www.europesays.com\/fr\/wp-json\/wp\/v2\/posts"}],"about":[{"href":"https:\/\/www.europesays.com\/fr\/wp-json\/wp\/v2\/types\/post"}],"author":[{"embeddable":true,"href":"https:\/\/www.europesays.com\/fr\/wp-json\/wp\/v2\/users\/2"}],"replies":[{"embeddable":true,"href":"https:\/\/www.europesays.com\/fr\/wp-json\/wp\/v2\/comments?post=224953"}],"version-history":[{"count":0,"href":"https:\/\/www.europesays.com\/fr\/wp-json\/wp\/v2\/posts\/224953\/revisions"}],"wp:featuredmedia":[{"embeddable":true,"href":"https:\/\/www.europesays.com\/fr\/wp-json\/wp\/v2\/media\/224954"}],"wp:attachment":[{"href":"https:\/\/www.europesays.com\/fr\/wp-json\/wp\/v2\/media?parent=224953"}],"wp:term":[{"taxonomy":"category","embeddable":true,"href":"https:\/\/www.europesays.com\/fr\/wp-json\/wp\/v2\/categories?post=224953"},{"taxonomy":"post_tag","embeddable":true,"href":"https:\/\/www.europesays.com\/fr\/wp-json\/wp\/v2\/tags?post=224953"}],"curies":[{"name":"wp","href":"https:\/\/api.w.org\/{rel}","templated":true}]}}