{"id":224957,"date":"2025-07-04T06:16:11","date_gmt":"2025-07-04T06:16:11","guid":{"rendered":"https:\/\/www.europesays.com\/fr\/224957\/"},"modified":"2025-07-04T06:16:11","modified_gmt":"2025-07-04T06:16:11","slug":"mittelhausbergen-il-passe-a-tabac-sa-maitresse-un-an-de-prison-ferme","status":"publish","type":"post","link":"https:\/\/www.europesays.com\/fr\/224957\/","title":{"rendered":"Mittelhausbergen. Il passe \u00e0 tabac sa ma\u00eetresse, un an de prison ferme"},"content":{"rendered":"<p>La procureure, Laura Duc, parle d\u2019un \u00ab\u00a0d\u00e9cha\u00eenement de haine\u00a0\u00bb et de \u00ab\u00a0fureur\u00a0\u00bb pour d\u00e9crire la \u00ab\u00a0nuit d\u2019horreur\u00a0\u00bb qu\u2019a v\u00e9cu la victime le 5\u00a0mars dernier \u00e0 Mittelhausbergen. Elle ne s\u2019arr\u00eate pas l\u00e0, se l\u00e8ve de son pupitre et dessine avec son doigt les bleus et les l\u00e9sions qui ont color\u00e9 le corps de la victime, \u00ab\u00a0bless\u00e9e de la t\u00eate aux pieds\u00a0\u00bb.<\/p>\n<p>U <a href=\"https:\/\/www.dna.fr\/faits-divers-justice\/2025\/06\/27\/quatre-mois-ferme-pour-le-mari-violent-et-humiliant\" target=\"_blank\" rel=\"noopener\">ne semaine apr\u00e8s avoir \u00e9t\u00e9 jug\u00e9 et \u00e9crou\u00e9 pour des violences commises<\/a> le 1 er \u00a0juin sur sa compagne, Furkan Kodat, 30 ans, se retrouve encore dans le box. Cette fois-ci, la plaignante est sa ma\u00eetresse. Les deux affaires, mises au jour par le biais d\u2019une enqu\u00eate men\u00e9e par la gendarmerie, se rejoignent. Le&#8230;<\/p>\n","protected":false},"excerpt":{"rendered":"La procureure, Laura Duc, parle d\u2019un \u00ab\u00a0d\u00e9cha\u00eenement de haine\u00a0\u00bb et de \u00ab\u00a0fureur\u00a0\u00bb pour d\u00e9crire la \u00ab\u00a0nuit d\u2019horreur\u00a0\u00bb qu\u2019a&hellip;\n","protected":false},"author":2,"featured_media":224958,"comment_status":"","ping_status":"","sticky":false,"template":"","format":"standard","meta":{"footnotes":""},"categories":[2820],"tags":[1111,11,271,272,2880,1777,674,274,107,1011,27,775,3035,3327,12,25,640,3265],"class_list":{"0":"post-224957","1":"post","2":"type-post","3":"status-publish","4":"format-standard","5":"has-post-thumbnail","7":"category-strasbourg","8":"tag-actu","9":"tag-actualites","10":"tag-crime","11":"tag-delit-et-contravention","12":"tag-edition-strasbourg","13":"tag-eu","14":"tag-europe","15":"tag-faits-divers-justice","16":"tag-fil-info","17":"tag-fr","18":"tag-france","19":"tag-grand-est","20":"tag-la-matinale-strasbourg","21":"tag-mittelhausbergen","22":"tag-news","23":"tag-republique-francaise","24":"tag-strasbourg","25":"tag-strasbourg-nord"},"share_on_mastodon":{"url":"","error":""},"_links":{"self":[{"href":"https:\/\/www.europesays.com\/fr\/wp-json\/wp\/v2\/posts\/224957","targetHints":{"allow":["GET"]}}],"collection":[{"href":"https:\/\/www.europesays.com\/fr\/wp-json\/wp\/v2\/posts"}],"about":[{"href":"https:\/\/www.europesays.com\/fr\/wp-json\/wp\/v2\/types\/post"}],"author":[{"embeddable":true,"href":"https:\/\/www.europesays.com\/fr\/wp-json\/wp\/v2\/users\/2"}],"replies":[{"embeddable":true,"href":"https:\/\/www.europesays.com\/fr\/wp-json\/wp\/v2\/comments?post=224957"}],"version-history":[{"count":0,"href":"https:\/\/www.europesays.com\/fr\/wp-json\/wp\/v2\/posts\/224957\/revisions"}],"wp:featuredmedia":[{"embeddable":true,"href":"https:\/\/www.europesays.com\/fr\/wp-json\/wp\/v2\/media\/224958"}],"wp:attachment":[{"href":"https:\/\/www.europesays.com\/fr\/wp-json\/wp\/v2\/media?parent=224957"}],"wp:term":[{"taxonomy":"category","embeddable":true,"href":"https:\/\/www.europesays.com\/fr\/wp-json\/wp\/v2\/categories?post=224957"},{"taxonomy":"post_tag","embeddable":true,"href":"https:\/\/www.europesays.com\/fr\/wp-json\/wp\/v2\/tags?post=224957"}],"curies":[{"name":"wp","href":"https:\/\/api.w.org\/{rel}","templated":true}]}}