{"id":224961,"date":"2025-07-04T06:18:08","date_gmt":"2025-07-04T06:18:08","guid":{"rendered":"https:\/\/www.europesays.com\/fr\/224961\/"},"modified":"2025-07-04T06:18:08","modified_gmt":"2025-07-04T06:18:08","slug":"la-grosse-colere-de-christian-estrosi-contre-un-bateau-de-croisiere-pres-de-nice","status":"publish","type":"post","link":"https:\/\/www.europesays.com\/fr\/224961\/","title":{"rendered":"la grosse col\u00e8re de Christian Estrosi contre un bateau de croisi\u00e8re pr\u00e8s de Nice"},"content":{"rendered":"<p>            Par<br \/>\n        <strong><br \/>\n            <a href=\"https:\/\/actu.fr\/auteur\/fabien-binacchi\" title=\"Consulter tous les articles de Fabien Binacchi\" rel=\"nofollow noopener\" target=\"_blank\">Fabien Binacchi<\/a><br \/>\n        <\/strong><\/p>\n<p>        Publi\u00e9 le<\/p>\n<p>            4 juil. 2025 \u00e0 6h30        <\/p>\n<p><a href=\"https:\/\/actu.fr\/tag\/christian-estrosi\" rel=\"nofollow noopener\" target=\"_blank\">Christian Estrosi<\/a> ne veut pas de m\u00e9ga navire de croisi\u00e8re sur le littoral azur\u00e9en. Il l\u2019a dit, il l\u2019a r\u00e9p\u00e9t\u00e9. Et il va m\u00eame d\u00e9sormais le hurler en personne aux capitaines des paquebots qui oseraient braver son interdiction.<\/p>\n<p class=\" wall-content\">C\u2019est ce qui est arriv\u00e9 ce jeudi 3\u00a0juillet 2025 dans la rade de <a href=\"https:\/\/actu.fr\/provence-alpes-cote-d-azur\/villefranche-sur-mer_06159\" rel=\"nofollow noopener\" target=\"_blank\">Villefranche-sur-Mer<\/a> (<a href=\"https:\/\/actu.fr\/provence-alpes-cote-d-azur\/alpes-maritimes_06\" rel=\"nofollow noopener\" target=\"_blank\">Alpes-Maritimes<\/a>), \u00e0 quelques encablures de <a href=\"https:\/\/actu.fr\/nice\/\" rel=\"nofollow noopener\" target=\"_blank\">Nice<\/a>, o\u00f9 le <strong>Voyager of the Seas<\/strong> avait choisi de d\u00e9barquer ses passagers. \u00ab\u2009Cassez-vous\u2009\u00bb, a-t-il notamment vocif\u00e9r\u00e9.<\/p>\n<p>Un paquebot de 3000 passagers, plus que la limite autoris\u00e9e<\/p>\n<p class=\" wall-content\">Embarqu\u00e9 dans un semi-rigide de la police maritime, sur lequel il avait convi\u00e9 une \u00e9quipe de <a href=\"https:\/\/france3-regions.franceinfo.fr\/provence-alpes-cote-d-azur\/alpes-maritimes\/nice\/video-vous-n-avez-pas-le-droit-d-etre-la-hurle-christian-estrosi-au-capitaine-d-un-paquebot-a-villefranche-sur-mer-3182319.html\" rel=\"nofollow noopener\" target=\"_blank\">France 3<\/a>, le maire (Horizons) de Nice, pr\u00e9sident de la M\u00e9tropole Nice C\u00f4te d\u2019Azur, ne se d\u00e9monte pas en allant \u00e0 l\u2019abordage de ce <strong>mastodonte des mers.<\/strong><\/p>\n<p class=\" wall-content\">Cet immeuble flottant de la compagnie am\u00e9ricano-norv\u00e9gienne Royal Caribbean International et qui bat pavillon baham\u00e9en peut embarquer jusqu\u2019\u00e0 3000 passagers. Tout ce que Christian Estrosi ne veut plus voir. L\u2019\u00e9dile a d\u00e9cid\u00e9 d\u2019<strong>interdire des paquebots de plus de 2500 passagers,<\/strong> avec un plafond de 65 escales par an. Une version tr\u00e8s all\u00e9g\u00e9e d\u2019un premier arr\u00eat\u00e9 qu\u2019il avait \u00e9t\u00e9 contraint de corriger apr\u00e8s <a href=\"https:\/\/actu.fr\/provence-alpes-cote-d-azur\/nice_06088\/interdiction-des-croisieres-a-nice-ce-que-la-mesure-drastique-pourrait-couter-aux-commerces_62457065.html\" rel=\"nofollow noopener\" target=\"_blank\">le toll\u00e9 provoqu\u00e9.<\/a><\/p>\n<p class=\" wall-content\">Il avait expliqu\u00e9 avoir voulu finalement \u00ab\u2009concilier les enjeux de sant\u00e9 publique, de protection de l\u2019environnement et de soutien \u00e0 l\u2019\u00e9conomie locale\u2009\u00bb. <strong>Un effort.<\/strong><\/p>\n<p>Vid\u00e9os : en ce moment sur Actu\u00ab\u2009Vous n\u2019\u00eates personne\u2009\u00bb<\/p>\n<p class=\" wall-content\">Alors la pr\u00e9sence du Voyager of the Seas ce jeudi 3 juillet l\u2019a fait se d\u00e9placer en personne. Et sur l\u2019eau. La s\u00e9quence, immortalis\u00e9e par la cam\u00e9ra de France 3 C\u00f4te d\u2019Azur, le montre <strong>aller au contact, devant des croisi\u00e9ristes m\u00e9dus\u00e9s.<\/strong> \u00ab\u2009Vous n\u2019\u00eates pas autoris\u00e9s \u00e0 \u00eatre l\u00e0\u2009\u00bb, r\u00e9p\u00e8te-t-il, l\u2019index tendu, \u00e0 l\u2019adresse de responsables du paquebot.<\/p>\n<p class=\" wall-content\">\u00ab\u2009<strong>Vous serez condamn\u00e9 tr\u00e8s s\u00e9v\u00e8rement pour cela.<\/strong> Vous n\u2019\u00eates personne\u2009\u00bb, continue-t-il, dans un anglais affirm\u00e9. \u00ab\u2009Cassez-vous\u2009\u00bb, l\u00e2che-t-il m\u00eame, en fran\u00e7ais cette fois, \u00e0 l\u2019adresse d\u2019une autre navette de transferts de passagers. \u00ab\u2009Elle s\u2019approchait et tentait de nous bloquer\u2009\u00bb, glisse l\u2019entourage du maire \u00e0 actu Nice.<\/p>\n<p class=\" wall-content\">La vid\u00e9o, le d\u00e9put\u00e9 UDR <strong>\u00c9ric Ciotti<\/strong>, plus que probable candidat aux prochaines municipales dans la capitale azur\u00e9enne, s\u2019est fait un plaisir de la partager. \u00ab\u2009Barbe rouge\u2009! \u00c0 l\u2019abordage avant d\u2019\u00eatre coul\u00e9\u2009!\u2009\u00bb, a-t-il tweet\u00e9 avec un \u00e9moji de clown.<\/p>\n<p class=\" wall-content\">\n<p>\u00ab\u2009Il a refus\u00e9 de me recevoir \u00e0 bord\u2009\u00bb<\/p>\n<p class=\" wall-content\">Au final, d\u2019abordage il n\u2019a pas \u00e9t\u00e9 question. C\u2019est pourtant ce qu\u2019avait pr\u00e9vu le patron de la M\u00e9tropole. L\u2019\u00e9lu comptait remettre <strong>un courrier de mise en demeure au capitaine.<\/strong><\/p>\n<p class=\" wall-content\">\u00ab\u2009Il a non seulement refus\u00e9 de me recevoir \u00e0 bord, mais \u00e9galement de prendre en compte ma notification officielle\u2009\u00bb, s\u2019agace Christian Estrosi, dans un post publi\u00e9 sur X.<\/p>\n<p class=\" wall-content\">\n<p class=\" wall-content\">Pour Karim Yckrelef, commandant de la police des ports m\u00e9tropolitains cit\u00e9 par France 3, la r\u00e9action du seul ma\u00eetre \u00e0 bord n\u2019est pas \u00e9tonnante. \u00ab\u2009<strong>Un navire, c\u2019est comme un territoire,<\/strong> il est donc dans les usages de s\u2019appeler en amont\u2009\u00bb, a-t-il expliqu\u00e9.<\/p>\n<p>Une \u00ab\u2009d\u00e9marche spectaculaire profond\u00e9ment regrettable\u2009\u00bb<\/p>\n<p class=\" wall-content\">La sortie en mer de Christian Estrosi n\u2019a d\u2019ailleurs pas du tout \u00e9t\u00e9 du go\u00fbt non plus de <strong>l\u2019Union maritime 06<\/strong>, vent debout contre les arr\u00eat\u00e9s du maire de Nice et <a href=\"https:\/\/actu.fr\/provence-alpes-cote-d-azur\/cannes_06029\/apres-nice-cette-autre-ville-de-la-cote-d-azur-limite-le-nombre-de-paquebots-geants-dans-sa-baie_62844039.html\" rel=\"nofollow noopener\" target=\"_blank\">plus r\u00e9cemment de celui de Cannes<\/a> destin\u00e9s \u00e0 \u00e9loigner les croisi\u00e8res. Elle \u00ab\u2009<strong>condamne fermement<\/strong> la tentative du pr\u00e9sident de la M\u00e9tropole Nice C\u00f4te d\u2019Azur [\u2026] de monter \u00e0 bord du Voyager of the Seas [\u2026] sans autorisation pr\u00e9alable\u2009\u00bb, selon un communiqu\u00e9 transmis \u00e0 actu Nice.<\/p>\n<p class=\" wall-content\"><a href=\"https:\/\/um06.fr\/\" rel=\"nofollow noopener\" target=\"_blank\">L\u2019association<\/a>, qui assure \u00ab\u2009f\u00e9d\u00e9rer tous les professionnels du maritime\u2009\u00bb, rappelle par ailleurs que\u2009:<\/p>\n<blockquote class=\"ac-article-quote wall-content\">\n<p>Le navire, en escale depuis 6h30 au point de mouillage sud de la rade de Villefranche-sur-Mer, est pr\u00e9sent conform\u00e9ment \u00e0 l\u2019autorisation \u00e9mise par la Pr\u00e9fecture Maritime. Cette escale avait \u00e9t\u00e9 valid\u00e9e en amont par la M\u00e9tropole de Nice elle-m\u00eame, et n\u2019a fait l\u2019objet d\u2019aucune d\u00e9nonciation depuis.<\/p>\n<p>    <strong>L&rsquo;Union maritime 06<\/strong>\n            <\/p><\/blockquote>\n<p class=\" wall-content\">Elle d\u00e9plore <strong>une \u00ab\u2009confrontation m\u00e9diatique\u2009\u00bb<\/strong> qui \u00ab\u2009a mis en danger la s\u00e9curit\u00e9 des passagers, de l\u2019\u00e9quipage ainsi que la bonne ex\u00e9cution des op\u00e9rations portuaires\u2009\u00bb. \u00ab\u2009Ce type de d\u00e9marche spectaculaire est profond\u00e9ment regrettable\u2009\u00bb, tance-t-elle aussi.<\/p>\n<p>\u00ab\u2009Je ne l\u00e2cherai rien\u2009\u00bb<\/p>\n<p class=\" wall-content\">Le maire de Nice, lui, n\u2019en d\u00e9mord pas. Sur X, il annon\u00e7ait ce jeudi 3\u00a0juillet, dans l\u2019apr\u00e8s-midi, avoir \u00ab\u2009saisi le pr\u00e9fet des Alpes-Maritimes, le pr\u00e9fet maritime de la M\u00e9diterran\u00e9e ainsi que la ministre de la Transition \u00e9cologique, en leur demandant de <strong>prendre, dans les plus brefs d\u00e9lais, toutes les dispositions n\u00e9cessaires<\/strong>\u2009\u00bb.<\/p>\n<blockquote class=\"ac-article-quote wall-content\">\n<p>Au lendemain du sommet sur l\u2019oc\u00e9an, je ne l\u00e2cherai rien. Je demande \u00e0 toutes les autorit\u00e9s concern\u00e9es la plus grande fermet\u00e9 sur ce sujet. J\u2019entends faire respecter strictement les d\u00e9cisions prises en mati\u00e8re de lutte contre la pollution maritime, de pr\u00e9servation de la qualit\u00e9 de l\u2019air et de protection du cadre de vie des habitants.<\/p>\n<p>    <strong>Christian Estrosi<\/strong>\n            <\/p><\/blockquote>\n<p class=\" wall-content\">Selon <a href=\"https:\/\/www.marinetraffic.com\/fr\/ais\/details\/ships\/shipid:374600\/mmsi:311317000\/imo:9161716\/vessel:VOYAGER_OF_THE_SEAS\" rel=\"nofollow noopener\" target=\"_blank\">le site de suivi en temps r\u00e9el MarineTraffic,<\/a> le paquebot a de toute fa\u00e7on largu\u00e9 les amarres selon l\u2019horaire pr\u00e9vu, \u00e0 18h, pour rejoindre <strong>Ajaccio <\/strong>(Corse), o\u00f9 la compagnie internationale esp\u00e8re sans doute trouver un accueil plus chaleureux.<\/p>\n<p class=\" wall-content\">Suivez toute l\u2019actualit\u00e9 de vos villes et m\u00e9dias favoris en vous inscrivant \u00e0 <a href=\"https:\/\/moncompte.actu.fr\" title=\"D\u00e9couvez Mon Actu\" rel=\"nofollow noopener\" data-trk=\"{&quot;cta&quot;:{&quot;action&quot;:&quot;https:\\\/\\\/moncompte.actu.fr&quot;,&quot;category&quot;:&quot;mon compte&quot;,&quot;from&quot;:&quot;article footer&quot;,&quot;name&quot;:&quot;Mon actu&quot;,&quot;type&quot;:&quot;cta&quot;}}\" target=\"_blank\">Mon Actu<\/a>.<\/p>\n<ul class=\"ac-article-tag wall-content\">\n<li><a href=\"https:\/\/actu.fr\/tag\/christian-estrosi\" data-trk=\"{&quot;cta&quot;:{&quot;action&quot;:&quot;Christian Estrosi&quot;,&quot;category&quot;:&quot;tag&quot;,&quot;from&quot;:&quot;article footer&quot;,&quot;name&quot;:&quot;Christian Estrosi&quot;,&quot;type&quot;:&quot;cta&quot;}}\" rel=\"nofollow noopener\" target=\"_blank\">#Christian Estrosi<\/a><\/li>\n<li><a href=\"https:\/\/actu.fr\/tag\/croisiere\" data-trk=\"{&quot;cta&quot;:{&quot;action&quot;:&quot;Croisi\\u00e8re&quot;,&quot;category&quot;:&quot;tag&quot;,&quot;from&quot;:&quot;article footer&quot;,&quot;name&quot;:&quot;Croisi\\u00e8re&quot;,&quot;type&quot;:&quot;cta&quot;}}\" rel=\"nofollow noopener\" target=\"_blank\">#Croisi\u00e8re<\/a><\/li>\n<\/ul>\n","protected":false},"excerpt":{"rendered":"Par Fabien Binacchi Publi\u00e9 le 4 juil. 2025 \u00e0 6h30 Christian Estrosi ne veut pas de m\u00e9ga navire&hellip;\n","protected":false},"author":2,"featured_media":224962,"comment_status":"","ping_status":"","sticky":false,"template":"","format":"standard","meta":{"footnotes":""},"categories":[2819],"tags":[1111,11,2397,2380,1777,674,1011,27,12,2401,882,25,104],"class_list":{"0":"post-224961","1":"post","2":"type-post","3":"status-publish","4":"format-standard","5":"has-post-thumbnail","7":"category-nice","8":"tag-actu","9":"tag-actualites","10":"tag-christian-estrosi","11":"tag-croisiere","12":"tag-eu","13":"tag-europe","14":"tag-fr","15":"tag-france","16":"tag-news","17":"tag-nice","18":"tag-provence-alpes-cote-dazur","19":"tag-republique-francaise","20":"tag-societe"},"share_on_mastodon":{"url":"","error":""},"_links":{"self":[{"href":"https:\/\/www.europesays.com\/fr\/wp-json\/wp\/v2\/posts\/224961","targetHints":{"allow":["GET"]}}],"collection":[{"href":"https:\/\/www.europesays.com\/fr\/wp-json\/wp\/v2\/posts"}],"about":[{"href":"https:\/\/www.europesays.com\/fr\/wp-json\/wp\/v2\/types\/post"}],"author":[{"embeddable":true,"href":"https:\/\/www.europesays.com\/fr\/wp-json\/wp\/v2\/users\/2"}],"replies":[{"embeddable":true,"href":"https:\/\/www.europesays.com\/fr\/wp-json\/wp\/v2\/comments?post=224961"}],"version-history":[{"count":0,"href":"https:\/\/www.europesays.com\/fr\/wp-json\/wp\/v2\/posts\/224961\/revisions"}],"wp:featuredmedia":[{"embeddable":true,"href":"https:\/\/www.europesays.com\/fr\/wp-json\/wp\/v2\/media\/224962"}],"wp:attachment":[{"href":"https:\/\/www.europesays.com\/fr\/wp-json\/wp\/v2\/media?parent=224961"}],"wp:term":[{"taxonomy":"category","embeddable":true,"href":"https:\/\/www.europesays.com\/fr\/wp-json\/wp\/v2\/categories?post=224961"},{"taxonomy":"post_tag","embeddable":true,"href":"https:\/\/www.europesays.com\/fr\/wp-json\/wp\/v2\/tags?post=224961"}],"curies":[{"name":"wp","href":"https:\/\/api.w.org\/{rel}","templated":true}]}}