{"id":224987,"date":"2025-07-04T06:33:13","date_gmt":"2025-07-04T06:33:13","guid":{"rendered":"https:\/\/www.europesays.com\/fr\/224987\/"},"modified":"2025-07-04T06:33:13","modified_gmt":"2025-07-04T06:33:13","slug":"essonne-un-nouveau-representant-de-letat-a-pris-ses-fonctions","status":"publish","type":"post","link":"https:\/\/www.europesays.com\/fr\/224987\/","title":{"rendered":"Essonne : un nouveau repr\u00e9sentant de l&rsquo;\u00c9tat a pris ses fonctions"},"content":{"rendered":"<p><img loading=\"lazy\" decoding=\"async\" alt=\"\u00a9 DR - R\u00e9mi Bourdu est plac\u00e9 sous l\u2019autorit\u00e9 de la pr\u00e9f\u00e8te de l\u2019Essonne.\u00a0\" data-zoom-src=\"https:\/\/www.europesays.com\/fr\/wp-content\/uploads\/2025\/07\/initial-remi-bourdu.jpg\" data-zoomable=\"\" height=\"702\" src=\"https:\/\/www.europesays.com\/fr\/wp-content\/uploads\/2025\/07\/initial-remi-bourdu.jpg\" width=\"1248\"\/>  <\/p>\n<p class=\"article-desc\">\u00a9 DR &#8211; R\u00e9mi Bourdu est plac\u00e9 sous l\u2019autorit\u00e9 de la pr\u00e9f\u00e8te de l\u2019Essonne.\u00a0 <\/p>\n<p><strong>R\u00e9mi Bourdu<\/strong> est le nouveau <strong>sous-pr\u00e9fet <\/strong>de l\u2019arrondissement de <strong>Palaiseau<\/strong>, qui regroupe 68 communes et pr\u00e8s de <strong>644 266 habitants<\/strong>. \u00c2g\u00e9 de 49 ans, il a \u00e9t\u00e9 ancien \u00e9l\u00e8ve de l\u2019\u00c9cole nationale d\u2019administration (ENA, promotion Marie Curie), il est \u00e9galement dipl\u00f4m\u00e9 de l\u2019Institut d\u2019\u00e9tudes politiques de Strasbourg, de DePauw University aux \u00c9tats-Unis, de l\u2019Albert-Ludwigs-Universit\u00e4t en Allemagne, et titulaire d\u2019un DEA en politiques europ\u00e9ennes. <\/p>\n<p> R\u00e9mi Bourdu quitte les Bouches-du-Rh\u00f4ne <\/p>\n<p><strong>R\u00e9mi Bourdu<\/strong> a notamment \u00e9t\u00e9 sous-pr\u00e9fet, directeur de cabinet du pr\u00e9fet de l\u2019Ain, directeur de cabinet de plusieurs ministres (affaires sociales, enfance, famille, droits des femmes), directeur adjoint de cabinet de la maire de Paris, et chef du bureau des associations et fondations au minist\u00e8re de l\u2019Int\u00e9rieur. Depuis 2021, il exer\u00e7ait les fonctions de sous-pr\u00e9fet, directeur de cabinet de la pr\u00e9f\u00e8te de police des <strong>Bouches-du-Rh\u00f4ne<\/strong>. <\/p>\n<p>Chevalier de l\u2019Ordre national du M\u00e9rite, R\u00e9mi Bourdu exercera ses missions sous l\u2019autorit\u00e9 de <strong>Fr\u00e9d\u00e9rique Camilleri<\/strong>, <strong>pr\u00e9f\u00e8te de l\u2019Essonne<\/strong>. Comme le pr\u00e9cise \u00e9galement la <a href=\"https:\/\/mesinfos.fr\/ile-de-france\/la-prefecture-de-lessonne-annonce-la-levee-des-restrictions-deau-181826.html\" rel=\"noopener\" target=\"_blank\">Pr\u00e9fecture<\/a>, il aura pour responsabilit\u00e9s la repr\u00e9sentation de l\u2019\u00c9tat dans son arrondissement, la mise en \u0153uvre des politiques publiques, ainsi que l\u2019accompagnement des collectivit\u00e9s territoriales et des acteurs socio-\u00e9conomiques du territoire.<\/p>\n","protected":false},"excerpt":{"rendered":"\u00a9 DR &#8211; R\u00e9mi Bourdu est plac\u00e9 sous l\u2019autorit\u00e9 de la pr\u00e9f\u00e8te de l\u2019Essonne.\u00a0 R\u00e9mi Bourdu est le&hellip;\n","protected":false},"author":2,"featured_media":224988,"comment_status":"","ping_status":"","sticky":false,"template":"","format":"standard","meta":{"footnotes":""},"categories":[1592],"tags":[1111,11,1777,674,1011,27,662,12,626,36385,25],"class_list":{"0":"post-224987","1":"post","2":"type-post","3":"status-publish","4":"format-standard","5":"has-post-thumbnail","7":"category-ile-de-france","8":"tag-actu","9":"tag-actualites","10":"tag-eu","11":"tag-europe","12":"tag-fr","13":"tag-france","14":"tag-ile-de-france","15":"tag-news","16":"tag-paris","17":"tag-pru00e9fectures","18":"tag-republique-francaise"},"share_on_mastodon":{"url":"","error":""},"_links":{"self":[{"href":"https:\/\/www.europesays.com\/fr\/wp-json\/wp\/v2\/posts\/224987","targetHints":{"allow":["GET"]}}],"collection":[{"href":"https:\/\/www.europesays.com\/fr\/wp-json\/wp\/v2\/posts"}],"about":[{"href":"https:\/\/www.europesays.com\/fr\/wp-json\/wp\/v2\/types\/post"}],"author":[{"embeddable":true,"href":"https:\/\/www.europesays.com\/fr\/wp-json\/wp\/v2\/users\/2"}],"replies":[{"embeddable":true,"href":"https:\/\/www.europesays.com\/fr\/wp-json\/wp\/v2\/comments?post=224987"}],"version-history":[{"count":0,"href":"https:\/\/www.europesays.com\/fr\/wp-json\/wp\/v2\/posts\/224987\/revisions"}],"wp:featuredmedia":[{"embeddable":true,"href":"https:\/\/www.europesays.com\/fr\/wp-json\/wp\/v2\/media\/224988"}],"wp:attachment":[{"href":"https:\/\/www.europesays.com\/fr\/wp-json\/wp\/v2\/media?parent=224987"}],"wp:term":[{"taxonomy":"category","embeddable":true,"href":"https:\/\/www.europesays.com\/fr\/wp-json\/wp\/v2\/categories?post=224987"},{"taxonomy":"post_tag","embeddable":true,"href":"https:\/\/www.europesays.com\/fr\/wp-json\/wp\/v2\/tags?post=224987"}],"curies":[{"name":"wp","href":"https:\/\/api.w.org\/{rel}","templated":true}]}}