{"id":224999,"date":"2025-07-04T06:39:11","date_gmt":"2025-07-04T06:39:11","guid":{"rendered":"https:\/\/www.europesays.com\/fr\/224999\/"},"modified":"2025-07-04T06:39:11","modified_gmt":"2025-07-04T06:39:11","slug":"le-rare-aveu-dimpuissance-de-donald-trump-apres-son-appel-avec-vladimir-poutine","status":"publish","type":"post","link":"https:\/\/www.europesays.com\/fr\/224999\/","title":{"rendered":"Le rare aveu d\u2019impuissance de Donald Trump apr\u00e8s son appel avec Vladimir Poutine"},"content":{"rendered":"<p>        <img decoding=\"async\" loading=\"lazy\" src=\"https:\/\/www.europesays.com\/fr\/wp-content\/uploads\/2025\/07\/d366cb3_upload-1-j9gvrj3vocrj-000-62m44l3.jpg\"  width=\"728\" height=\"409\" alt=\"Donald Trump d\u00e9plore ce jeudi 3\u00a0juillet l\u2019absence de \u00ab\u00a0progr\u00e8s\u00a0\u00bb avec Vladimir Poutine, qui refuse de \u00ab\u00a0renoncer \u00e0 ses objectifs\u00a0\u00bb en Ukraine.\"\/>  <\/p>\n<p>LUDOVIC MARIN \/ AFP<\/p>\n<p>Donald Trump d\u00e9plore ce jeudi 3\u00a0juillet l\u2019absence de \u00ab\u00a0progr\u00e8s\u00a0\u00bb avec Vladimir Poutine, qui refuse de \u00ab\u00a0renoncer \u00e0 ses objectifs\u00a0\u00bb en Ukraine.<\/p>\n<p class=\"asset asset-text\">INTERNATIONAL &#8211; Un rare aveu d\u2019impuissance. Apr\u00e8s un appel d\u2019environ une heure avec son homologue russe <a href=\"https:\/\/www.huffingtonpost.fr\/international\/article\/ce-qu-emmanuel-macron-et-vladimir-poutine-se-sont-dit-pour-leur-premier-appel-en-trois-ans_252079.html\" target=\"_blank\" rel=\"noopener\">Vladimir Poutine<\/a>, <a href=\"https:\/\/www.huffingtonpost.fr\/international\/article\/zohran-mamdani-ne-se-laisse-pas-faire-face-a-donald-trump-qui-menace-de-l-expulser_252105.html\" target=\"_blank\" rel=\"noopener\">Donald Trump<\/a> a reconnu, ce jeudi 3\u00a0juillet, ne pas avoir r\u00e9ussi \u00e0 faire avancer le dossier ukrainien et \u00e0 faire changer d\u2019avis le ma\u00eetre du Kremlin.<\/p>\n<p class=\"asset asset-text\">\u00ab\u00a0Non, je n\u2019ai fait aucun progr\u00e8s\u00a0\u00bb lors de cette conversation, a d\u00e9clar\u00e9 le pr\u00e9sident am\u00e9ricain \u00e0 la presse, ajoutant qu\u2019il n\u2019\u00e9tait \u00ab\u00a0pas content\u00a0\u00bb de la guerre en cours entre l\u2019Ukraine et la Russie.<\/p>\n<p class=\"asset asset-text\">Le pr\u00e9sident russe venait de lui dire que la Russie \u00ab\u00a0ne renoncera pas \u00e0 ses objectifs\u00a0\u00bb en Ukraine, tout en se disant ouvert \u00e0 la poursuite des n\u00e9gociations avec Kiev.<\/p>\n<p>    Moscou campe sur ses positions    <\/p>\n<p class=\"asset asset-text\">Il s\u2019agissait de la sixi\u00e8me discussion entre les deux dirigeants depuis le retour de Donald Trump \u00e0 la Maison Blanche en janvier. L\u2019\u00e9change a \u00e9t\u00e9 qualifi\u00e9 devant les journalistes de \u00ab\u00a0franc\u00a0\u00bb par le conseiller diplomatique du Kremlin, Iouri Ouchakov.<\/p>\n<p class=\"asset asset-text\">La Russie \u00ab\u00a0continue \u00e0 rechercher une solution politique et n\u00e9goci\u00e9e au conflit\u00a0\u00bb avec l\u2019Ukraine, a affirm\u00e9 le pr\u00e9sident russe \u00e0 son homologue, selon Iouri Ouchakov. Vladimir Poutine a \u00ab\u00a0soulign\u00e9 la volont\u00e9 de la partie russe de poursuivre le processus de n\u00e9gociation\u00a0\u00bb entam\u00e9 \u00e0 Istanbul, o\u00f9 ont r\u00e9cemment eu lieu deux sessions de pourparlers directs russo-ukrainiens aux maigres r\u00e9sultats. Mais \u00ab\u00a0la Russie ne renoncera pas \u00e0 ces objectifs\u00a0\u00bb, a martel\u00e9 Iouri Ouchakov.<\/p>\n<p class=\"asset asset-text\">Moscou r\u00e9clame notamment de l\u2019Ukraine qu\u2019elle lui c\u00e8de quatre r\u00e9gions partiellement occup\u00e9es, en plus de la Crim\u00e9e annex\u00e9e en 2014, et qu\u2019elle renonce \u00e0 entrer dans l\u2019Otan. Des conditions inacceptables pour Kiev.<\/p>\n<p>    Volodymyr Zelensky veut parler \u00e0 Donald Trump    <\/p>\n<p class=\"asset asset-text\">Vladimir Poutine et Donald Trump ont \u00e9galement \u00e9voqu\u00e9 les conflits au Moyen-Orient, dont la r\u00e9cente guerre entre l\u2019Iran et Isra\u00ebl et la Syrie, le chef de l\u2019\u00c9tat russe ayant plaid\u00e9 pour un r\u00e8glement \u00ab\u00a0exclusivement par des moyens politiques et diplomatiques\u00a0\u00bb<\/p>\n<p class=\"asset asset-text\">Cette discussion est intervenue au lendemain de l\u2019annonce par Washington d\u2019une pause dans la livraison de certaines armes \u00e0 l\u2019Ukraine, pr\u00e8s de trois ans et demi apr\u00e8s le d\u00e9but de l\u2019offensive russe.<\/p>\n<p class=\"asset asset-text\">Les \u00c9tats-Unis sont le principal pourvoyeur d\u2019aide militaire \u00e0 l\u2019Ukraine et cette d\u00e9cision risque de mettre Kiev dans une position difficile \u00e0 un moment o\u00f9 les troupes russes continuent d\u2019avancer sur le front.<\/p>\n<p class=\"asset asset-text\">En d\u00e9placement au Danemark jeudi, le pr\u00e9sident ukrainien Volodymyr Zelensky a appel\u00e9 les Europ\u00e9ens \u00e0 accro\u00eetre leur soutien face \u00e0 ce qui s\u2019apparente \u00e0 un d\u00e9sengagement am\u00e9ricain. Dans ce contexte, le chef de l\u2019\u00c9tat ukrainien a dit esp\u00e9rer s\u2019entretenir avec Donald Trump \u00ab\u00a0demain (vendredi ndlr) ou dans les prochains jours\u00a0\u00bb. Les deux dirigeants s\u2019\u00e9taient rencontr\u00e9s en marge du sommet de l\u2019Otan \u00e0 La\u00a0Haye la semaine derni\u00e8re.<\/p>\n<p class=\"asset asset-text\">Mardi, c\u2019\u00e9tait le pr\u00e9sident fran\u00e7ais Emmanuel Macron qui avait parl\u00e9 au t\u00e9l\u00e9phone avec Vladimir Poutine, pour la premi\u00e8re fois depuis 2022, \u00e0 l\u2019encontre de la politique visant \u00e0 isoler le ma\u00eetre du Kremlin pr\u00f4n\u00e9e par les Europ\u00e9ens.<\/p>\n","protected":false},"excerpt":{"rendered":"LUDOVIC MARIN \/ AFP Donald Trump d\u00e9plore ce jeudi 3\u00a0juillet l\u2019absence de \u00ab\u00a0progr\u00e8s\u00a0\u00bb avec Vladimir Poutine, qui refuse&hellip;\n","protected":false},"author":2,"featured_media":225000,"comment_status":"","ping_status":"","sticky":false,"template":"","format":"standard","meta":{"footnotes":""},"categories":[1590],"tags":[11,75,73,1777,674,131,14,12,220,135],"class_list":{"0":"post-224999","1":"post","2":"type-post","3":"status-publish","4":"format-standard","5":"has-post-thumbnail","7":"category-ukraine","8":"tag-actualites","9":"tag-donald-trump","10":"tag-etats-unis","11":"tag-eu","12":"tag-europe","13":"tag-guerre-en-ukraine","14":"tag-international","15":"tag-news","16":"tag-ukraine","17":"tag-vladimir-poutine"},"share_on_mastodon":{"url":"","error":""},"_links":{"self":[{"href":"https:\/\/www.europesays.com\/fr\/wp-json\/wp\/v2\/posts\/224999","targetHints":{"allow":["GET"]}}],"collection":[{"href":"https:\/\/www.europesays.com\/fr\/wp-json\/wp\/v2\/posts"}],"about":[{"href":"https:\/\/www.europesays.com\/fr\/wp-json\/wp\/v2\/types\/post"}],"author":[{"embeddable":true,"href":"https:\/\/www.europesays.com\/fr\/wp-json\/wp\/v2\/users\/2"}],"replies":[{"embeddable":true,"href":"https:\/\/www.europesays.com\/fr\/wp-json\/wp\/v2\/comments?post=224999"}],"version-history":[{"count":0,"href":"https:\/\/www.europesays.com\/fr\/wp-json\/wp\/v2\/posts\/224999\/revisions"}],"wp:featuredmedia":[{"embeddable":true,"href":"https:\/\/www.europesays.com\/fr\/wp-json\/wp\/v2\/media\/225000"}],"wp:attachment":[{"href":"https:\/\/www.europesays.com\/fr\/wp-json\/wp\/v2\/media?parent=224999"}],"wp:term":[{"taxonomy":"category","embeddable":true,"href":"https:\/\/www.europesays.com\/fr\/wp-json\/wp\/v2\/categories?post=224999"},{"taxonomy":"post_tag","embeddable":true,"href":"https:\/\/www.europesays.com\/fr\/wp-json\/wp\/v2\/tags?post=224999"}],"curies":[{"name":"wp","href":"https:\/\/api.w.org\/{rel}","templated":true}]}}