{"id":225004,"date":"2025-07-04T06:42:09","date_gmt":"2025-07-04T06:42:09","guid":{"rendered":"https:\/\/www.europesays.com\/fr\/225004\/"},"modified":"2025-07-04T06:42:09","modified_gmt":"2025-07-04T06:42:09","slug":"un-homme-attaque-et-blesse-les-passagers-dun-train-2","status":"publish","type":"post","link":"https:\/\/www.europesays.com\/fr\/225004\/","title":{"rendered":"Un homme attaque et blesse les passagers d\u2019un train"},"content":{"rendered":"<p>Nouvelle sc\u00e8ne de violence dans les <a data-i13n=\"cpos:1;pos:1\" href=\"https:\/\/www.20minutes.fr\/dossier\/transports_en_commun?at_medium=RSS%20feed&amp;at_campaign=ynews&amp;utm_source=yahoo&amp;utm_medium=rss&amp;utm_campaign=news_feed&amp;utm_content=in_article_link\" rel=\"nofollow noopener\" target=\"_blank\" data-ylk=\"slk:transports;cpos:1;pos:1;elm:context_link;itc:0;sec:content-canvas\" class=\"link \">transports<\/a> allemands : jeudi apr\u00e8s-midi, un jeune homme arm\u00e9 d\u2019une hache et d\u2019un marteau a attaqu\u00e9 plusieurs passagers \u00e0 bord d\u2019un <a data-i13n=\"cpos:2;pos:1\" href=\"https:\/\/www.20minutes.fr\/dossier\/train?at_medium=RSS%20feed&amp;at_campaign=ynews&amp;utm_source=yahoo&amp;utm_medium=rss&amp;utm_campaign=news_feed&amp;utm_content=in_article_link\" rel=\"nofollow noopener\" target=\"_blank\" data-ylk=\"slk:train;cpos:2;pos:1;elm:context_link;itc:0;sec:content-canvas\" class=\"link \">train<\/a> \u00e0 grande vitesse reliant <a data-i13n=\"cpos:3;pos:1\" href=\"https:\/\/www.20minutes.fr\/dossier\/hambourg?at_medium=RSS%20feed&amp;at_campaign=ynews&amp;utm_source=yahoo&amp;utm_medium=rss&amp;utm_campaign=news_feed&amp;utm_content=in_article_link\" rel=\"nofollow noopener\" target=\"_blank\" data-ylk=\"slk:Hambourg;cpos:3;pos:1;elm:context_link;itc:0;sec:content-canvas\" class=\"link \">Hambourg<\/a> \u00e0 <a data-i13n=\"cpos:4;pos:1\" href=\"https:\/\/www.20minutes.fr\/monde\/vienne-autriche\/?at_medium=RSS%20feed&amp;at_campaign=ynews&amp;utm_source=yahoo&amp;utm_medium=rss&amp;utm_campaign=news_feed&amp;utm_content=in_article_link\" rel=\"nofollow noopener\" target=\"_blank\" data-ylk=\"slk:Vienne;cpos:4;pos:1;elm:context_link;itc:0;sec:content-canvas\" class=\"link \">Vienne<\/a>, semant la panique avant d\u2019\u00eatre ma\u00eetris\u00e9. Quatre personnes ont \u00e9t\u00e9 l\u00e9g\u00e8rement bless\u00e9es.<\/p>\n<p>L\u2019attaque s\u2019est produite vers 13h55 alors que l\u2019InterCity-Express (ICE) traversait la Bavi\u00e8re, dans le sud-est de l\u2019<a data-i13n=\"cpos:5;pos:1\" href=\"https:\/\/www.20minutes.fr\/dossier\/allemagne?at_medium=RSS%20feed&amp;at_campaign=ynews&amp;utm_source=yahoo&amp;utm_medium=rss&amp;utm_campaign=news_feed&amp;utm_content=in_article_link\" rel=\"nofollow noopener\" target=\"_blank\" data-ylk=\"slk:Allemagne;cpos:5;pos:1;elm:context_link;itc:0;sec:content-canvas\" class=\"link \">Allemagne<\/a>. \u00ab Un homme a bless\u00e9 plusieurs personnes dans un ICE en direction de Vienne \u00bb, a confirm\u00e9 la police locale dans un communiqu\u00e9. Le suspect a rapidement \u00e9t\u00e9 interpell\u00e9 par les forces de l\u2019ordre, mobilis\u00e9es en nombre avec les pompiers, les secours et les services d\u2019urgence de la Deutsche Bahn.<\/p>\n<p>Les passagers ma\u00eetrisent l\u2019assaillant<\/p>\n<p>Selon le quotidien Bild, l\u2019assaillant aurait \u00e9t\u00e9 ma\u00eetris\u00e9 par des passagers, l\u2019un d\u2019eux \u00e9tant parvenu \u00e0 le d\u00e9sarmer et \u00e0 retourner l\u2019une des armes contre lui, provoquant de graves blessures chez l\u2019attaquant. L\u2019homme interpell\u00e9 est \u00e2g\u00e9 de 20 ans et originaire de <a data-i13n=\"cpos:6;pos:1\" href=\"https:\/\/www.20minutes.fr\/monde\/syrie\/?at_medium=RSS%20feed&amp;at_campaign=ynews&amp;utm_source=yahoo&amp;utm_medium=rss&amp;utm_campaign=news_feed&amp;utm_content=in_article_link\" rel=\"nofollow noopener\" target=\"_blank\" data-ylk=\"slk:Syrie;cpos:6;pos:1;elm:context_link;itc:0;sec:content-canvas\" class=\"link \">Syrie<\/a>, a pr\u00e9cis\u00e9 G\u00fcnther Tomaschko, porte-parole de la <a data-i13n=\"cpos:7;pos:1\" href=\"https:\/\/www.20minutes.fr\/dossier\/police?at_medium=RSS%20feed&amp;at_campaign=ynews&amp;utm_source=yahoo&amp;utm_medium=rss&amp;utm_campaign=news_feed&amp;utm_content=in_article_link\" rel=\"nofollow noopener\" target=\"_blank\" data-ylk=\"slk:police;cpos:7;pos:1;elm:context_link;itc:0;sec:content-canvas\" class=\"link \">police<\/a>, \u00e0 la radio Bayerischer Rundfunk. Il n\u2019a toutefois pas souhait\u00e9 \u00e9voquer le mobile pr\u00e9sum\u00e9 de l\u2019attaque, indiquant que l\u2019enqu\u00eate en \u00e9tait encore \u00e0 ses d\u00e9buts.<\/p>\n<p>La compagnie ferroviaire Deutsche Bahn a indiqu\u00e9 dans un communiqu\u00e9 que \u00ab les autorit\u00e9s enqu\u00eatent actuellement sur les circonstances de l\u2019incident \u00bb. La voie ferr\u00e9e concern\u00e9e a \u00e9t\u00e9 temporairement boucl\u00e9e, entra\u00eenant des perturbations du trafic. Cette nou(&#8230;)<\/p>\n<p><a data-i13n=\"cpos:8;pos:1\" href=\"https:\/\/www.20minutes.fr\/faits_divers\/4161844-20250703-allemagne-homme-attaque-blesse-passagers-train?at_medium=RSS%20feed&amp;at_campaign=ynews&amp;utm_source=yahoo&amp;utm_medium=rss&amp;utm_campaign=news_feed&amp;utm_content=read_more_link%22\" rel=\"nofollow noopener\" target=\"_blank\" data-ylk=\"slk:Lire la suite sur 20minutes;cpos:8;pos:1;elm:context_link;itc:0;sec:content-canvas\" class=\"link \">Lire la suite sur 20minutes<\/a><\/p>\n<p>\u00c0 lire aussi :<br \/><a data-i13n=\"cpos:9;pos:1\" href=\"https:\/\/www.20minutes.fr\/monde\/allemagne\/4155229-20250524-allemagne-18-blesses-assaillante-interpellee-sait-attaque-couteau-hambourg?at_medium=RSS%20feed&amp;at_campaign=ynews&amp;utm_source=yahoo&amp;utm_medium=rss&amp;utm_campaign=news_feed&amp;utm_content=related_content_link\" rel=\"nofollow noopener\" target=\"_blank\" data-ylk=\"slk:Allemagne : 18 bless\u00e9s, l\u2019assaillante interpell\u00e9e, profil psy\u2026 Ce que l\u2019on sait de l\u2019attaque au couteau \u00e0 Hambourg;cpos:9;pos:1;elm:context_link;itc:0;sec:content-canvas\" class=\"link \">Allemagne : 18 bless\u00e9s, l\u2019assaillante interpell\u00e9e, profil psy\u2026 Ce que l\u2019on sait de l\u2019attaque au couteau \u00e0 Hambourg<\/a><br \/><a data-i13n=\"cpos:10;pos:1\" href=\"https:\/\/www.20minutes.fr\/faits_divers\/4155181-20250523-allemagne-moins-12-personnes-blessees-attaque-couteau-gare-hambourg?at_medium=RSS%20feed&amp;at_campaign=ynews&amp;utm_source=yahoo&amp;utm_medium=rss&amp;utm_campaign=news_feed&amp;utm_content=related_content_link\" rel=\"nofollow noopener\" target=\"_blank\" data-ylk=\"slk:Allemagne : Une femme blesse 18 personnes dans une attaque au couteau \u00e0 la gare de Hambourg;cpos:10;pos:1;elm:context_link;itc:0;sec:content-canvas\" class=\"link \">Allemagne : Une femme blesse 18 personnes dans une attaque au couteau \u00e0 la gare de Hambourg<\/a><\/p>\n","protected":false},"excerpt":{"rendered":"Nouvelle sc\u00e8ne de violence dans les transports allemands : jeudi apr\u00e8s-midi, un jeune homme arm\u00e9 d\u2019une hache et&hellip;\n","protected":false},"author":2,"featured_media":225005,"comment_status":"","ping_status":"","sticky":false,"template":"","format":"standard","meta":{"footnotes":""},"categories":[1587],"tags":[11,672,1804,1805,6122,1803,1777,674,1801,12,1802],"class_list":{"0":"post-225004","1":"post","2":"type-post","3":"status-publish","4":"format-standard","5":"has-post-thumbnail","7":"category-allemagne","8":"tag-actualites","9":"tag-allemagne","10":"tag-bundesrepublik-deutschland","11":"tag-de","12":"tag-deutsche-bahn","13":"tag-deutschland","14":"tag-eu","15":"tag-europe","16":"tag-germany","17":"tag-news","18":"tag-republique-federale-dallemagne"},"share_on_mastodon":{"url":"https:\/\/pubeurope.com\/@fr\/114793607759875607","error":""},"_links":{"self":[{"href":"https:\/\/www.europesays.com\/fr\/wp-json\/wp\/v2\/posts\/225004","targetHints":{"allow":["GET"]}}],"collection":[{"href":"https:\/\/www.europesays.com\/fr\/wp-json\/wp\/v2\/posts"}],"about":[{"href":"https:\/\/www.europesays.com\/fr\/wp-json\/wp\/v2\/types\/post"}],"author":[{"embeddable":true,"href":"https:\/\/www.europesays.com\/fr\/wp-json\/wp\/v2\/users\/2"}],"replies":[{"embeddable":true,"href":"https:\/\/www.europesays.com\/fr\/wp-json\/wp\/v2\/comments?post=225004"}],"version-history":[{"count":0,"href":"https:\/\/www.europesays.com\/fr\/wp-json\/wp\/v2\/posts\/225004\/revisions"}],"wp:featuredmedia":[{"embeddable":true,"href":"https:\/\/www.europesays.com\/fr\/wp-json\/wp\/v2\/media\/225005"}],"wp:attachment":[{"href":"https:\/\/www.europesays.com\/fr\/wp-json\/wp\/v2\/media?parent=225004"}],"wp:term":[{"taxonomy":"category","embeddable":true,"href":"https:\/\/www.europesays.com\/fr\/wp-json\/wp\/v2\/categories?post=225004"},{"taxonomy":"post_tag","embeddable":true,"href":"https:\/\/www.europesays.com\/fr\/wp-json\/wp\/v2\/tags?post=225004"}],"curies":[{"name":"wp","href":"https:\/\/api.w.org\/{rel}","templated":true}]}}