{"id":225006,"date":"2025-07-04T06:43:11","date_gmt":"2025-07-04T06:43:11","guid":{"rendered":"https:\/\/www.europesays.com\/fr\/225006\/"},"modified":"2025-07-04T06:43:11","modified_gmt":"2025-07-04T06:43:11","slug":"les-valeurs-a-suivre-a-paris-et-en-europe-actualise-04-07-2025-a-0801","status":"publish","type":"post","link":"https:\/\/www.europesays.com\/fr\/225006\/","title":{"rendered":"Les valeurs \u00e0 suivre \u00e0 Paris et en Europe (actualis\u00e9) &#8211; 04\/07\/2025 \u00e0 08:01"},"content":{"rendered":"<p>\n (Actualis\u00e9 avec Air France-KLM, Stellantis, Carmat, LDC, Monte<br \/>\nDei Paschi Di Siena\/Mediobanca, Astrazeneca, Wizz Air)\n<\/p>\n<p>\n *\n<\/p>\n<p>\n Variation des futures sur indice CAC 40  0#FCE:\n<\/p>\n<p>\n *\n<\/p>\n<p>\n Variation des futures sur indice Stoxx 600  0#FXXP:\n<\/p>\n<p>\n *\n<\/p>\n<p>\n Valeurs qui se traitent ex-dividende  .EX.PA\n<\/p>\n<p>\n *\n<\/p>\n<p>\n Le point sur les march\u00e9s europ\u00e9ens  .EUFR\n<\/p>\n<p>\n Les valeurs \u00e0 suivre<br \/>\nvendredi \u00e0 la Bourse de Paris et en Europe :\n<\/p>\n<p>\n * SECTEUR A\u00c9RIEN &#8211; Plus de 1.500 vols devraient avoir \u00e9t\u00e9<br \/>\nannul\u00e9s entre les 3 et 4 juillet, ce qui devrait affecter pr\u00e8s<br \/>\nde 300.000 passagers, en raison d&rsquo;une gr\u00e8ve des contr\u00f4leurs<br \/>\na\u00e9riens fran\u00e7ais, a indiqu\u00e9 jeudi dans un communiqu\u00e9 Airlines<br \/>\nfor Europe (A4E), la f\u00e9d\u00e9ration europ\u00e9enne du secteur de<br \/>\nl&rsquo;a\u00e9ronautique.\n<\/p>\n<p>\n *\n<\/p>\n<p>\n AIR FRANCE-KLM\n<\/p>\n<p>\n <a href=\"https:\/\/www.boursorama.com\/cours\/1rPAF\/\" rel=\"nofollow noopener\" target=\"_blank\"><br \/>\n  AIRF.PA<br \/>\n <\/a><br \/>\n a annonc\u00e9 vendredi entamer un processus destin\u00e9 \u00e0<br \/>\nprendre une participation majoritaire au capital de la compagnie<br \/>\na\u00e9rienne scandinave SAS, avec laquelle le groupe<br \/>\nfranco-n\u00e9erlandais avait scell\u00e9 l&rsquo;an dernier un accord de<br \/>\ncoop\u00e9ration commerciale.\n<\/p>\n<p>\n *\n<\/p>\n<p>\n STELLANTIS\n<\/p>\n<p>\n <a href=\"https:\/\/www.boursorama.com\/cours\/1gSTLAM\/\" rel=\"nofollow noopener\" target=\"_blank\"><br \/>\n  STLAM.MI<br \/>\n <\/a><br \/>\n &#8211; Le constructeur automobile a annonc\u00e9 jeudi le<br \/>\nrappel en Europe de v\u00e9hicules diesel produits entre octobre 2017<br \/>\net janvier 2023, en raison de probl\u00e8mes potentiels li\u00e9s \u00e0 la<br \/>\ncha\u00eene d\u2019arbre \u00e0 cames.\n<\/p>\n<p>\n *\n<\/p>\n<p>\n CARMAT\n<\/p>\n<p>\n <a href=\"https:\/\/www.boursorama.com\/cours\/1rEPALCAR\/\" rel=\"nofollow noopener\" target=\"_blank\"><br \/>\n  ALCAR.PA<br \/>\n <\/a><br \/>\n &#8211; Le concepteur du c\u0153ur artificiel Aeson a<br \/>\nannonc\u00e9 jeudi le lancement d&rsquo;un appel d&rsquo;offres en vue de la<br \/>\nrecherche de repreneurs ou d&rsquo;investisseurs, dans le cadre de sa<br \/>\nproc\u00e9dure de redressement judiciaire ouverte le 1er juillet.\n<\/p>\n<p>\n * EUTELSAT COMMUNICATIONS<br \/>\n <a href=\"https:\/\/www.boursorama.com\/cours\/1rPETL\/\" rel=\"nofollow noopener\" target=\"_blank\"><br \/>\n  ETL.PA<br \/>\n <\/a><br \/>\n &#8211; Bpifrance a annonc\u00e9<br \/>\njeudi la cession de sa participation dans le groupe \u00e0 l&rsquo;Agence<br \/>\ndes participations de l&rsquo;\u00c9tat (APE), soulignant une nouvelle<br \/>\n\u00e9tape strat\u00e9gique en vue de la souverainet\u00e9 spatiale europ\u00e9enne.\n<\/p>\n<p>\n * LDC<br \/>\n <a href=\"https:\/\/www.boursorama.com\/cours\/1rPLOUP\/\" rel=\"nofollow noopener\" target=\"_blank\"><br \/>\n  LOUP.PA<br \/>\n <\/a><br \/>\n a fait \u00e9tat jeudi soir d&rsquo;un chiffre<br \/>\nd&rsquo;affaires trimestriel de 1,7 milliard d&rsquo;euros et a confirm\u00e9 ses<br \/>\nobjectifs financiers pour 2025-206.\n<\/p>\n<p>\n * ARGAN<br \/>\n <a href=\"https:\/\/www.boursorama.com\/cours\/1rPARG\/\" rel=\"nofollow noopener\" target=\"_blank\"><br \/>\n  ARGAN.PA<br \/>\n <\/a><br \/>\n a annonc\u00e9 que DANONE<br \/>\n <a href=\"https:\/\/www.boursorama.com\/cours\/1rPBN\/\" rel=\"nofollow noopener\" target=\"_blank\"><br \/>\n  DANO.PA<br \/>\n <\/a><br \/>\n l&rsquo;avait<br \/>\nchoisi pour son site logistique de Tours.\n<\/p>\n<p>\n * MONTE DEI PASCHI DI SIENA (MPS)<br \/>\n <a href=\"https:\/\/www.boursorama.com\/cours\/1gBMPS\/\" rel=\"nofollow noopener\" target=\"_blank\"><br \/>\n  BMPS.MI<br \/>\n <\/a><br \/>\n &#8211;<br \/>\nL&rsquo;administrateur d\u00e9l\u00e9gu\u00e9 du groupe, Luigi Lovaglio, a d\u00e9clar\u00e9<br \/>\nvendredi dans un entretien accord\u00e9 au quotidien \u00e9conomique Il<br \/>\nSole 24 Ore qu&rsquo;il \u00e9tait certain que l&rsquo;offre publique d&rsquo;achat<br \/>\nhostile de sa banque sur MEDIOBANCA<br \/>\n <a href=\"https:\/\/www.boursorama.com\/cours\/1gMB\/\" rel=\"nofollow noopener\" target=\"_blank\"><br \/>\n  MDBI.MI<br \/>\n <\/a><br \/>\n r\u00e9ussirait.\n<\/p>\n<p>\n * ASTRAZENECA<br \/>\n <a href=\"https:\/\/www.boursorama.com\/cours\/1uAZN.L\/\" rel=\"nofollow noopener\" target=\"_blank\"><br \/>\n  AZN.L<br \/>\n <\/a><br \/>\n est en discussions avec Summit<br \/>\nTherapeutics<br \/>\n <a href=\"https:\/\/www.boursorama.com\/cours\/SMMT\/\" rel=\"nofollow noopener\" target=\"_blank\"><br \/>\n  SMMT.O<br \/>\n <\/a><br \/>\n pour obtenir une licence pour un<br \/>\nm\u00e9dicament exp\u00e9rimental contre le cancer du poumon dans le cadre<br \/>\nd&rsquo;une op\u00e9ration pouvant atteindre 15 milliards de dollars, a<br \/>\nrapport\u00e9 jeudi l&rsquo;agence Bloomberg, citant des sources proches du<br \/>\ndossier.\n<\/p>\n<p>\n * WIZZ AIR<br \/>\n <a href=\"https:\/\/www.boursorama.com\/cours\/1uWIZZ.L\/\" rel=\"nofollow noopener\" target=\"_blank\"><br \/>\n  WIZZ.L<br \/>\n <\/a><br \/>\n &#8211; Le transporteur a\u00e9rien \u00e0 bas co\u00fbt a<br \/>\nconfirm\u00e9 jeudi faire l&rsquo;objet d&rsquo;une enqu\u00eate du minist\u00e8re espagnol<br \/>\nde la Consommation pour avoir notamment factur\u00e9 \u00e0 ses clients<br \/>\ndes bagages volumineux en cabine.\n<\/p>\n<p>\n L&rsquo;AGENDA FRANCE &amp; INTERNATIONAL \u00c0 7 JOURS:<\/p>\n<p> nL8N3SW067\n<\/p>\n<p>\n (R\u00e9dig\u00e9 par Claude Chendjou, \u00e9dit\u00e9 par Augustin Turpin)<\/p>\n","protected":false},"excerpt":{"rendered":"(Actualis\u00e9 avec Air France-KLM, Stellantis, Carmat, LDC, Monte Dei Paschi Di Siena\/Mediobanca, Astrazeneca, Wizz Air) * Variation des&hellip;\n","protected":false},"author":2,"featured_media":64038,"comment_status":"","ping_status":"","sticky":false,"template":"","format":"standard","meta":{"footnotes":""},"categories":[1586],"tags":[400,11,398,408,405,1777,674,1011,27,403,402,399,404,12,25,401,406,407],"class_list":{"0":"post-225006","1":"post","2":"type-post","3":"status-publish","4":"format-standard","5":"has-post-thumbnail","7":"category-europe","8":"tag-action-cac-40","9":"tag-actualites","10":"tag-bourse-de-paris","11":"tag-boursorama","12":"tag-cotations","13":"tag-eu","14":"tag-europe","15":"tag-fr","16":"tag-france","17":"tag-indices-devises","18":"tag-investir","19":"tag-investissement","20":"tag-marche-boursier","21":"tag-news","22":"tag-republique-francaise","23":"tag-sicav","24":"tag-trackers","25":"tag-warrants"},"share_on_mastodon":{"url":"https:\/\/pubeurope.com\/@fr\/114793611973002318","error":""},"_links":{"self":[{"href":"https:\/\/www.europesays.com\/fr\/wp-json\/wp\/v2\/posts\/225006","targetHints":{"allow":["GET"]}}],"collection":[{"href":"https:\/\/www.europesays.com\/fr\/wp-json\/wp\/v2\/posts"}],"about":[{"href":"https:\/\/www.europesays.com\/fr\/wp-json\/wp\/v2\/types\/post"}],"author":[{"embeddable":true,"href":"https:\/\/www.europesays.com\/fr\/wp-json\/wp\/v2\/users\/2"}],"replies":[{"embeddable":true,"href":"https:\/\/www.europesays.com\/fr\/wp-json\/wp\/v2\/comments?post=225006"}],"version-history":[{"count":0,"href":"https:\/\/www.europesays.com\/fr\/wp-json\/wp\/v2\/posts\/225006\/revisions"}],"wp:featuredmedia":[{"embeddable":true,"href":"https:\/\/www.europesays.com\/fr\/wp-json\/wp\/v2\/media\/64038"}],"wp:attachment":[{"href":"https:\/\/www.europesays.com\/fr\/wp-json\/wp\/v2\/media?parent=225006"}],"wp:term":[{"taxonomy":"category","embeddable":true,"href":"https:\/\/www.europesays.com\/fr\/wp-json\/wp\/v2\/categories?post=225006"},{"taxonomy":"post_tag","embeddable":true,"href":"https:\/\/www.europesays.com\/fr\/wp-json\/wp\/v2\/tags?post=225006"}],"curies":[{"name":"wp","href":"https:\/\/api.w.org\/{rel}","templated":true}]}}