{"id":22501,"date":"2025-04-13T15:33:09","date_gmt":"2025-04-13T15:33:09","guid":{"rendered":"https:\/\/www.europesays.com\/fr\/22501\/"},"modified":"2025-04-13T15:33:09","modified_gmt":"2025-04-13T15:33:09","slug":"la-chine-appelle-les-etats-unis-a-annuler-completement-les-surtaxes-reciproques","status":"publish","type":"post","link":"https:\/\/www.europesays.com\/fr\/22501\/","title":{"rendered":"la Chine appelle les \u00c9tats-Unis \u00e0 \u00ab\u00a0annuler compl\u00e8tement\u00a0\u00bb les surtaxes r\u00e9ciproques"},"content":{"rendered":"<p class=\"article-p mdl\">La guerre commerciale entre les \u00c9tats-Unis et la Chine va-t-elle conna\u00eetre <strong>un apaisement <\/strong>? Alors que Donald Trump a multipli\u00e9 les revirements de situation ces derniers jours en suspendant notamment le pr\u00e9sident am\u00e9ricain a persist\u00e9 vis-\u00e0-vis de la Chine.<\/p>\n<p class=\"article-p mdl\">Ce samedi 12 avril, lorsque les \u00c9tats-Unis ont d\u00e9cid\u00e9 d&rsquo;<a class=\"link\" href=\"https:\/\/www.rtl.fr\/actu\/international\/droits-de-douane-donald-trump-dispense-de-surtaxes-les-smartphones-et-les-ordinateurs-7900493709\" target=\"_blank\" rel=\"noopener\">exempter les smartphones<\/a>, ordinateurs et autres produits \u00e9lectroniques des r\u00e9centes surtaxes douani\u00e8res massives. Cette <strong>d\u00e9cision a \u00e9t\u00e9 jug\u00e9e de \u00ab\u00a0petit pas\u00a0\u00bb par un porte-parole du minist\u00e8re chinois du Commerce<\/strong>.<\/p>\n<p class=\"article-p mdl\">De son c\u00f4t\u00e9, la Chine attend davantage : \u00ab\u00a0<strong>Nous exhortons les \u00c9tats-Unis \u00e0 (&#8230;) faire un grand pas pour corriger ses erreurs<\/strong>, annuler compl\u00e8tement la mauvaise pratique des droits de douane r\u00e9ciproques et revenir sur le droit chemin du respect mutuel\u00a0\u00bb, a d\u00e9clar\u00e9 le minist\u00e8re chinois du Commerce dans un communiqu\u00e9.<\/p>\n<p class=\"article-p mdl\">Le pr\u00e9c\u00e9dent recul des \u00c9tats-Unis n&rsquo;est pas suffisant, en comparaison avec les droits de douane monumentaux qui visent la Chine. Depuis mercredi, le pays d&rsquo;Asie est sous la contrainte de <strong>145% de surtaxes douani\u00e8res<\/strong>. P\u00e9kin avait ripost\u00e9, vendredi 11 avril, en faisant bondir \u00e0 <strong>125% ses droits de douane<\/strong> appliqu\u00e9s \u00e0 l&rsquo;ensemble des produits am\u00e9ricains, une mesure entr\u00e9e en vigueur d\u00e8s samedi.<\/p>\n<p>    La r\u00e9daction vous recommande<\/p>\n<p class=\"s-newsletter__title\">\n                L\u2019actualit\u00e9 par la r\u00e9daction de RTL dans votre bo\u00eete mail.\n            <\/p>\n<p class=\"s-newsletter__subtitle\">\n                Gr\u00e2ce \u00e0 votre compte RTL abonnez-vous \u00e0 la newsletter RTL info pour suivre toute l&rsquo;actualit\u00e9 au quotidien\n            <\/p>\n<p>\n                                    Lire la suite\n                                <\/p>\n","protected":false},"excerpt":{"rendered":"La guerre commerciale entre les \u00c9tats-Unis et la Chine va-t-elle conna\u00eetre un apaisement ? Alors que Donald Trump&hellip;\n","protected":false},"author":2,"featured_media":22502,"comment_status":"","ping_status":"","sticky":false,"template":"","format":"standard","meta":{"footnotes":""},"categories":[1589],"tags":[11,309,215,75,2822,73,1866,107,12,2549,1864,1865,1863,308],"class_list":{"0":"post-22501","1":"post","2":"type-post","3":"status-publish","4":"format-standard","5":"has-post-thumbnail","7":"category-etats-unis","8":"tag-actualites","9":"tag-chine","10":"tag-commerce","11":"tag-donald-trump","12":"tag-douanes","13":"tag-etats-unis","14":"tag-etats-unis-damerique","15":"tag-fil-info","16":"tag-news","17":"tag-taxe","18":"tag-united-states","19":"tag-united-states-of-america","20":"tag-us","21":"tag-usa"},"share_on_mastodon":{"url":"https:\/\/pubeurope.com\/@fr\/114331386211202166","error":""},"_links":{"self":[{"href":"https:\/\/www.europesays.com\/fr\/wp-json\/wp\/v2\/posts\/22501","targetHints":{"allow":["GET"]}}],"collection":[{"href":"https:\/\/www.europesays.com\/fr\/wp-json\/wp\/v2\/posts"}],"about":[{"href":"https:\/\/www.europesays.com\/fr\/wp-json\/wp\/v2\/types\/post"}],"author":[{"embeddable":true,"href":"https:\/\/www.europesays.com\/fr\/wp-json\/wp\/v2\/users\/2"}],"replies":[{"embeddable":true,"href":"https:\/\/www.europesays.com\/fr\/wp-json\/wp\/v2\/comments?post=22501"}],"version-history":[{"count":0,"href":"https:\/\/www.europesays.com\/fr\/wp-json\/wp\/v2\/posts\/22501\/revisions"}],"wp:featuredmedia":[{"embeddable":true,"href":"https:\/\/www.europesays.com\/fr\/wp-json\/wp\/v2\/media\/22502"}],"wp:attachment":[{"href":"https:\/\/www.europesays.com\/fr\/wp-json\/wp\/v2\/media?parent=22501"}],"wp:term":[{"taxonomy":"category","embeddable":true,"href":"https:\/\/www.europesays.com\/fr\/wp-json\/wp\/v2\/categories?post=22501"},{"taxonomy":"post_tag","embeddable":true,"href":"https:\/\/www.europesays.com\/fr\/wp-json\/wp\/v2\/tags?post=22501"}],"curies":[{"name":"wp","href":"https:\/\/api.w.org\/{rel}","templated":true}]}}