{"id":225010,"date":"2025-07-04T06:46:10","date_gmt":"2025-07-04T06:46:10","guid":{"rendered":"https:\/\/www.europesays.com\/fr\/225010\/"},"modified":"2025-07-04T06:46:10","modified_gmt":"2025-07-04T06:46:10","slug":"quand-le-president-americain-menace-dexpulser-la-nouvelle-star-democrate-liberation","status":"publish","type":"post","link":"https:\/\/www.europesays.com\/fr\/225010\/","title":{"rendered":"quand le\u00a0pr\u00e9sident am\u00e9ricain menace d\u2019expulser la nouvelle star d\u00e9mocrate \u2013 Lib\u00e9ration"},"content":{"rendered":"<p class=\"sc-ksZaOG ehjQrN text-element\">C\u2019est un rire bienveillant, l\u00e9ger en apparence, mais d\u2019une cruaut\u00e9 implacable. Lorsque le correspondant de Fox News \u00e0 la Maison Blanche, l\u2019obs\u00e9quieux Peter Doocy, demande lundi 30 juin \u00e0 Karoline Leavitt, porte-parole de Donald Trump, si le Pr\u00e9sident veut expulser <a href=\"https:\/\/www.liberation.fr\/international\/moyen-orient\/primaire-democrate-pour-la-mairie-de-new-york-un-socialiste-adoube-par-bernie-sanders-bien-parti-pour-bousculer-lestablishment-democrate-20250624_WV2SPCZKUREGPEXDXWJLXL33M4\/\" target=\"_blank\" rel=\"noopener\" title=\"https:\/\/www.liberation.fr\/international\/moyen-orient\/primaire-democrate-pour-la-mairie-de-new-york-un-socialiste-adoube-par-bernie-sanders-bien-parti-pour-bousculer-lestablishment-democrate-20250624_WV2SPCZKUREGPEXDXWJLXL33M4\/\">Zohran Mamdani, candidat d\u00e9mocrate \u00e0 la mairie de New York<\/a>, elle rit, donc. Puis, sans h\u00e9siter, r\u00e9pond : \u00abJe ne l\u2019ai pas entendu dire \u00e7a. Je ne l\u2019ai pas entendu r\u00e9clamer cela. Mais il ne veut certainement pas que cet individu soit \u00e9lu.\u00bb<\/p>\n<p class=\"sc-ksZaOG ehjQrN text-element\">A l\u2019\u00e8re Trump, on peut donc esquisser un sourire sans honte \u00e0 l\u2019id\u00e9e de d\u00e9choir un citoyen am\u00e9ricain de sa nationalit\u00e9, sans motif valable, pour la simple raison qu\u2019il d\u00e9range. Et Mamdani d\u00e9range assur\u00e9ment. N\u00e9 en Ouganda, fils de l\u2019universitaire Mahmoud Mamdani et de la cin\u00e9aste Mira Nair, naturalis\u00e9 am\u00e9ricain en 2018, ce jeune trentenaire progressiste <a href=\"https:\/\/www.liberation.fr\/international\/amerique\/a-new-york-le-trentenaire-socialiste-zohran-mamdani-cree-la-surprise-en-rempor&lt;\/p&gt;&lt;\/div&gt;&lt;\/article&gt;&lt;\/div&gt;&lt;div data-fusion-lazy-id=\" f0f8vgvlad832fw=\"\" target=\"_blank\" rel=\"noopener\"><\/p>\n","protected":false},"excerpt":{"rendered":"C\u2019est un rire bienveillant, l\u00e9ger en apparence, mais d\u2019une cruaut\u00e9 implacable. Lorsque le correspondant de Fox News \u00e0&hellip;\n","protected":false},"author":2,"featured_media":225011,"comment_status":"","ping_status":"","sticky":false,"template":"","format":"standard","meta":{"footnotes":""},"categories":[2],"tags":[11,75,73,1011,27,415,12,1203,9150,10162,25],"class_list":{"0":"post-225010","1":"post","2":"type-post","3":"status-publish","4":"format-standard","5":"has-post-thumbnail","7":"category-actualites","8":"tag-actualites","9":"tag-donald-trump","10":"tag-etats-unis","11":"tag-fr","12":"tag-france","13":"tag-new-york","14":"tag-news","15":"tag-parti-democrate","16":"tag-parti-republicain","17":"tag-racisme","18":"tag-republique-francaise"},"share_on_mastodon":{"url":"https:\/\/pubeurope.com\/@fr\/114793623289828506","error":""},"_links":{"self":[{"href":"https:\/\/www.europesays.com\/fr\/wp-json\/wp\/v2\/posts\/225010","targetHints":{"allow":["GET"]}}],"collection":[{"href":"https:\/\/www.europesays.com\/fr\/wp-json\/wp\/v2\/posts"}],"about":[{"href":"https:\/\/www.europesays.com\/fr\/wp-json\/wp\/v2\/types\/post"}],"author":[{"embeddable":true,"href":"https:\/\/www.europesays.com\/fr\/wp-json\/wp\/v2\/users\/2"}],"replies":[{"embeddable":true,"href":"https:\/\/www.europesays.com\/fr\/wp-json\/wp\/v2\/comments?post=225010"}],"version-history":[{"count":0,"href":"https:\/\/www.europesays.com\/fr\/wp-json\/wp\/v2\/posts\/225010\/revisions"}],"wp:featuredmedia":[{"embeddable":true,"href":"https:\/\/www.europesays.com\/fr\/wp-json\/wp\/v2\/media\/225011"}],"wp:attachment":[{"href":"https:\/\/www.europesays.com\/fr\/wp-json\/wp\/v2\/media?parent=225010"}],"wp:term":[{"taxonomy":"category","embeddable":true,"href":"https:\/\/www.europesays.com\/fr\/wp-json\/wp\/v2\/categories?post=225010"},{"taxonomy":"post_tag","embeddable":true,"href":"https:\/\/www.europesays.com\/fr\/wp-json\/wp\/v2\/tags?post=225010"}],"curies":[{"name":"wp","href":"https:\/\/api.w.org\/{rel}","templated":true}]}}