{"id":225027,"date":"2025-07-04T06:57:20","date_gmt":"2025-07-04T06:57:20","guid":{"rendered":"https:\/\/www.europesays.com\/fr\/225027\/"},"modified":"2025-07-04T06:57:20","modified_gmt":"2025-07-04T06:57:20","slug":"toutes-les-filles-de-notre-age-font-assume-ce-que-beaucoup-nosent-dire","status":"publish","type":"post","link":"https:\/\/www.europesays.com\/fr\/225027\/","title":{"rendered":"\u00ab\u00a0Toutes les filles de notre \u00e2ge font&#8230;\u00a0\u00bb assume ce que beaucoup n\u2019osent dire"},"content":{"rendered":"<p><strong>Joy Hallyday<\/strong> incarne \u00e0 merveille cette p\u00e9riode<br \/>\ncharni\u00e8re qu\u2019est l\u2019adolescence, ce passage progressif entre<br \/>\nl\u2019enfance et l\u2019\u00e2ge adulte. Loin d\u2019\u00eatre la petite fille timide<br \/>\nd\u2019autrefois, elle affiche d\u00e9sormais une maturit\u00e9 affirm\u00e9e sur les<br \/>\nr\u00e9seaux sociaux, assumant pleinement les changements qui s\u2019op\u00e8rent<br \/>\nen elle. Cette phase intense se traduit par une transformation<br \/>\ncorporelle rapide, marqu\u00e9e notamment par la pubert\u00e9 qui fait \u00e9clore<br \/>\nles traits sexu\u00e9s de l\u2019adulte.<\/p>\n<p>Au-del\u00e0 des \u00e9volutions physiques, cette \u00e9tape bouleverse aussi<br \/>\nle monde social et affectif. L\u2019adolescent doit r\u00e9inventer ses liens<br \/>\nfamiliaux, tisser des relations plus proches et intimes avec ses<br \/>\npairs, et s\u2019ouvrir aux exp\u00e9riences amoureuses. Ces d\u00e9fis sont<br \/>\nautant d\u2019\u00e9tapes qui poussent \u00e0 quitter l\u2019insouciance de l\u2019enfance<br \/>\npour embrasser de nouvelles responsabilit\u00e9s. La fille cadette de<br \/>\n<strong>Laeticia et Johnny Hallyday<\/strong> vit pleinement cette<br \/>\ntransition, sous le regard attentif du public, qui n\u00a0\u00bbest<br \/>\nvisiblement pr\u00eat \u00e0 la laisser grandir aussi rapidement\u2026<\/p>\n<p>Joy Hallyday : une ado libre, et fi\u00e8re de l\u2019\u00eatre<\/p>\n<p>\u00c0 16 ans, Joy Hallyday ne laisse aucun doute sur son temp\u00e9rament<br \/>\naffirm\u00e9. Inspir\u00e9e par le franc-parler de son p\u00e8re Johnny, elle<br \/>\nrefuse de se plier aux diktats impos\u00e9s par les autres. Un \u00e9tat<br \/>\nd\u2019esprit que Laeticia Hallyday n\u2019a cess\u00e9 d\u2019encourager.<br \/>\n\u201cN&rsquo;oublie jamais ce que te disait ton papa. Ne laisse jamais<br \/>\npersonne te dicter ce que tu dois ressentir ce que tu dois \u00eatre.<br \/>\n<strong>Parce que personne n&rsquo;est \u00e0 ta place<\/strong>. Tu es libre<br \/>\nde suivre tes envies, tes r\u00eaves. Tu es libre d&rsquo;\u00eatre toi-m\u00eame\u201d,<br \/>\n\u00e9crivait-elle \u00e0 sa fille pour ses 14 ans. Depuis, la jeune fille<br \/>\nsemble avoir bien int\u00e9gr\u00e9 ce message.<\/p>\n<p>Malgr\u00e9 les critiques parfois violentes qu\u2019elle re\u00e7oit en ligne,<br \/>\nla derni\u00e8re de la fratrie du regrett\u00e9 chanteur continue d\u2019afficher<br \/>\nfi\u00e8rement ses choix, ses go\u00fbts et ses tenues. Sur les r\u00e9seaux<br \/>\nsociaux, <strong>elle affirme son identit\u00e9 avec une confiance<br \/>\nremarquable<\/strong>, quitte \u00e0 bousculer les internautes les plus<br \/>\nconservateurs. Sa mani\u00e8re d\u2019\u00eatre, assum\u00e9e et sans concession,<br \/>\nconfirme qu\u2019elle trace sa route, en toute libert\u00e9, sans rien<br \/>\ndemander \u00e0 personne.<\/p>\n<p>Les Am\u00e9ricains bien plus tol\u00e9rants que les Fran\u00e7ais ?<\/p>\n<p>La libert\u00e9 d\u2019expression vestimentaire de Joy Hallyday ne passe<br \/>\nd\u00e9cid\u00e9ment pas inaper\u00e7ue. <a href=\"https:\/\/www.melty.fr\/people\/joy-hallyday-affiche-ses-formes-en-bikini-les-internautes-choques-la-vulgarite-dans-toute-sa-splendeur-2246219.html\" rel=\"nofollow noopener\" target=\"_blank\"><br \/>\nJug\u00e9e trop provocante par certains internautes pour ses tenues<br \/>\nmoulantes<\/a> ou jug\u00e9es \u201cinappropri\u00e9es\u201d, l\u2019adolescente a<br \/>\n\u00e9galement d\u00fb faire face \u00e0 des rumeurs sur une pr\u00e9tendue chirurgie<br \/>\nesth\u00e9tique. Tr\u00e8s active sur Instagram et TikTok, elle ne comprend<br \/>\npas ce d\u00e9calage culturel entre la France et les \u00c9tats-Unis :<br \/>\n\u201c<strong>Toutes les filles de notre \u00e2ge font \u00e7a, surtout en<br \/>\nAm\u00e9rique.<\/strong>\u201d L\u00e0-bas, voir des jeunes en leggings, en<br \/>\nclaquettes ou en tenue l\u00e9g\u00e8re fait partie du quotidien, alors qu\u2019en<br \/>\nFrance, les critiques pleuvent plus facilement.<\/p>\n<p>Interview\u00e9es par Paris Match, les s\u0153urs de <strong>David<br \/>\nHallyday<\/strong> ont partag\u00e9 leur ressenti sur cette exposition<br \/>\nm\u00e9diatique. Depuis le d\u00e9c\u00e8s de leur p\u00e8re, elles ont commenc\u00e9 \u00e0<br \/>\ns\u2019afficher sur les r\u00e9seaux avec plus de r\u00e9gularit\u00e9. L&rsquo;a\u00een\u00e9e pr\u00e9cise<br \/>\n: \u201cMoi, j\u2019ai commenc\u00e9 \u00e0 \u00eatre publique un an ou deux apr\u00e8s que<br \/>\nnotre p\u00e8re est parti.\u201d Mais la comparaison avec leurs<br \/>\nhomologues fran\u00e7aises est marquante : \u201c<strong>En France, c\u2019est<br \/>\ndiff\u00e9rent<\/strong>. J\u2019ai l\u2019impression que les jeunes se d\u00e9voilent<br \/>\nmoins qu\u2019ici.\u201d Un constat amer, renforc\u00e9 par la horde de<br \/>\nmessages haineux qu\u2019elles re\u00e7oivent r\u00e9guli\u00e8rement. Malgr\u00e9 tout,<br \/>\nelles assument, sans jamais baisser les bras.<\/p>\n<p>Joy Hallyday en couple ?<\/p>\n<p>\u00c0 mesure que Joy Hallyday prend confiance en elle, les curieux<br \/>\ns\u2019interrogent : un amour se cacherait-il derri\u00e8re ce nouveau<br \/>\nrayonnement ? Souvenez-vous, <a href=\"https:\/\/www.melty.fr\/people\/laeticia-hallyday-devastee-on-a-tout-perdu-sa-maison-detruite-dans-lincendie-de-los-angeles-2207016.html\" rel=\"nofollow noopener\" target=\"_blank\"><br \/>\nlors de l\u2019incendie qui a frapp\u00e9 la maison familiale \u00e0 Los<br \/>\nAngeles<\/a>, l\u2019adolescente a post\u00e9 une story dans les bras de<br \/>\n<strong>Dino Zeitoun<\/strong>, fils de <strong>Val\u00e9ry<br \/>\nZeitoun<\/strong> et <strong>Sandra Sisley<\/strong>. Leur proximit\u00e9<br \/>\nn\u2019a pas manqu\u00e9 de faire jaser, mais les choses sont claires : les<br \/>\ndeux jeunes ne sont rien d\u2019autre que des amis. Un lien qui n\u2019\u00e9tonne<br \/>\npas, puisque Val\u00e9ry Zeitoun a longtemps collabor\u00e9 avec Johnny<br \/>\nHallyday, notamment sur sa tourn\u00e9e \u201cLes Vieilles<br \/>\nCanailles\u201d en 2017.<\/p>\n<p>Quant \u00e0 s\u0153ur Jade, elle n\u2019entretient pas le myst\u00e8re. \u00c0<br \/>\nl\u2019occasion de l&rsquo;anniversaire de son ch\u00e9ri, elle a publi\u00e9 plusieurs<br \/>\nclich\u00e9s de son couple et livr\u00e9 une d\u00e9claration d\u2019amour pleine de<br \/>\ntendresse. \u00ab\u00a0Joyeux anniversaire. Je suis tellement<br \/>\nreconnaissante que tu fasses partie de ma vie et merci de faire de<br \/>\nmoi <strong>la fille la plus heureuse du monde<\/strong>. Tu comptes<br \/>\ntellement pour moi, \u00eatre avec toi m\u2019a appris ce que signifie le<br \/>\nv\u00e9ritable amour. Je t\u2019aime infiniment.\u00a0\u00bb Cependant, l&rsquo;identit\u00e9<br \/>\nde l&rsquo;heureux \u00e9lu n&rsquo;est toujours pas connue\u2026<\/p>\n","protected":false},"excerpt":{"rendered":"Joy Hallyday incarne \u00e0 merveille cette p\u00e9riode charni\u00e8re qu\u2019est l\u2019adolescence, ce passage progressif entre l\u2019enfance et l\u2019\u00e2ge adulte.&hellip;\n","protected":false},"author":2,"featured_media":225028,"comment_status":"","ping_status":"","sticky":false,"template":"","format":"standard","meta":{"footnotes":""},"categories":[1359],"tags":[905,58,59,1011,27,8750,1304,3033,973],"class_list":{"0":"post-225027","1":"post","2":"type-post","3":"status-publish","4":"format-standard","5":"has-post-thumbnail","7":"category-people","8":"tag-a-la-une-melty","9":"tag-divertissement","10":"tag-entertainment","11":"tag-fr","12":"tag-france","13":"tag-jade-hallyday","14":"tag-johnny-hallyday","15":"tag-joy-hallyday","16":"tag-people"},"share_on_mastodon":{"url":"https:\/\/pubeurope.com\/@fr\/114793666564114645","error":""},"_links":{"self":[{"href":"https:\/\/www.europesays.com\/fr\/wp-json\/wp\/v2\/posts\/225027","targetHints":{"allow":["GET"]}}],"collection":[{"href":"https:\/\/www.europesays.com\/fr\/wp-json\/wp\/v2\/posts"}],"about":[{"href":"https:\/\/www.europesays.com\/fr\/wp-json\/wp\/v2\/types\/post"}],"author":[{"embeddable":true,"href":"https:\/\/www.europesays.com\/fr\/wp-json\/wp\/v2\/users\/2"}],"replies":[{"embeddable":true,"href":"https:\/\/www.europesays.com\/fr\/wp-json\/wp\/v2\/comments?post=225027"}],"version-history":[{"count":0,"href":"https:\/\/www.europesays.com\/fr\/wp-json\/wp\/v2\/posts\/225027\/revisions"}],"wp:featuredmedia":[{"embeddable":true,"href":"https:\/\/www.europesays.com\/fr\/wp-json\/wp\/v2\/media\/225028"}],"wp:attachment":[{"href":"https:\/\/www.europesays.com\/fr\/wp-json\/wp\/v2\/media?parent=225027"}],"wp:term":[{"taxonomy":"category","embeddable":true,"href":"https:\/\/www.europesays.com\/fr\/wp-json\/wp\/v2\/categories?post=225027"},{"taxonomy":"post_tag","embeddable":true,"href":"https:\/\/www.europesays.com\/fr\/wp-json\/wp\/v2\/tags?post=225027"}],"curies":[{"name":"wp","href":"https:\/\/api.w.org\/{rel}","templated":true}]}}