{"id":225029,"date":"2025-07-04T06:58:09","date_gmt":"2025-07-04T06:58:09","guid":{"rendered":"https:\/\/www.europesays.com\/fr\/225029\/"},"modified":"2025-07-04T06:58:09","modified_gmt":"2025-07-04T06:58:09","slug":"dans-les-pouilles-une-maison-a-larchitecture-insolite-loin-des-cliches","status":"publish","type":"post","link":"https:\/\/www.europesays.com\/fr\/225029\/","title":{"rendered":"Dans les Pouilles, une maison \u00e0 l&rsquo;architecture insolite, loin des clich\u00e9s"},"content":{"rendered":"<p><strong>Une maison dans les Pouilles devient la r\u00e9sidence d\u2019un architecte<\/strong><\/p>\n<p>L\u2019<a href=\"https:\/\/www.admagazine.fr\/galerie\/architecture-design-expositions-paris-2025\" rel=\"nofollow noopener\" target=\"_blank\">architecture<\/a> des Pouilles ? Elle est si belle et si pris\u00e9e qu\u2019elle en devient presque banale ces derni\u00e8res ann\u00e9es. Mais ici, \u00e0 Carovigno, pr\u00e8s d\u2019Ostuni, c\u2019est une tout autre histoire. Luca Baldazzi, architecte italien fort d\u2019une longue exp\u00e9rience en Suisse, a transform\u00e9 une b\u00e2tisse abandonn\u00e9e depuis longtemps, que personne ne voulait, en la maison de ses r\u00eaves \u2013 comme il l\u2019avait d\u00e9j\u00e0 fait \u00e0 Salento en r\u00e9habilitant le Palazzo Edmondo en oasis d\u2019hospitalit\u00e9.<\/p>\n<p>\u00ab C\u2019est une grande maison, d\u2019environ 150 m\u00e8tres carr\u00e9s, avec autant d\u2019espace r\u00e9parti entre les jardins et les terrasses. Et pourtant, elle se vit comme une petite <a href=\"https:\/\/www.admagazine.fr\/article\/maison-paysage-michael-levy-uzes\" rel=\"nofollow noopener\" target=\"_blank\">maison<\/a> \u00bb, explique Baldazzi. \u00ab Pour passer d\u2019un espace \u00e0 un autre, il faut toujours sortir, ce qui explique pourquoi elle est rest\u00e9e invendue pendant des ann\u00e9es. Personne ne voulait m\u00eame la visiter. Moi, au contraire, je suis tomb\u00e9 amoureux de ce concept. \u00bb<\/p>\n<p>D\u00e9velopp\u00e9e selon une distribution pens\u00e9e par Baldazzi, la maison se pr\u00e9sente comme un archipel de petits espaces s\u00e9par\u00e9s, chacun avec sa fonction et son autonomie, tout en donnant une impression d\u2019ensemble harmonieuse : \u00ab C\u2019est finalement une maison de 300 m\u00e8tres carr\u00e9s, o\u00f9 les espaces int\u00e9rieurs et ext\u00e9rieurs s\u2019interconnectent et se fondent gr\u00e2ce \u00e0 l\u2019ameublement : les m\u00eames <a href=\"https:\/\/www.admagazine.fr\/article\/luminaire-tendance-modeles-adopter\" rel=\"nofollow noopener\" target=\"_blank\">luminaires<\/a> dans le salon, le tapis sur la terrasse&#8230; Il y a la salle \u00e0 manger avec la cuisine, puis on sort dans la cour pour entrer dans le salon. \u00c0 c\u00f4t\u00e9, un jardin, et je suis pratiquement entour\u00e9 de verdure \u00bb, raconte-t-il.<\/p>\n<p>Dans le salon, canap\u00e9 Sesann (Tacchini), lampe Chiara Grande de Mario Bellini (Flos).<\/p>\n<p>Sur le mur, Alphabetic Worries d\u2019Adam Lupton. Chaise Butterfly (Knoll). Lampe de table d\u2019Isamu Noguchi.<\/p>\n","protected":false},"excerpt":{"rendered":"Une maison dans les Pouilles devient la r\u00e9sidence d\u2019un architecte L\u2019architecture des Pouilles ? Elle est si belle&hellip;\n","protected":false},"author":2,"featured_media":225030,"comment_status":"","ping_status":"","sticky":false,"template":"","format":"standard","meta":{"footnotes":""},"categories":[1358],"tags":[1348,1384,1385,1386,58,59,1011,27,452],"class_list":{"0":"post-225029","1":"post","2":"type-post","3":"status-publish","4":"format-standard","5":"has-post-thumbnail","7":"category-arts-et-design","8":"tag-arts","9":"tag-arts-and-design","10":"tag-arts-et-design","11":"tag-design","12":"tag-divertissement","13":"tag-entertainment","14":"tag-fr","15":"tag-france","16":"tag-italie"},"share_on_mastodon":{"url":"https:\/\/pubeurope.com\/@fr\/114793671183596997","error":""},"_links":{"self":[{"href":"https:\/\/www.europesays.com\/fr\/wp-json\/wp\/v2\/posts\/225029","targetHints":{"allow":["GET"]}}],"collection":[{"href":"https:\/\/www.europesays.com\/fr\/wp-json\/wp\/v2\/posts"}],"about":[{"href":"https:\/\/www.europesays.com\/fr\/wp-json\/wp\/v2\/types\/post"}],"author":[{"embeddable":true,"href":"https:\/\/www.europesays.com\/fr\/wp-json\/wp\/v2\/users\/2"}],"replies":[{"embeddable":true,"href":"https:\/\/www.europesays.com\/fr\/wp-json\/wp\/v2\/comments?post=225029"}],"version-history":[{"count":0,"href":"https:\/\/www.europesays.com\/fr\/wp-json\/wp\/v2\/posts\/225029\/revisions"}],"wp:featuredmedia":[{"embeddable":true,"href":"https:\/\/www.europesays.com\/fr\/wp-json\/wp\/v2\/media\/225030"}],"wp:attachment":[{"href":"https:\/\/www.europesays.com\/fr\/wp-json\/wp\/v2\/media?parent=225029"}],"wp:term":[{"taxonomy":"category","embeddable":true,"href":"https:\/\/www.europesays.com\/fr\/wp-json\/wp\/v2\/categories?post=225029"},{"taxonomy":"post_tag","embeddable":true,"href":"https:\/\/www.europesays.com\/fr\/wp-json\/wp\/v2\/tags?post=225029"}],"curies":[{"name":"wp","href":"https:\/\/api.w.org\/{rel}","templated":true}]}}