{"id":225039,"date":"2025-07-04T07:03:12","date_gmt":"2025-07-04T07:03:12","guid":{"rendered":"https:\/\/www.europesays.com\/fr\/225039\/"},"modified":"2025-07-04T07:03:12","modified_gmt":"2025-07-04T07:03:12","slug":"les-enfants-qui-ont-cette-mauvaise-habitude-seraient-des-genies-selon-une-etude","status":"publish","type":"post","link":"https:\/\/www.europesays.com\/fr\/225039\/","title":{"rendered":"Les enfants qui ont cette mauvaise habitude seraient des g\u00e9nies selon une \u00e9tude"},"content":{"rendered":"<p>\u201cEst-il normal que les jeunes enfants mentent ? Ou devrais-je m\u2019en inqui\u00e9ter ?\u201d, se demande Cortney Warren, psychologue, dans les colonnes de Your Tango. Sp\u00e9cialiste de la psychologie, elle estime que la question ne se porte pas vraiment sur la normalit\u00e9, mais sur les capacit\u00e9s intellectuelles de l\u2019enfant. \u201cSelon la psychologie, les enfants qui mentent sont en r\u00e9alit\u00e9 tr\u00e8s intelligents\u201d, affirme-t-elle. Dr Kang Lee, professeur de psychologie \u00e0 l\u2019Universit\u00e9 de Toronto, a en effet men\u00e9 plusieurs travaux sur le mensonge chez les enfants. Selon ses recherches, les enfants sont en capacit\u00e9 de <strong>commencer \u00e0 mentir \u00e0 partir de l\u2019\u00e2ge de deux ans<\/strong>.<\/p>\n<p>Un tiers des enfants s\u2019exercent au mensonge d\u00e8s cet \u00e2ge-l\u00e0. D\u00e8s l\u2019\u00e2ge de quatre ans, ce chiffre grimpe \u00e0 80 % des enfants. Vous l\u2019aurez compris, <strong>si votre enfant ment, c\u2019est tout \u00e0 fait normal<\/strong>. \u201cIl s\u2019av\u00e8re que le mensonge est tr\u00e8s courant chez les jeunes enfants. Le fait que le mensonge soit, si j\u2019ose dire, une partie normale du d\u00e9veloppement de l\u2019enfant est difficile \u00e0 accepter. L\u2019honn\u00eatet\u00e9 est essentielle \u00e0 l\u2019\u00e9panouissement \u00e0 long terme des adultes, le mensonge peut-il \u00eatre sain ? Il y a des raisons de croire que <strong>mentir chez les jeunes enfants est normal, sain<\/strong> et r\u00e9v\u00e9lateur d\u2019un bon fonctionnement psychologique\u201d, explique la psychologue.<\/p>\n<p>Le mensonge comme \u00e9tape du d\u00e9veloppement c\u00e9r\u00e9bral<\/p>\n<p>Il peut \u00eatre insupportable pour un parent de s\u2019apercevoir que son enfant ment. Pourtant,&#8230;<\/p>\n<p><a href=\"https:\/\/www.parents.fr\/actualites\/etre-parent\/les-enfants-qui-ont-cette-mauvaise-habitude-seraient-des-genies-selon-une-etude-1118341#at_medium=affiliate&amp;at_campaign=flux_rss&amp;at_type=Yahoo\" rel=\"nofollow noopener\" target=\"_blank\" data-ylk=\"slk:Lire la suite;elm:context_link;itc:0;sec:content-canvas\" class=\"link \">Lire la suite<\/a><\/p>\n","protected":false},"excerpt":{"rendered":"\u201cEst-il normal que les jeunes enfants mentent ? Ou devrais-je m\u2019en inqui\u00e9ter ?\u201d, se demande Cortney Warren, psychologue,&hellip;\n","protected":false},"author":2,"featured_media":225040,"comment_status":"","ping_status":"","sticky":false,"template":"","format":"standard","meta":{"footnotes":""},"categories":[10],"tags":[36389,1011,27,72,36388,14370,36387,71],"class_list":{"0":"post-225039","1":"post","2":"type-post","3":"status-publish","4":"format-standard","5":"has-post-thumbnail","7":"category-sante","8":"tag-cortney-warren","9":"tag-fr","10":"tag-france","11":"tag-health","12":"tag-kang-lee","13":"tag-les-enfants","14":"tag-professeur-de-psychologie","15":"tag-sante"},"share_on_mastodon":{"url":"https:\/\/pubeurope.com\/@fr\/114793690218733672","error":""},"_links":{"self":[{"href":"https:\/\/www.europesays.com\/fr\/wp-json\/wp\/v2\/posts\/225039","targetHints":{"allow":["GET"]}}],"collection":[{"href":"https:\/\/www.europesays.com\/fr\/wp-json\/wp\/v2\/posts"}],"about":[{"href":"https:\/\/www.europesays.com\/fr\/wp-json\/wp\/v2\/types\/post"}],"author":[{"embeddable":true,"href":"https:\/\/www.europesays.com\/fr\/wp-json\/wp\/v2\/users\/2"}],"replies":[{"embeddable":true,"href":"https:\/\/www.europesays.com\/fr\/wp-json\/wp\/v2\/comments?post=225039"}],"version-history":[{"count":0,"href":"https:\/\/www.europesays.com\/fr\/wp-json\/wp\/v2\/posts\/225039\/revisions"}],"wp:featuredmedia":[{"embeddable":true,"href":"https:\/\/www.europesays.com\/fr\/wp-json\/wp\/v2\/media\/225040"}],"wp:attachment":[{"href":"https:\/\/www.europesays.com\/fr\/wp-json\/wp\/v2\/media?parent=225039"}],"wp:term":[{"taxonomy":"category","embeddable":true,"href":"https:\/\/www.europesays.com\/fr\/wp-json\/wp\/v2\/categories?post=225039"},{"taxonomy":"post_tag","embeddable":true,"href":"https:\/\/www.europesays.com\/fr\/wp-json\/wp\/v2\/tags?post=225039"}],"curies":[{"name":"wp","href":"https:\/\/api.w.org\/{rel}","templated":true}]}}