{"id":225053,"date":"2025-07-04T07:10:09","date_gmt":"2025-07-04T07:10:09","guid":{"rendered":"https:\/\/www.europesays.com\/fr\/225053\/"},"modified":"2025-07-04T07:10:09","modified_gmt":"2025-07-04T07:10:09","slug":"lavis-particulierement-favorable-du-prefet-de-police-de-paris-pour-que-le-policier-qui-a-tue-nahel-merzouk-soit-mute-dans-le-commissariat-de-son-choix-liberation","status":"publish","type":"post","link":"https:\/\/www.europesays.com\/fr\/225053\/","title":{"rendered":"L\u2019avis \u00abparticuli\u00e8rement favorable\u00bb du pr\u00e9fet de police de Paris pour que le policier qui a tu\u00e9 Nahel Merzouk soit mut\u00e9 dans le commissariat de son choix \u2013 Lib\u00e9ration"},"content":{"rendered":"<p class=\"sc-ksZaOG ehjQrN text-element\">La note, dat\u00e9e du 26 f\u00e9vrier 2024, est adress\u00e9e au num\u00e9ro 1 de la police nationale de l\u2019\u00e9poque, Fr\u00e9d\u00e9ric Veaux. Elle est sign\u00e9e de la main de Laurent Nu\u00f1ez. Le pr\u00e9fet de police de Paris y \u00e9voque la situation de Florian M., \u00abimpliqu\u00e9 dans les \u00e9v\u00e9nements survenus le 27 juin 2023\u00bb. Un euph\u00e9misme administratif pour dire que ce jour-l\u00e0, le brigadier, alors \u00e2g\u00e9 de 38 ans, <a href=\"https:\/\/www.liberation.fr\/culture\/scenes\/a-nanterre-le-theatre-pour-retrouver-lespoir-apres-le-meurtre-de-nahel-20250207_QBRQQ2UHFBE4VJ6R5XNMZZXJZQ\/\" target=\"_blank\" rel=\"nofollow noopener\" title=\"https:\/\/www.liberation.fr\/culture\/scenes\/a-nanterre-le-theatre-pour-retrouver-lespoir-apres-le-meurtre-de-nahel-20250207_QBRQQ2UHFBE4VJ6R5XNMZZXJZQ\/\">a tu\u00e9 d\u2019une balle Nahel Merzouk<\/a>, \u00e0 Nanterre (Hauts-de-Seine).<\/p>\n<p class=\"sc-ksZaOG ehjQrN text-element\">Laurent Nu\u00f1ez rappelle que l\u2019agent, mis en examen pour homicide volontaire, a \u00e9t\u00e9 plac\u00e9 en d\u00e9tention provisoire jusqu\u2019en novembre 2023, et qu\u2019il est suspendu depuis les faits \u00ab\u00e0 plein traitement\u00bb, c\u2019est-\u00e0-dire tout en continuant de percevoir son revenu, hors primes. Or Florian M. \u00absouhaite reprendre son activit\u00e9 mais pour [des] raisons personnelles et professionnelles [\u2026], il pr\u00e9sente une demande de mutation\u00bb pour le Pays basque, \u00e9crit le pr\u00e9fet de police. Qui conclut : \u00abJ\u2019\u00e9mets un avis particuli\u00e8rement favorable \u00e0 cette demande.\u00bb<\/p>\n<p class=\"sc-ksZaOG ehjQrN text-element\">Le courrier de Laurent Nu\u00f1ez confirme que cette demande de \u00abmutation dans l\u2019int\u00e9r\u00eat du service\u00bb a bien \u00e9t\u00e9 faite par l\u2019agent. Une proc\u00e9dure d\u00e9rogatoire : p<\/p>\n","protected":false},"excerpt":{"rendered":"La note, dat\u00e9e du 26 f\u00e9vrier 2024, est adress\u00e9e au num\u00e9ro 1 de la police nationale de l\u2019\u00e9poque,&hellip;\n","protected":false},"author":2,"featured_media":225054,"comment_status":"","ping_status":"","sticky":false,"template":"","format":"standard","meta":{"footnotes":""},"categories":[2],"tags":[11,1011,27,35340,12],"class_list":{"0":"post-225053","1":"post","2":"type-post","3":"status-publish","4":"format-standard","5":"has-post-thumbnail","7":"category-actualites","8":"tag-actualites","9":"tag-fr","10":"tag-france","11":"tag-nael-mort-apres-un-tir-policier-a-nanterre","12":"tag-news"},"share_on_mastodon":{"url":"https:\/\/pubeurope.com\/@fr\/114793718672324204","error":""},"_links":{"self":[{"href":"https:\/\/www.europesays.com\/fr\/wp-json\/wp\/v2\/posts\/225053","targetHints":{"allow":["GET"]}}],"collection":[{"href":"https:\/\/www.europesays.com\/fr\/wp-json\/wp\/v2\/posts"}],"about":[{"href":"https:\/\/www.europesays.com\/fr\/wp-json\/wp\/v2\/types\/post"}],"author":[{"embeddable":true,"href":"https:\/\/www.europesays.com\/fr\/wp-json\/wp\/v2\/users\/2"}],"replies":[{"embeddable":true,"href":"https:\/\/www.europesays.com\/fr\/wp-json\/wp\/v2\/comments?post=225053"}],"version-history":[{"count":0,"href":"https:\/\/www.europesays.com\/fr\/wp-json\/wp\/v2\/posts\/225053\/revisions"}],"wp:featuredmedia":[{"embeddable":true,"href":"https:\/\/www.europesays.com\/fr\/wp-json\/wp\/v2\/media\/225054"}],"wp:attachment":[{"href":"https:\/\/www.europesays.com\/fr\/wp-json\/wp\/v2\/media?parent=225053"}],"wp:term":[{"taxonomy":"category","embeddable":true,"href":"https:\/\/www.europesays.com\/fr\/wp-json\/wp\/v2\/categories?post=225053"},{"taxonomy":"post_tag","embeddable":true,"href":"https:\/\/www.europesays.com\/fr\/wp-json\/wp\/v2\/tags?post=225053"}],"curies":[{"name":"wp","href":"https:\/\/api.w.org\/{rel}","templated":true}]}}