{"id":225055,"date":"2025-07-04T07:11:13","date_gmt":"2025-07-04T07:11:13","guid":{"rendered":"https:\/\/www.europesays.com\/fr\/225055\/"},"modified":"2025-07-04T07:11:13","modified_gmt":"2025-07-04T07:11:13","slug":"nos-idees-sorties-du-week-end-des-11-12-et-13-juillet-2025-dans-la-loire","status":"publish","type":"post","link":"https:\/\/www.europesays.com\/fr\/225055\/","title":{"rendered":"Nos id\u00e9es sorties du week-end des 11, 12 et 13 juillet 2025 dans la Loire"},"content":{"rendered":"<p class=\"is-style-chapo\">Voici la s\u00e9lection de la r\u00e9daction de If Saint-Etienne pour se divertir et s\u2019amuser dans la Loire le week-end prochain, soit les 11, 12 et 13 juillet. Une liste d\u2019\u00e9v\u00e9nements, s\u00e9lectionn\u00e9s de mani\u00e8re ind\u00e9pendante et, bien entendu, non-exhaustive.<\/p>\n<p><img loading=\"lazy\" decoding=\"async\" width=\"1024\" height=\"576\" src=\"https:\/\/www.europesays.com\/fr\/wp-content\/uploads\/2025\/07\/227256500_10158976189187479_4939014657205455231_n-e1627552977427-1024x576.jpg\" alt=\"Guinguette st\u00e9phanoise\" class=\"wp-image-14528\"  \/>\u00a9Ville de Saint-\u00c9tienne<\/p>\n<p>1 \u2013 Moteur\u2026. Action\u00a0!<\/p>\n<p>Du jeudi 10 au dimanche 13 juillet, le festival <a href=\"https:\/\/www.cinetoile-42.fr\/\" target=\"_blank\" rel=\"noreferrer noopener\">Cin\u00e9jeux<\/a> est de retour pour une 3\u00e8me \u00e9dition \u00e0 Saint-Bonnet-le-Ch\u00e2teau. Au programme, des films en salle et en plein air, lecture de contes et projection des illustrations, une guinguette, une chasse aux tr\u00e9sor, des ateliers, et m\u00eame des concerts.<\/p>\n<p>2 \u2013 C\u00f4t\u00e9 cour<\/p>\n<p>Cet \u00e9t\u00e9, la Compagnie Augustine Turpaux part en itin\u00e9rance th\u00e9\u00e2trale, comme chaque ann\u00e9e. Pour cette saison, pas moins de huit \u00e9tapes sont pr\u00e9vues dans la Loire, dont le 11 juillet \u00e0 <a href=\"https:\/\/www.if-saint-etienne.fr\/breves\/la-fouillouse-lance-un-appel-a-projets-pour-la-reprise-dun-cafe-restaurant\" target=\"_blank\" rel=\"noreferrer noopener\">La Fouillouse<\/a>, devant le bar-tabac Le Feuillantin, ainsi que le lendemain \u00e0 Saint-Etienne, place Dorian. Un spectacle unique sera improvis\u00e9 et propos\u00e9 gratuitement chaque soir \u00e0 partir de 18h30, durant 30 \u00e0 45 minutes.<\/p>\n<p>3 \u2013 Nouvelle star<\/p>\n<p>Dimanche 13 juillet, c\u2019est la grande finale du concours de chant \u00ab\u00a0Talents des bords de Loire\u00a0\u00bb, organis\u00e9 par Andr\u00e9zieux-Bouth\u00e9on Animation, ainsi que la Ville <a href=\"https:\/\/www.andrezieux-boutheon.com\/\" target=\"_blank\" rel=\"noreferrer noopener\">d\u2019Andr\u00e9zieux-Bouth\u00e9on<\/a>. L\u2019occasion de d\u00e9couvrir peut-\u00eatre, les p\u00e9pites de demain\u2026<\/p>\n<p>4 \u2013 Musique<\/p>\n<p>Cet \u00e9t\u00e9, la plage est de retour \u00e0 <a href=\"https:\/\/www.roannais-tourisme.com\/patrimoine\/roanne\/les-bords-de-loire\/\" target=\"_blank\" rel=\"noreferrer noopener\">Roanne<\/a> sur les sites des Bords de Loire. De nombreuses animations sont ainsi organis\u00e9es tout au long de l\u2019\u00e9t\u00e9, dont un blind test le samedi 12 juillet, de 18h \u00e0 20h, par les animateurs de Roanne Plage. Que le meilleur gagne.<\/p>\n<p>5 \u2013 Au bal<\/p>\n<p>Dimanche 13 juillet, les Before de Couriot donnent carte blanche aux pompiers st\u00e9phanois. Au programme, des animations d\u00e8s 19h, suivies par le traditionnel bal des pompiers \u00e0 partir de 22h. Sur place, <a href=\"https:\/\/www.if-saint-etienne.fr\/culture-loisirs\/tendances-gastronomie\/5-guinguettes-a-tester-dans-la-loire\" target=\"_blank\" rel=\"noreferrer noopener\">une guinguette<\/a> propose des boissons, des glaces artisanales, et des produits locaux sal\u00e9s \u00e0 d\u00e9guster.<\/p>\n","protected":false},"excerpt":{"rendered":"Voici la s\u00e9lection de la r\u00e9daction de If Saint-Etienne pour se divertir et s\u2019amuser dans la Loire le&hellip;\n","protected":false},"author":2,"featured_media":111167,"comment_status":"","ping_status":"","sticky":false,"template":"","format":"standard","meta":{"footnotes":""},"categories":[9653],"tags":[14428,1111,11,2430,1777,674,1011,27,34689,14429,12,14430,25,4001,1669,14431],"class_list":{"0":"post-225055","1":"post","2":"type-post","3":"status-publish","4":"format-standard","5":"has-post-thumbnail","7":"category-saint-etienne","8":"tag-activites-week-end-loire","9":"tag-actu","10":"tag-actualites","11":"tag-auvergne-rhone-alpes","12":"tag-eu","13":"tag-europe","14":"tag-fr","15":"tag-france","16":"tag-idee-sortie-saint-etienne","17":"tag-idees-sorties-loire","18":"tag-news","19":"tag-recreatif","20":"tag-republique-francaise","21":"tag-saint-etienne","22":"tag-sorties","23":"tag-week-ends"},"share_on_mastodon":{"url":"https:\/\/pubeurope.com\/@fr\/114793722866673777","error":""},"_links":{"self":[{"href":"https:\/\/www.europesays.com\/fr\/wp-json\/wp\/v2\/posts\/225055","targetHints":{"allow":["GET"]}}],"collection":[{"href":"https:\/\/www.europesays.com\/fr\/wp-json\/wp\/v2\/posts"}],"about":[{"href":"https:\/\/www.europesays.com\/fr\/wp-json\/wp\/v2\/types\/post"}],"author":[{"embeddable":true,"href":"https:\/\/www.europesays.com\/fr\/wp-json\/wp\/v2\/users\/2"}],"replies":[{"embeddable":true,"href":"https:\/\/www.europesays.com\/fr\/wp-json\/wp\/v2\/comments?post=225055"}],"version-history":[{"count":0,"href":"https:\/\/www.europesays.com\/fr\/wp-json\/wp\/v2\/posts\/225055\/revisions"}],"wp:featuredmedia":[{"embeddable":true,"href":"https:\/\/www.europesays.com\/fr\/wp-json\/wp\/v2\/media\/111167"}],"wp:attachment":[{"href":"https:\/\/www.europesays.com\/fr\/wp-json\/wp\/v2\/media?parent=225055"}],"wp:term":[{"taxonomy":"category","embeddable":true,"href":"https:\/\/www.europesays.com\/fr\/wp-json\/wp\/v2\/categories?post=225055"},{"taxonomy":"post_tag","embeddable":true,"href":"https:\/\/www.europesays.com\/fr\/wp-json\/wp\/v2\/tags?post=225055"}],"curies":[{"name":"wp","href":"https:\/\/api.w.org\/{rel}","templated":true}]}}