{"id":225058,"date":"2025-07-04T07:13:15","date_gmt":"2025-07-04T07:13:15","guid":{"rendered":"https:\/\/www.europesays.com\/fr\/225058\/"},"modified":"2025-07-04T07:13:15","modified_gmt":"2025-07-04T07:13:15","slug":"meurthe-et-moselle-la-reserve-de-la-police-a-fait-le-plein-pour-les-vacances","status":"publish","type":"post","link":"https:\/\/www.europesays.com\/fr\/225058\/","title":{"rendered":"Meurthe-et-Moselle. La r\u00e9serve de\u00a0la police a fait le plein pour les vacances"},"content":{"rendered":"<p class=\"insetTitle\">\u00ab\u00a0On dispose de 116 r\u00e9servistes dans le d\u00e9partement\u00a0\u00bb<\/p>\n<p>             Alain G. Commandant r\u00e9serviste, pilote de la r\u00e9serve police dans le d\u00e9partement<\/p>\n<p><strong>Commandant, ex-actif et aujourd\u2019hui r\u00e9serviste vous-m\u00eame, vous g\u00e9rez les effectifs de la r\u00e9serve volontaire police en Meurthe-et-Moselle. Combien sont-ils sous l\u2019uniforme\u00a0?<\/strong><\/p>\n<p>\u00ab\u00a0\u00c0 ce jour, on dispose de 116 r\u00e9servistes dans le d\u00e9partement (20\u00a0% de femmes), dont 75 sur Nancy. L\u2019effectif a \u00e9t\u00e9 multipli\u00e9 par deux par rapport \u00e0 2022. Les ex-actifs (des policiers professionnels retrait\u00e9s) qui jusque-l\u00e0 \u00e9taient majoritaires ne le sont plus car on enregistre 65\u00a0% de personnels civils avec des profils diff\u00e9rents. Pour une moyenne d\u2019\u00e2ge de 48 ans. On peut y retrouver aussi bien un chef d\u2019entreprise qu\u2019un \u00e9tudiant.\u00a0\u00bb<\/p>\n<p><strong>Comment expliquez-vous ce regain d\u2019attractivit\u00e9 pour la r\u00e9serve dans la population civile\u00a0?<\/strong><\/p>\n<p>\u00ab\u00a0Il y a eu une impulsion nationale \u00e0 recruter et le statut a \u00e9volu\u00e9 pour davantage d\u2019attractivit\u00e9. Employ\u00e9 auparavant plut\u00f4t comme \u201csupport\u201d dans des t\u00e2ches d\u2019accueil, administratives\u2026, le r\u00e9serviste se positionne d\u00e9sormais au c\u0153ur du m\u00e9tier de policier.<\/p>\n<p>Il b\u00e9n\u00e9ficie d\u2019une formation de deux fois quinze jours, il est arm\u00e9, part en patrouille et s\u2019offre \u00e0 lui la possibilit\u00e9 d\u2019\u00eatre employ\u00e9 sur des missions ponctuelles dans toute la France. Un \u00e9quipage \u2013 deux personnels minimum &#8211; ne peut pas \u00eatre compos\u00e9 \u00e0 100\u00a0% de r\u00e9servistes civils. Il faut la pr\u00e9sence d\u2019un actif ou ex-actif.\u00a0\u00bb<\/p>\n<p>74\u00a0\u20ac pour une vacation de sept heures<\/p>\n<p><strong>On ne parle pas ici de r\u00e9mun\u00e9ration mais d\u2019indemnit\u00e9. Quel est le montant per\u00e7u pour une vacation\u00a0?<\/strong><\/p>\n<p>\u00ab\u00a0Pour un ex-actif, cela d\u00e9pendra du grade. La base pour un civil est de 74\u00a0\u20ac nets d\u2019imp\u00f4ts mais soumis aux pr\u00e9l\u00e8vements sociaux pour une vacation de sept heures. Il pourra cumuler un maximum de 90 vacations par an contre 150 pour un ex-actif.<\/p>\n<p>Au niveau national, la moyenne se situe autour de trois vacations par mois. Il faut garder \u00e0 l\u2019esprit qu\u2019il s\u2019agit de volontariat et qu\u2019on doit composer avec les disponibilit\u00e9s de chacun. D\u2019autant qu\u2019il est possible de cumuler le statut de r\u00e9serviste en police et en gendarmerie. L\u2019indemnit\u00e9 n\u2019est pas le moteur principal de l\u2019engagement en r\u00e9serve. On y vient avant tout pour le go\u00fbt d\u2019une mission de service public.\u00a0\u00bb<\/p>\n<p><strong>Cette ann\u00e9e, sur Nancy et sa circonscription, la r\u00e9serve est notamment largement d\u00e9ploy\u00e9e sur l\u2019op\u00e9ration tranquillit\u00e9 vacances (OTV), pourquoi\u00a0?<\/strong><\/p>\n<p>\u00ab\u00a0Ici, le vivier de r\u00e9servistes le permet. Il y a donc un fl\u00e9chage sur l\u2019OTV de mani\u00e8re \u00e0 d\u00e9charger les services actifs d\u00e9ploy\u00e9s sur d\u2019autres engagements, ainsi cela n\u2019ob\u00e8re pas la mission de police secours.\u00a0\u00bb<\/p>\n<p class=\"insetSignature\">Recueilli par A.T.<\/p>\n","protected":false},"excerpt":{"rendered":"\u00ab\u00a0On dispose de 116 r\u00e9servistes dans le d\u00e9partement\u00a0\u00bb Alain G. Commandant r\u00e9serviste, pilote de la r\u00e9serve police dans&hellip;\n","protected":false},"author":2,"featured_media":225059,"comment_status":"","ping_status":"","sticky":false,"template":"","format":"standard","meta":{"footnotes":""},"categories":[9635],"tags":[1111,11,271,272,1707,1704,1706,1705,1777,674,274,1011,27,775,3457,1702,1703,12,25],"class_list":{"0":"post-225058","1":"post","2":"type-post","3":"status-publish","4":"format-standard","5":"has-post-thumbnail","7":"category-nancy","8":"tag-actu","9":"tag-actualites","10":"tag-crime","11":"tag-delit-et-contravention","12":"tag-edition-luneville","13":"tag-edition-nancy-et-agglomeration","14":"tag-edition-pont-a-mousson","15":"tag-edition-toul","16":"tag-eu","17":"tag-europe","18":"tag-faits-divers-justice","19":"tag-fr","20":"tag-france","21":"tag-grand-est","22":"tag-meurthe-et-moselle","23":"tag-nancy","24":"tag-nancy-ville-54b","25":"tag-news","26":"tag-republique-francaise"},"share_on_mastodon":{"url":"https:\/\/pubeurope.com\/@fr\/114793729543592850","error":""},"_links":{"self":[{"href":"https:\/\/www.europesays.com\/fr\/wp-json\/wp\/v2\/posts\/225058","targetHints":{"allow":["GET"]}}],"collection":[{"href":"https:\/\/www.europesays.com\/fr\/wp-json\/wp\/v2\/posts"}],"about":[{"href":"https:\/\/www.europesays.com\/fr\/wp-json\/wp\/v2\/types\/post"}],"author":[{"embeddable":true,"href":"https:\/\/www.europesays.com\/fr\/wp-json\/wp\/v2\/users\/2"}],"replies":[{"embeddable":true,"href":"https:\/\/www.europesays.com\/fr\/wp-json\/wp\/v2\/comments?post=225058"}],"version-history":[{"count":0,"href":"https:\/\/www.europesays.com\/fr\/wp-json\/wp\/v2\/posts\/225058\/revisions"}],"wp:featuredmedia":[{"embeddable":true,"href":"https:\/\/www.europesays.com\/fr\/wp-json\/wp\/v2\/media\/225059"}],"wp:attachment":[{"href":"https:\/\/www.europesays.com\/fr\/wp-json\/wp\/v2\/media?parent=225058"}],"wp:term":[{"taxonomy":"category","embeddable":true,"href":"https:\/\/www.europesays.com\/fr\/wp-json\/wp\/v2\/categories?post=225058"},{"taxonomy":"post_tag","embeddable":true,"href":"https:\/\/www.europesays.com\/fr\/wp-json\/wp\/v2\/tags?post=225058"}],"curies":[{"name":"wp","href":"https:\/\/api.w.org\/{rel}","templated":true}]}}