{"id":225062,"date":"2025-07-04T07:15:10","date_gmt":"2025-07-04T07:15:10","guid":{"rendered":"https:\/\/www.europesays.com\/fr\/225062\/"},"modified":"2025-07-04T07:15:10","modified_gmt":"2025-07-04T07:15:10","slug":"sebastien-lecornu-visite-la-base-des-sous-marins-nucleaires-a-toulon","status":"publish","type":"post","link":"https:\/\/www.europesays.com\/fr\/225062\/","title":{"rendered":"S\u00e9bastien Lecornu visite la base des sous-marins nucl\u00e9aires \u00e0 Toulon"},"content":{"rendered":"\n<p>S\u00e9bastien Lecornu est attendu ce vendredi matin sur la base navale de Toulon. Il visitera le nouveau bassin Missiessy n\u00b0\u00a02. Ce bassin a \u00e9t\u00e9 r\u00e9nov\u00e9 pour permettre l\u2019accueil des nouveaux sous-marins nucl\u00e9aires d\u2019attaque (SNA) de type Suffren. En effet, ces sous-marins de la classe Suffren \u00e9tant deux fois plus gros que les Rubis qu\u2019ils remplacent, les infrastructures d\u2019accueil des SNA n\u2019\u00e9taient plus dimensionn\u00e9es pour leur accueil. Est \u00e9galement pr\u00e9vu un briefing, \u00e0 l\u2019attention des \u00e9lus, \u00e0 propos du nouveau SNA le Tourville. Ce SNA de classe Suffren va \u00eatre admis au service actif. Livr\u00e9 en novembre\u00a02024, le Tourville a \u00e9t\u00e9 construit, comme ses pr\u00e9c\u00e9dents, sur le site <a rel=\"nofollow noopener\" href=\"https:\/\/actu.fr\/tag\/naval-group\" target=\"_blank\">Naval Group<\/a> de <a rel=\"nofollow noopener\" href=\"https:\/\/actu.fr\/normandie\/cherbourg-en-cotentin_50129\" target=\"_blank\">Cherbourg<\/a> dans le cadre du programme Barracuda. Les livraisons des trois SNA restantes s\u2019\u00e9chelonneront jusqu\u2019en 2030.<\/p>\n<p>\u00ab\u00a0Comme leurs pr\u00e9c\u00e9dents, les SNA de ce programme [le programme Barracuda, Ndlr] sont \u00e9quip\u00e9s d\u2019une propulsion nucl\u00e9aire qui leur conf\u00e8re un rayon d\u2019action et une discr\u00e9tion remarquables\u00a0\u00bb, selon le minist\u00e8re des Arm\u00e9es. Il ajoute\u00a0: \u00ab\u00a0Ils sont plus rapides, plus endurants et plus polyvalents que les SNA de la g\u00e9n\u00e9ration pr\u00e9c\u00e9dente.\u00a0\u00bb<\/p>\n","protected":false},"excerpt":{"rendered":"S\u00e9bastien Lecornu est attendu ce vendredi matin sur la base navale de Toulon. Il visitera le nouveau bassin&hellip;\n","protected":false},"author":2,"featured_media":225063,"comment_status":"","ping_status":"","sticky":false,"template":"","format":"standard","meta":{"footnotes":""},"categories":[9619],"tags":[1111,11,36390,1777,674,1011,27,12,882,25,2310],"class_list":{"0":"post-225062","1":"post","2":"type-post","3":"status-publish","4":"format-standard","5":"has-post-thumbnail","7":"category-toulon","8":"tag-actu","9":"tag-actualites","10":"tag-claire-mangeard","11":"tag-eu","12":"tag-europe","13":"tag-fr","14":"tag-france","15":"tag-news","16":"tag-provence-alpes-cote-dazur","17":"tag-republique-francaise","18":"tag-toulon"},"share_on_mastodon":{"url":"https:\/\/pubeurope.com\/@fr\/114793737323611807","error":""},"_links":{"self":[{"href":"https:\/\/www.europesays.com\/fr\/wp-json\/wp\/v2\/posts\/225062","targetHints":{"allow":["GET"]}}],"collection":[{"href":"https:\/\/www.europesays.com\/fr\/wp-json\/wp\/v2\/posts"}],"about":[{"href":"https:\/\/www.europesays.com\/fr\/wp-json\/wp\/v2\/types\/post"}],"author":[{"embeddable":true,"href":"https:\/\/www.europesays.com\/fr\/wp-json\/wp\/v2\/users\/2"}],"replies":[{"embeddable":true,"href":"https:\/\/www.europesays.com\/fr\/wp-json\/wp\/v2\/comments?post=225062"}],"version-history":[{"count":0,"href":"https:\/\/www.europesays.com\/fr\/wp-json\/wp\/v2\/posts\/225062\/revisions"}],"wp:featuredmedia":[{"embeddable":true,"href":"https:\/\/www.europesays.com\/fr\/wp-json\/wp\/v2\/media\/225063"}],"wp:attachment":[{"href":"https:\/\/www.europesays.com\/fr\/wp-json\/wp\/v2\/media?parent=225062"}],"wp:term":[{"taxonomy":"category","embeddable":true,"href":"https:\/\/www.europesays.com\/fr\/wp-json\/wp\/v2\/categories?post=225062"},{"taxonomy":"post_tag","embeddable":true,"href":"https:\/\/www.europesays.com\/fr\/wp-json\/wp\/v2\/tags?post=225062"}],"curies":[{"name":"wp","href":"https:\/\/api.w.org\/{rel}","templated":true}]}}