{"id":225064,"date":"2025-07-04T07:16:14","date_gmt":"2025-07-04T07:16:14","guid":{"rendered":"https:\/\/www.europesays.com\/fr\/225064\/"},"modified":"2025-07-04T07:16:14","modified_gmt":"2025-07-04T07:16:14","slug":"toulon-donne-le-coup-denvoi-des-assemblees-de-la-terre","status":"publish","type":"post","link":"https:\/\/www.europesays.com\/fr\/225064\/","title":{"rendered":"Toulon donne le coup d\u2019envoi des assembl\u00e9es de la Terre"},"content":{"rendered":"\n<p>L\u2019universit\u00e9 de Toulon organisait le lancement des assembl\u00e9es de la Terre, mercredi. Ces espaces de r\u00e9flexion et d\u2019\u00e9change sur les objectifs du d\u00e9veloppement durable (ODD), qui d\u00e9butent en France avant de s\u2019\u00e9tendre aux autres \u00c9tats (Br\u00e9sil et Espagne, prochainement), sont vou\u00e9s \u00e0 pr\u00e9parer le sommet de la Terre 2030 de l\u2019ONU, qui dessinera les lignes directrices pour l\u2019avenir en mati\u00e8re de d\u00e9veloppement durable.<\/p>\n<p>Car \u00e0 l\u2019heure actuelle, les 17\u00a0ODD pr\u00e9vus par l\u2019agenda 2030 des Nation unies, \u00ab\u00a0sont insuffisants et n\u2019ont pas \u00e9t\u00e9 atteints. L\u2019id\u00e9e est donc de les r\u00e9\u00e9crire en vue du sommet de la Terre\u00a0\u00bb, explique C\u00e9dric Riot, enseignant-chercheur sp\u00e9cialiste en droit du vivant \u00e0 l\u2019universit\u00e9 de Toulon, et coauteur, avec sa cons\u0153ur Caroline Regad, de la D\u00e9claration de Toulon (2019) et de la D\u00e9claration du droit du vivant (2021), deux textes devenus une base juridique et l\u00e9gislative dans de nombreux pays concernant le droit du vivant. L\u2019une des raisons du choix de Toulon pour recevoir cette premi\u00e8re assembl\u00e9e, et de nommer ces deux chercheurs \u00e0 la t\u00eate de son comit\u00e9 scientifique.<\/p>\n<p> \u00ab\u00a0Corriger les d\u00e9rives<br \/>\n               <br \/>de l\u2019anthropoc\u00e8ne\u00a0\u00bb\n              <\/p>\n<p>\u00ab\u00a0Les trois piliers des ODD (\u00e9conomie, social, environnement) sont d\u00e9s\u00e9quilibr\u00e9s. L\u2019environnement n\u2019est invoqu\u00e9 que dans trois des 17 objectifs\u00a0\u00bb, d\u00e9plore Victor David, chercheur \u00e0 l\u2019Institut de recherche et de d\u00e9veloppement, membre du comit\u00e9 scientifique. Qui plus est \u00ab\u00a0l\u2019absence d\u2019obligation juridique contraignante, les probl\u00e8mes de gouvernance, les probl\u00e8mes financiers et la faiblesse du suivi\u00a0\u00bb incarnent ainsi les limites \u00e0 leur r\u00e9alisation.<\/p>\n<p>Ces assembl\u00e9es visent donc \u00e0 assurer un monde respectueux de tous les vivants, humains ou non. \u00ab\u00a0La mission est de parvenir \u00e0 un \u00e9quilibre entre besoins \u00e9conomiques, sociaux et environnementaux, avec un nouveau paradigme : la reconnaissance d\u2019un statut juridique \u00e0 la nature, pour corriger les d\u00e9rives de l\u2019anthropoc\u00e8ne, qui a historiquement trait\u00e9 la nature comme une marchandise\u00a0\u00bb, appuie Maria Mercedes Sanchez, directrice du programme Onusien Harmonie avec la nature, porteur de ces assembl\u00e9es. Chaque ann\u00e9e, une th\u00e9matique sera d\u00e9battue : la nature (2025-2026), les objectifs soci\u00e9taux (2026-2027), les objectifs \u00e9conomiques (2027-2028). Ces assembl\u00e9es r\u00e9uniront citoyens, chercheurs et institutionnels, afin \u00ab\u00a0de r\u00e9diger des ODD plus efficaces, en associant conscience citoyenne et rigueur scientifique, pour garantir un \u00e9quilibre entre comp\u00e9tences et sensibilit\u00e9s\u00a0\u00bb, d\u00e9taille C\u00e9dric Riot. Des points d\u2019\u00e9tapes seront organis\u00e9s au niveau national chaque ann\u00e9e, avant une rencontre r\u00e9gionale, en 2029, pour pr\u00e9parer le Sommet de la Terre l\u2019ann\u00e9e suivante.<\/p>\n","protected":false},"excerpt":{"rendered":"L\u2019universit\u00e9 de Toulon organisait le lancement des assembl\u00e9es de la Terre, mercredi. Ces espaces de r\u00e9flexion et d\u2019\u00e9change&hellip;\n","protected":false},"author":2,"featured_media":225065,"comment_status":"","ping_status":"","sticky":false,"template":"","format":"standard","meta":{"footnotes":""},"categories":[9619],"tags":[1111,11,12125,1777,674,1011,27,12,882,25,2310],"class_list":{"0":"post-225064","1":"post","2":"type-post","3":"status-publish","4":"format-standard","5":"has-post-thumbnail","7":"category-toulon","8":"tag-actu","9":"tag-actualites","10":"tag-adam-benhammouda","11":"tag-eu","12":"tag-europe","13":"tag-fr","14":"tag-france","15":"tag-news","16":"tag-provence-alpes-cote-dazur","17":"tag-republique-francaise","18":"tag-toulon"},"share_on_mastodon":{"url":"https:\/\/pubeurope.com\/@fr\/114793741220489151","error":""},"_links":{"self":[{"href":"https:\/\/www.europesays.com\/fr\/wp-json\/wp\/v2\/posts\/225064","targetHints":{"allow":["GET"]}}],"collection":[{"href":"https:\/\/www.europesays.com\/fr\/wp-json\/wp\/v2\/posts"}],"about":[{"href":"https:\/\/www.europesays.com\/fr\/wp-json\/wp\/v2\/types\/post"}],"author":[{"embeddable":true,"href":"https:\/\/www.europesays.com\/fr\/wp-json\/wp\/v2\/users\/2"}],"replies":[{"embeddable":true,"href":"https:\/\/www.europesays.com\/fr\/wp-json\/wp\/v2\/comments?post=225064"}],"version-history":[{"count":0,"href":"https:\/\/www.europesays.com\/fr\/wp-json\/wp\/v2\/posts\/225064\/revisions"}],"wp:featuredmedia":[{"embeddable":true,"href":"https:\/\/www.europesays.com\/fr\/wp-json\/wp\/v2\/media\/225065"}],"wp:attachment":[{"href":"https:\/\/www.europesays.com\/fr\/wp-json\/wp\/v2\/media?parent=225064"}],"wp:term":[{"taxonomy":"category","embeddable":true,"href":"https:\/\/www.europesays.com\/fr\/wp-json\/wp\/v2\/categories?post=225064"},{"taxonomy":"post_tag","embeddable":true,"href":"https:\/\/www.europesays.com\/fr\/wp-json\/wp\/v2\/tags?post=225064"}],"curies":[{"name":"wp","href":"https:\/\/api.w.org\/{rel}","templated":true}]}}