{"id":225070,"date":"2025-07-04T07:22:08","date_gmt":"2025-07-04T07:22:08","guid":{"rendered":"https:\/\/www.europesays.com\/fr\/225070\/"},"modified":"2025-07-04T07:22:08","modified_gmt":"2025-07-04T07:22:08","slug":"le-world-trade-center-fermera-ses-portes-en-fin-dannee","status":"publish","type":"post","link":"https:\/\/www.europesays.com\/fr\/225070\/","title":{"rendered":"le World Trade Center fermera ses portes en fin d&rsquo;ann\u00e9e"},"content":{"rendered":"<p itemprop=\"description\"><strong>Nouveau coup dur pour l\u2019image de Grenoble.<\/strong><\/p>\n<p>Selon nos informations, le World Trade Center install\u00e9 \u00e0 Europole en centre-ville, fermera ses portes le 31 d\u00e9cembre prochain et son personnel sera licenci\u00e9.<\/p>\n<p>La Chambre de Commerce et d\u2019industrie qui le g\u00e8re a jug\u00e9 qu\u2019il n\u2019est plus rentable. La compagnie consulaire est d\u00e9j\u00e0 en difficult\u00e9s avec GEM, l\u2019\u00e9cole de Management install\u00e9e \u00e0 proximit\u00e9 et dont la pr\u00e9c\u00e9dente gestion aurait laiss\u00e9 un d\u00e9ficit cons\u00e9quent.<\/p>\n<p>L&rsquo;avenir des locaux de la place Robert-Schuman est \u00e9galement incertain, les repreneurs ne risquent pas de se bousculer au portillon.<\/p>\n<p>Mais cette nouvelle confirme l\u2019affaiblissement de l\u2019attractivit\u00e9 du centre-ville de Grenoble, tr\u00e8s affect\u00e9 par les probl\u00e8mes d\u2019accessibilit\u00e9, de s\u00e9curit\u00e9 et d\u2019entretien de l\u2019espace public. De tr\u00e8s nombreux commerces ont baiss\u00e9 le rideau et des collectifs de commer\u00e7ants et d\u2019habitants se sont constitu\u00e9s et manifestent lors de chaque conseil municipal. Avec la fermeture de cet espace d\u2019animations et de congr\u00e8s, le centre de la M\u00e9tropole risque de souffrir un peu plus du recul des activit\u00e9s. \u00a0<\/p>\n<p>Jusque-l\u00e0, la municipalit\u00e9 \u00e9cologiste a toujours maintenu que sa politique \u00e9tait favorable au centre-ville. Comment va-t-elle r\u00e9agir face \u00e0 ce nouveau coup de massue ?<\/p>\n","protected":false},"excerpt":{"rendered":"Nouveau coup dur pour l\u2019image de Grenoble. Selon nos informations, le World Trade Center install\u00e9 \u00e0 Europole en&hellip;\n","protected":false},"author":2,"featured_media":225071,"comment_status":"","ping_status":"","sticky":false,"template":"","format":"standard","meta":{"footnotes":""},"categories":[9566],"tags":[1111,11,7733,8279,2430,7736,650,7734,2889,2263,1777,674,1011,27,2731,8280,6417,1114,108,4662,12,3725,1825,25,7737],"class_list":{"0":"post-225070","1":"post","2":"type-post","3":"status-publish","4":"format-standard","5":"has-post-thumbnail","7":"category-grenoble","8":"tag-actu","9":"tag-actualites","10":"tag-alpes","11":"tag-alpes1","12":"tag-auvergne-rhone-alpes","13":"tag-cds","14":"tag-cinema","15":"tag-ecoute","16":"tag-emission","17":"tag-equipe","18":"tag-eu","19":"tag-europe","20":"tag-fr","21":"tag-france","22":"tag-grenoble","23":"tag-haute","24":"tag-information","25":"tag-infos","26":"tag-isere","27":"tag-journal","28":"tag-news","29":"tag-podcast","30":"tag-radio","31":"tag-republique-francaise","32":"tag-winamp"},"share_on_mastodon":{"url":"https:\/\/pubeurope.com\/@fr\/114793764862243514","error":""},"_links":{"self":[{"href":"https:\/\/www.europesays.com\/fr\/wp-json\/wp\/v2\/posts\/225070","targetHints":{"allow":["GET"]}}],"collection":[{"href":"https:\/\/www.europesays.com\/fr\/wp-json\/wp\/v2\/posts"}],"about":[{"href":"https:\/\/www.europesays.com\/fr\/wp-json\/wp\/v2\/types\/post"}],"author":[{"embeddable":true,"href":"https:\/\/www.europesays.com\/fr\/wp-json\/wp\/v2\/users\/2"}],"replies":[{"embeddable":true,"href":"https:\/\/www.europesays.com\/fr\/wp-json\/wp\/v2\/comments?post=225070"}],"version-history":[{"count":0,"href":"https:\/\/www.europesays.com\/fr\/wp-json\/wp\/v2\/posts\/225070\/revisions"}],"wp:featuredmedia":[{"embeddable":true,"href":"https:\/\/www.europesays.com\/fr\/wp-json\/wp\/v2\/media\/225071"}],"wp:attachment":[{"href":"https:\/\/www.europesays.com\/fr\/wp-json\/wp\/v2\/media?parent=225070"}],"wp:term":[{"taxonomy":"category","embeddable":true,"href":"https:\/\/www.europesays.com\/fr\/wp-json\/wp\/v2\/categories?post=225070"},{"taxonomy":"post_tag","embeddable":true,"href":"https:\/\/www.europesays.com\/fr\/wp-json\/wp\/v2\/tags?post=225070"}],"curies":[{"name":"wp","href":"https:\/\/api.w.org\/{rel}","templated":true}]}}