{"id":225074,"date":"2025-07-04T07:24:10","date_gmt":"2025-07-04T07:24:10","guid":{"rendered":"https:\/\/www.europesays.com\/fr\/225074\/"},"modified":"2025-07-04T07:24:10","modified_gmt":"2025-07-04T07:24:10","slug":"je-te-donne-de-largent-si-tu-me-montres-ta-culotte-a-rennes-un-ancien-prof-de-chimie-agresse-un-collegien","status":"publish","type":"post","link":"https:\/\/www.europesays.com\/fr\/225074\/","title":{"rendered":"\u00ab\u00a0Je te donne de l&rsquo;argent si tu me montres ta culotte\u00a0\u00bb. \u00c0 Rennes, un ancien prof de chimie agresse un coll\u00e9gien"},"content":{"rendered":"<p>            Par<br \/>\n        <strong><br \/>\n            <a href=\"https:\/\/actu.fr\/auteur\/redaction-rennes\" title=\"Consulter tous les articles de R\u00e9daction Rennes\" rel=\"nofollow noopener\" target=\"_blank\">R\u00e9daction Rennes<\/a><br \/>\n        <\/strong><\/p>\n<p>        Publi\u00e9 le<\/p>\n<p>            4 juil. 2025 \u00e0 8h45        <\/p>\n<p><strong>En pleine journ\u00e9e, le 2\u00a0avril 2025, <\/strong>un coll\u00e9gien de <strong>14\u00a0ans<\/strong>, qui faisait alors son stage de 3\u1d49, prenait <strong>sa pause d\u00e9jeuner sur un banc<\/strong> lorsque <strong>Bruno<\/strong> l\u2019avait abord\u00e9 apr\u00e8s l\u2019avoir <strong>rep\u00e9r\u00e9 \u00e0 un arr\u00eat de bus<\/strong>.<\/p>\n<p class=\" wall-content\">Le pr\u00e9venu lui avait alors mis <strong>la main sur la cuisse<\/strong>, mais l\u2019adolescent l\u2019avait imm\u00e9diatement <strong>repouss\u00e9.<\/strong> \u00ab\u2009Je te donne de l\u2019argent si tu me montres ta culotte\u2009\u00bb, avait insist\u00e9 le sexag\u00e9naire en remontant la main vers le sexe de l\u2019adolescent.<\/p>\n<p class=\" wall-content\"><strong>Un gendarme<\/strong>, qui \u00e9tait hors service mais qui avait assist\u00e9 \u00e0 la sc\u00e8ne, \u00e9tait alors <strong>intervenu<\/strong> et le pr\u00e9venu avait pu \u00eatre <strong>interpell\u00e9.<\/strong><\/p>\n<p class=\" wall-content\">Plac\u00e9 initialement en d\u00e9tention provisoire \u00e0 <strong>Vezin-le-Coquet,<\/strong> le sexag\u00e9naire avait par la suite \u00e9t\u00e9 <strong>remis en libert\u00e9 sous contr\u00f4le judiciaire,<\/strong> avec interdiction de recontacter sa victime et obligation d\u2019entamer des soins psychologiques.<\/p>\n<p>Inconnu de la justice mais pas de la police<\/p>\n<p class=\" wall-content\">Plac\u00e9 sous tutelle depuis 2011, cet homme de 66\u00a0ans \u00e9tait jusqu\u2019alors inconnu de la justice\u2026 mais pas de la police\u2009: il avait <strong>d\u00e9j\u00e0 condamn\u00e9 en avril\u00a02024<\/strong> pour <strong>des faits similaires<\/strong> \u00e0 un an de prison avec sursis, mais <strong>un appel est en cours.<\/strong><\/p>\n<p class=\" wall-content\">Son casier judiciaire \u00e9tait donc encore vierge avant <strong>un nouveau proc\u00e8s au tribunal correctionnel de Rennes ce mardi 24\u00a0juin 2025<\/strong>.<\/p>\n<p class=\" wall-content\">Lors de l\u2019audience, Bruno a r\u00e9p\u00e9t\u00e9 avoir uniquement \u00ab\u2009mis la main sur la cuisse\u2009\u00bb de l\u2019adolescent <strong>pour \u00ab\u2009sympathiser\u2009\u00bb et n\u2019a \u00ab\u2009pas d\u2019explication\u2009\u00bb \u00e0 fournir<\/strong> sur les t\u00e9moignages de sa victime et des t\u00e9moins. Il est donc <strong>\u00ab\u2009dans le d\u00e9ni\u2009\u00bb<\/strong>, a r\u00e9sum\u00e9 la procureure de la R\u00e9publique.<\/p>\n<p class=\" wall-content\"><strong>Cet ancien professeur de chimie<\/strong> dans le 13\u1d49 arrondissement de Paris puis chef d\u2019entreprise dans l\u2019immobilier ne travaille plus depuis plusieurs ann\u00e9es, en fait\u2009: il souffre notamment de <strong>diab\u00e8te,<\/strong> <strong>d\u2019un cancer de la prostate et d\u2019incontinence,<\/strong> a-t-il \u00e9t\u00e9 expliqu\u00e9.<\/p>\n<p class=\" wall-content\">Dans ces conditions, un renvoi en d\u00e9tention serait \u00ab\u2009absolument insupportable\u2009\u00bb, avait mis en garde son avocat. Son client \u00e9tait de toute mani\u00e8re \u00ab\u2009irresponsable\u2009\u00bb sur un plan p\u00e9nal, avait-il plaid\u00e9 au vu des rapports \u00ab\u2009contradictoires\u2009\u00bb des experts sur le sujet.<\/p>\n<p class=\" wall-content\">Aucune \u00ab\u2009pathologie mentale\u2009\u00bb ou \u00ab\u2009d\u00e9ficience intellectuelle\u2009\u00bb n\u2019avait en fait \u00e9t\u00e9 d\u00e9tect\u00e9e chez ce sexag\u00e9naire, qui n\u2019avait jamais \u00e9t\u00e9 intern\u00e9 en psychiatrie jusqu\u2019alors, mais <strong>une certaine \u00ab\u2009paraphilie\u2009\u00bb<\/strong> avait n\u00e9anmoins \u00e9t\u00e9 relev\u00e9e.<\/p>\n<p>Six mois pour \u00ab\u2009agression sexuelle\u2009\u00bb<\/p>\n<p class=\" wall-content\">L\u2019ancien enseignant a finalement \u00e9cop\u00e9 de six mois de D\u00e9tention domiciliaire sous surveillance \u00e9lectronique (DDSE) pour<strong> \u00ab\u2009agression sexuelle\u2009\u00bb.<\/strong><\/p>\n<p class=\" wall-content\">Le jugement a \u00e9t\u00e9 frapp\u00e9 <strong>d\u2019ex\u00e9cution provisoire,<\/strong> ce qui signifie qu\u2019il s\u2019applique d\u00e8s \u00e0 pr\u00e9sent, m\u00eame si le pr\u00e9venu en faisait appel.<\/p>\n<p class=\" wall-content\">Le tribunal correctionnel de Rennes a aussi ordonn\u00e9<strong> son inscription au Fichier judiciaire automatis\u00e9 des auteurs d\u2019infractions sexuelles (FIJAIS),<\/strong> ce qui l\u2019obligera \u00e0 pointer au moins une fois par an pendant vingt ans au commissariat de police ou \u00e0 la brigade de gendarmerie la plus proche de son domicile.<\/p>\n<p class=\" wall-content\">Sur le plan civil, Bruno devra verser <strong>900\u00a0euros<\/strong> au coll\u00e9gien, par l\u2019interm\u00e9diaire de ses parents, pour son pr\u00e9judice moral.<\/p>\n<p class=\" wall-content\"><strong>LB (PressPepper)<\/strong><\/p>\n<p class=\" wall-content\">Suivez toute l\u2019actualit\u00e9 de vos villes et m\u00e9dias favoris en vous inscrivant \u00e0 <a href=\"https:\/\/moncompte.actu.fr\" title=\"D\u00e9couvez Mon Actu\" rel=\"nofollow noopener\" data-trk=\"{&quot;cta&quot;:{&quot;action&quot;:&quot;https:\\\/\\\/moncompte.actu.fr&quot;,&quot;category&quot;:&quot;mon compte&quot;,&quot;from&quot;:&quot;article footer&quot;,&quot;name&quot;:&quot;Mon actu&quot;,&quot;type&quot;:&quot;cta&quot;}}\" target=\"_blank\">Mon Actu<\/a>.<\/p>\n","protected":false},"excerpt":{"rendered":"Par R\u00e9daction Rennes Publi\u00e9 le 4 juil. 2025 \u00e0 8h45 En pleine journ\u00e9e, le 2\u00a0avril 2025, un coll\u00e9gien&hellip;\n","protected":false},"author":2,"featured_media":225075,"comment_status":"","ping_status":"","sticky":false,"template":"","format":"standard","meta":{"footnotes":""},"categories":[2821],"tags":[1111,11,829,1719,1777,674,118,1011,27,303,12,584,25,799],"class_list":{"0":"post-225074","1":"post","2":"type-post","3":"status-publish","4":"format-standard","5":"has-post-thumbnail","7":"category-rennes","8":"tag-actu","9":"tag-actualites","10":"tag-bretagne","11":"tag-enfants","12":"tag-eu","13":"tag-europe","14":"tag-faits-divers","15":"tag-fr","16":"tag-france","17":"tag-justice","18":"tag-news","19":"tag-rennes","20":"tag-republique-francaise","21":"tag-violences-sexuelles"},"share_on_mastodon":{"url":"https:\/\/pubeurope.com\/@fr\/114793772714197440","error":""},"_links":{"self":[{"href":"https:\/\/www.europesays.com\/fr\/wp-json\/wp\/v2\/posts\/225074","targetHints":{"allow":["GET"]}}],"collection":[{"href":"https:\/\/www.europesays.com\/fr\/wp-json\/wp\/v2\/posts"}],"about":[{"href":"https:\/\/www.europesays.com\/fr\/wp-json\/wp\/v2\/types\/post"}],"author":[{"embeddable":true,"href":"https:\/\/www.europesays.com\/fr\/wp-json\/wp\/v2\/users\/2"}],"replies":[{"embeddable":true,"href":"https:\/\/www.europesays.com\/fr\/wp-json\/wp\/v2\/comments?post=225074"}],"version-history":[{"count":0,"href":"https:\/\/www.europesays.com\/fr\/wp-json\/wp\/v2\/posts\/225074\/revisions"}],"wp:featuredmedia":[{"embeddable":true,"href":"https:\/\/www.europesays.com\/fr\/wp-json\/wp\/v2\/media\/225075"}],"wp:attachment":[{"href":"https:\/\/www.europesays.com\/fr\/wp-json\/wp\/v2\/media?parent=225074"}],"wp:term":[{"taxonomy":"category","embeddable":true,"href":"https:\/\/www.europesays.com\/fr\/wp-json\/wp\/v2\/categories?post=225074"},{"taxonomy":"post_tag","embeddable":true,"href":"https:\/\/www.europesays.com\/fr\/wp-json\/wp\/v2\/tags?post=225074"}],"curies":[{"name":"wp","href":"https:\/\/api.w.org\/{rel}","templated":true}]}}