{"id":225078,"date":"2025-07-04T07:26:11","date_gmt":"2025-07-04T07:26:11","guid":{"rendered":"https:\/\/www.europesays.com\/fr\/225078\/"},"modified":"2025-07-04T07:26:11","modified_gmt":"2025-07-04T07:26:11","slug":"qui-adoptera-la-lapine-pita-agee-de-6-ans","status":"publish","type":"post","link":"https:\/\/www.europesays.com\/fr\/225078\/","title":{"rendered":"qui adoptera la lapine Pita, \u00e2g\u00e9e de 6 ans\u00a0?"},"content":{"rendered":"<p>Pita est une lapine hollandaise qui sera prochainement st\u00e9rilis\u00e9e et vaccin\u00e9e, elle est n\u00e9e en 2019. \u00c0 la suite de soucis de sant\u00e9 de sa propri\u00e9taire, elle est arriv\u00e9e chez nous.\u00a0Pita, est une lagomorphe \u00e2g\u00e9e de 6 ans qui a besoin plus que jamais d\u2019une famille.<\/p>\n<p>Pita, c\u2019est un rayon de soleil, une louloute merveilleuse, une r\u00e2leuse au grand c\u0153ur, une \u00e9toile, qui brille par sa personnalit\u00e9. Elle est pleine de charme. C\u2019est un grand c\u0153ur qui ne demande qu\u2019\u00e0 aimer et \u00e0 \u00eatre aim\u00e9. Elle est comme cette petite lumi\u00e8re qui r\u00e9chauffe les c\u0153urs, m\u00eame les journ\u00e9es grises<\/p>\n<p>Pita, c\u2019est un petit c\u0153ur un peu timide, qui a besoin de temps pour se d\u00e9voiler, une louloute encore un peu peureuse. Mais quand elle s\u2019ouvre, elle devient profond\u00e9ment attachante et attendrissante.<\/p>\n<p>  Une vie en semi-libert\u00e9 ou libert\u00e9 totale<\/p>\n<p>Pita, c\u2019est une merveille \u00e0 l\u2019adoption.\u00a0Pita partira en panier retraite car elle a quelques petits soucis de sant\u00e9\u00a0: elle n\u2019a plus d\u2019incisive \u00e0 la suite de soucis dentaires.\u00a0Nous recherchons \u00e9videmment un foyer pouvant lui offrir une vie en semi-libert\u00e9 ou libert\u00e9 totale et, dans l\u2019id\u00e9al, une colocation avec un lagomorphe m\u00e2le st\u00e9rilis\u00e9.<\/p>\n<p>Pour toute information et\/ou pour pouvoir la rencontrer, merci de nous contacter via\u00a0: nacs@spa-strasbourg.org<\/p>\n","protected":false},"excerpt":{"rendered":"Pita est une lapine hollandaise qui sera prochainement st\u00e9rilis\u00e9e et vaccin\u00e9e, elle est n\u00e9e en 2019. \u00c0 la&hellip;\n","protected":false},"author":2,"featured_media":225079,"comment_status":"","ping_status":"","sticky":false,"template":"","format":"standard","meta":{"footnotes":""},"categories":[2820],"tags":[1111,11,1867,2880,1777,674,107,1011,27,775,12,25,104,640,2879],"class_list":{"0":"post-225078","1":"post","2":"type-post","3":"status-publish","4":"format-standard","5":"has-post-thumbnail","7":"category-strasbourg","8":"tag-actu","9":"tag-actualites","10":"tag-animaux","11":"tag-edition-strasbourg","12":"tag-eu","13":"tag-europe","14":"tag-fil-info","15":"tag-fr","16":"tag-france","17":"tag-grand-est","18":"tag-news","19":"tag-republique-francaise","20":"tag-societe","21":"tag-strasbourg","22":"tag-strasbourg-ville"},"share_on_mastodon":{"url":"https:\/\/pubeurope.com\/@fr\/114793780647494404","error":""},"_links":{"self":[{"href":"https:\/\/www.europesays.com\/fr\/wp-json\/wp\/v2\/posts\/225078","targetHints":{"allow":["GET"]}}],"collection":[{"href":"https:\/\/www.europesays.com\/fr\/wp-json\/wp\/v2\/posts"}],"about":[{"href":"https:\/\/www.europesays.com\/fr\/wp-json\/wp\/v2\/types\/post"}],"author":[{"embeddable":true,"href":"https:\/\/www.europesays.com\/fr\/wp-json\/wp\/v2\/users\/2"}],"replies":[{"embeddable":true,"href":"https:\/\/www.europesays.com\/fr\/wp-json\/wp\/v2\/comments?post=225078"}],"version-history":[{"count":0,"href":"https:\/\/www.europesays.com\/fr\/wp-json\/wp\/v2\/posts\/225078\/revisions"}],"wp:featuredmedia":[{"embeddable":true,"href":"https:\/\/www.europesays.com\/fr\/wp-json\/wp\/v2\/media\/225079"}],"wp:attachment":[{"href":"https:\/\/www.europesays.com\/fr\/wp-json\/wp\/v2\/media?parent=225078"}],"wp:term":[{"taxonomy":"category","embeddable":true,"href":"https:\/\/www.europesays.com\/fr\/wp-json\/wp\/v2\/categories?post=225078"},{"taxonomy":"post_tag","embeddable":true,"href":"https:\/\/www.europesays.com\/fr\/wp-json\/wp\/v2\/tags?post=225078"}],"curies":[{"name":"wp","href":"https:\/\/api.w.org\/{rel}","templated":true}]}}