{"id":225082,"date":"2025-07-04T07:28:19","date_gmt":"2025-07-04T07:28:19","guid":{"rendered":"https:\/\/www.europesays.com\/fr\/225082\/"},"modified":"2025-07-04T07:28:19","modified_gmt":"2025-07-04T07:28:19","slug":"une-centaine-de-caravanes-des-gens-du-voyage-sinstallent-a-cagnes-sur-mer","status":"publish","type":"post","link":"https:\/\/www.europesays.com\/fr\/225082\/","title":{"rendered":"Une centaine de caravanes des gens du voyage s\u2019installent \u00e0 Cagnes-sur-Mer"},"content":{"rendered":"<p>Cent caravanes arrivent au compte goutte \u00e0 Cagnes-sur-Mer, ce jeudi 3 juillet 2025. Environ 70 familles appartenant \u00e0 la communaut\u00e9 des gens du voyage occuperont le grand champ du Moulin du Loup, situ\u00e9 \u00e0 l\u2019ouest de la ville, jusqu\u2019au dimanche 27 juillet 2025. D\u2019ici vendredi midi et les derni\u00e8res arriv\u00e9es, la circulation dans le secteur pourra \u00eatre perturb\u00e9e.<\/p>\n<p>Ce terrain communal, r\u00e9quisitionn\u00e9 par le pr\u00e9fet \u2013 comme le pr\u00e9voit la loi du 5 juillet 2000 (1)- avait d\u00e9j\u00e0 servi de zone d\u2019accueil aux m\u00eames familles en 2021 et 2022.<\/p>\n<p>L\u2019emplacement sera viabilis\u00e9 d\u2019ici 24 heures en partenariat avec les services de la M\u00e9tropole Nice C\u00f4te d\u2019Azur, assurant le raccordement \u00e0 l\u2019eau et \u00e0 l\u2019\u00e9lectricit\u00e9.<\/p>\n<p>Une cuve de r\u00e9cup\u00e9ration des eaux us\u00e9es ainsi que des bennes \u00e0 ordures seront mises \u00e0 disposition. L\u2019ensemble de ces prestations sera factur\u00e9 \u00e0 la communaut\u00e9.<\/p>\n<p><strong>Quid du risque incendie?<\/strong><\/p>\n<p>Seule ombre au tableau: le risque incendie accru dans cette zone bois\u00e9e class\u00e9e comme remarquable par la Ville. <a href=\"https:\/\/www.nicematin.com\/faits-divers\/un-nouvel-incendie-se-declare-a-cagnes-sur-mer-dans-la-residence-touchee-par-les-flammes-il-y-a-quelques-jours-864622\" target=\"_blank\" rel=\"noopener\">\u00c0 l\u2019\u00e9t\u00e9 2023, un feu de broussailles avait parcouru ce m\u00eame terrain \u2013 alors inoccup\u00e9 \u2013 n\u00e9cessitant la mobilisation d\u2019une trentaine de sapeurs-pompiers.<\/a> Ce jeudi matin vers 9 heures, ces derniers \u00e9taient pr\u00e9sents, aux c\u00f4t\u00e9s des polices municipale et nationale, pour accueillir les premiers voyageurs.<\/p>\n<p>\u00ab\u00a0Nous allons nous montrer tr\u00e8s prudents\u00a0\u00bb, assure Dimitri Badin. Habitu\u00e9 au sud de la France, le responsable rappelle que sa communaut\u00e9 arrive de Fr\u00e9jus et repartira \u00e0 Mandelieu-La Napoule. \u00ab\u00a0La pin\u00e8de, on conna\u00eet.\u00a0\u00bb<\/p>\n<p>Pour ce qui est de la cohabitation avec les r\u00e9sidents du Domaine du Loup, le m\u00e9diateur mandat\u00e9 par la pr\u00e9fecture confirme qu\u2019une r\u00e9union sera bient\u00f4t organis\u00e9e. \u00ab\u00a0Chaque partie a mon num\u00e9ro. Au moindre probl\u00e8me, il m\u2019appelle et on arrange tout \u00e7a \u00e0 l\u2019amiable.\u00a0\u00bb<\/p>\n<p>1. La loi relative \u00e0 l\u2019accueil et l\u2019habitat des gens du voyage, pr\u00e9voit la mise en \u0153uvre dans chaque d\u00e9partement d\u2019un dispositif d\u2019accueil. Faute d\u2019aires d\u2019accueil dans les Alpes-Maritimes, il incombe aux villes d\u2019accueillir ces communaut\u00e9s itin\u00e9rantes.<\/p>\n","protected":false},"excerpt":{"rendered":"Cent caravanes arrivent au compte goutte \u00e0 Cagnes-sur-Mer, ce jeudi 3 juillet 2025. Environ 70 familles appartenant \u00e0&hellip;\n","protected":false},"author":2,"featured_media":225083,"comment_status":"","ping_status":"","sticky":false,"template":"","format":"standard","meta":{"footnotes":""},"categories":[2819],"tags":[1111,11,1777,674,1011,27,12,2401,882,25,3366],"class_list":{"0":"post-225082","1":"post","2":"type-post","3":"status-publish","4":"format-standard","5":"has-post-thumbnail","7":"category-nice","8":"tag-actu","9":"tag-actualites","10":"tag-eu","11":"tag-europe","12":"tag-fr","13":"tag-france","14":"tag-news","15":"tag-nice","16":"tag-provence-alpes-cote-dazur","17":"tag-republique-francaise","18":"tag-vie-locale"},"share_on_mastodon":{"url":"https:\/\/pubeurope.com\/@fr\/114793788487764099","error":""},"_links":{"self":[{"href":"https:\/\/www.europesays.com\/fr\/wp-json\/wp\/v2\/posts\/225082","targetHints":{"allow":["GET"]}}],"collection":[{"href":"https:\/\/www.europesays.com\/fr\/wp-json\/wp\/v2\/posts"}],"about":[{"href":"https:\/\/www.europesays.com\/fr\/wp-json\/wp\/v2\/types\/post"}],"author":[{"embeddable":true,"href":"https:\/\/www.europesays.com\/fr\/wp-json\/wp\/v2\/users\/2"}],"replies":[{"embeddable":true,"href":"https:\/\/www.europesays.com\/fr\/wp-json\/wp\/v2\/comments?post=225082"}],"version-history":[{"count":0,"href":"https:\/\/www.europesays.com\/fr\/wp-json\/wp\/v2\/posts\/225082\/revisions"}],"wp:featuredmedia":[{"embeddable":true,"href":"https:\/\/www.europesays.com\/fr\/wp-json\/wp\/v2\/media\/225083"}],"wp:attachment":[{"href":"https:\/\/www.europesays.com\/fr\/wp-json\/wp\/v2\/media?parent=225082"}],"wp:term":[{"taxonomy":"category","embeddable":true,"href":"https:\/\/www.europesays.com\/fr\/wp-json\/wp\/v2\/categories?post=225082"},{"taxonomy":"post_tag","embeddable":true,"href":"https:\/\/www.europesays.com\/fr\/wp-json\/wp\/v2\/tags?post=225082"}],"curies":[{"name":"wp","href":"https:\/\/api.w.org\/{rel}","templated":true}]}}