{"id":225084,"date":"2025-07-04T07:29:18","date_gmt":"2025-07-04T07:29:18","guid":{"rendered":"https:\/\/www.europesays.com\/fr\/225084\/"},"modified":"2025-07-04T07:29:18","modified_gmt":"2025-07-04T07:29:18","slug":"voici-les-resultats-du-baccalaureat-general-pro-et-technologique","status":"publish","type":"post","link":"https:\/\/www.europesays.com\/fr\/225084\/","title":{"rendered":"voici les r\u00e9sultats du baccalaur\u00e9at g\u00e9n\u00e9ral, pro et technologique"},"content":{"rendered":"<p>            Par<br \/>\n        <strong><br \/>\n            <a href=\"https:\/\/actu.fr\/auteur\/fabien-binacchi\" title=\"Consulter tous les articles de Fabien Binacchi\" target=\"_blank\" rel=\"noopener\">Fabien Binacchi<\/a><br \/>\n        <\/strong><\/p>\n<p>        Publi\u00e9 le<\/p>\n<p>            4 juil. 2025 \u00e0 6h06        <\/p>\n<p>La terrible attente est termin\u00e9e. Les <strong>21626 candidats<\/strong> de l\u2019acad\u00e9mie de <a href=\"https:\/\/actu.fr\/nice\/\" target=\"_blank\" rel=\"noopener\">Nice<\/a>, qui regroupe les d\u00e9partements des <a href=\"https:\/\/actu.fr\/provence-alpes-cote-d-azur\/alpes-maritimes_06\" target=\"_blank\" rel=\"noopener\">Alpes-Maritimes<\/a> et du Var, vont \u00eatre fix\u00e9s. Les r\u00e9sultats des examens pour l\u2019obtention des baccalaur\u00e9ats g\u00e9n\u00e9ral, pro et technologique sont publi\u00e9s ce vendredi 4\u00a0juillet 2025 <strong>en tout d\u00e9but d\u2019apr\u00e8s-midi, \u00e0 13h.<\/strong><\/p>\n<p class=\" wall-content\"><strong>Grosse fiesta ou soupe \u00e0 la grimace,<\/strong> \u00e9clats de joie ou larmes d\u00e9sesp\u00e9r\u00e9es, apr\u00e8s les \u00e9preuves au mois de juin, les \u00e9l\u00e8ves attendent quoi qu\u2019il en soit de savoir sur quel pied danser\u2009: penser aux vacances (et aux \u00e9tudes sup\u00e9rieures) l\u2019esprit l\u00e9ger, se replonger fissa dans les r\u00e9visions en vue du rattrapage, redoubler ou faire carr\u00e9ment sans le dipl\u00f4me.<\/p>\n<p>En r\u00e9el ou sur Internet<\/p>\n<p class=\" wall-content\">Alors comment conna\u00eetre le fameux r\u00e9sultat\u2009? Il y a plusieurs options.<\/p>\n<p class=\" wall-content\">La plus sympathique reste peut-\u00eatre d\u2019aller <strong>le consulter \u00e0 l\u2019ancienne<\/strong>, en famille ou entre amis, sur les feuilles qui seront affich\u00e9es d\u00e8s 13h dans les lyc\u00e9es de l\u2019acad\u00e9mie, qui comprend les d\u00e9partements du Var et des Alpes-Maritimes.<\/p>\n<p class=\" wall-content\">Pour les plus connect\u00e9s, notre r\u00e9daction met \u00e9galement un moteur de recherche\u00a0\u00e0 disposition \u00e0 <a href=\"https:\/\/examens.actu.fr\/\" target=\"_blank\" rel=\"noopener\">cette adresse<\/a>. Il suffit d\u2019y renseigner <strong>un nom, un pr\u00e9nom et le dipl\u00f4me vis\u00e9<\/strong> pour obtenir le verdict. Le m\u00eame syst\u00e8me est disponible directement <a href=\"https:\/\/resultats.examens-concours.gouv.fr\/BGT\/A23\" target=\"_blank\" rel=\"noopener\">sur le site<\/a> mis au point par le minist\u00e8re de l\u2019\u00c9ducation nationale.<\/p>\n<p>Vid\u00e9os : en ce moment sur Actu<br \/>\n    <img   decoding=\"async\" loading=\"lazy\" src=\"https:\/\/www.europesays.com\/fr\/wp-content\/uploads\/2025\/07\/design-sans-titre-2-960x640.png\" alt=\"bac 2025 nice infographie\" width=\"960\" height=\"640\"\/><br \/>\n    Les candidats 2025 sont \u00e2g\u00e9s de 14 \u00e0 61\u00a0ans. (\u00a9Acad\u00e9mie de Nice)Mieux qu\u2019en 2024\u2009?<\/p>\n<p class=\" wall-content\">Une autre question demeure. Les candidats 2025 feront-ils mieux que ceux de 2024, moins bons que leurs camarades de 2023\u2009? Les taux de r\u00e9ussite s\u2019\u00e9tablissaient ainsi l\u2019an dernier\u2009:<\/p>\n<ul class=\" wall-content\">\n<li>Bac g\u00e9n\u00e9ral\u2009: 95\u2009% (-1,1 point versus 2023)<\/li>\n<li>Bac technologique\u2009: 88,9\u2009% (-1,7 point)<\/li>\n<li>Bac professionnel\u2009: 81,9\u2009% (-0,3 point)<\/li>\n<\/ul>\n<p class=\" wall-content\">Mais pour avoir les nouveaux chiffres, il faudra encore <strong>attendre les rattrapages<\/strong> et donc les r\u00e9sultats d\u00e9finitifs. Parmi les <strong>12537<\/strong> <strong>inscrits<\/strong> au bac g\u00e9n\u00e9ral, les <strong>4079<\/strong> au bac technologique et les <strong>5019<\/strong> au bac pro, celles et ceux qui auront failli \u00e0 obtenir la note moyenne de 10\/20 pourront tenter de combler leur retard.<\/p>\n<p class=\" wall-content\">Ils devront <strong>se rendre dans le centre d\u2019examen figurant sur leur premi\u00e8re convocation<\/strong> et passer l\u2019oral dans la mati\u00e8re de leur choix. Ces \u00e9preuves subsidiaires se d\u00e9rouleront auront lieu du lundi 7 au mercredi 9 juillet.<\/p>\n<p class=\" wall-content\">Suivez toute l\u2019actualit\u00e9 de vos villes et m\u00e9dias favoris en vous inscrivant \u00e0 <a href=\"https:\/\/moncompte.actu.fr\" title=\"D\u00e9couvez Mon Actu\" rel=\"nofollow noopener\" data-trk=\"{&quot;cta&quot;:{&quot;action&quot;:&quot;https:\\\/\\\/moncompte.actu.fr&quot;,&quot;category&quot;:&quot;mon compte&quot;,&quot;from&quot;:&quot;article footer&quot;,&quot;name&quot;:&quot;Mon actu&quot;,&quot;type&quot;:&quot;cta&quot;}}\" target=\"_blank\">Mon Actu<\/a>.<\/p>\n","protected":false},"excerpt":{"rendered":"Par Fabien Binacchi Publi\u00e9 le 4 juil. 2025 \u00e0 6h06 La terrible attente est termin\u00e9e. Les 21626 candidats&hellip;\n","protected":false},"author":2,"featured_media":224750,"comment_status":"","ping_status":"","sticky":false,"template":"","format":"standard","meta":{"footnotes":""},"categories":[2819],"tags":[1111,11,3867,1057,1777,674,1011,27,12,2401,882,25,104],"class_list":{"0":"post-225084","1":"post","2":"type-post","3":"status-publish","4":"format-standard","5":"has-post-thumbnail","7":"category-nice","8":"tag-actu","9":"tag-actualites","10":"tag-baccalaureat","11":"tag-education","12":"tag-eu","13":"tag-europe","14":"tag-fr","15":"tag-france","16":"tag-news","17":"tag-nice","18":"tag-provence-alpes-cote-dazur","19":"tag-republique-francaise","20":"tag-societe"},"share_on_mastodon":{"url":"https:\/\/pubeurope.com\/@fr\/114793792472971414","error":""},"_links":{"self":[{"href":"https:\/\/www.europesays.com\/fr\/wp-json\/wp\/v2\/posts\/225084","targetHints":{"allow":["GET"]}}],"collection":[{"href":"https:\/\/www.europesays.com\/fr\/wp-json\/wp\/v2\/posts"}],"about":[{"href":"https:\/\/www.europesays.com\/fr\/wp-json\/wp\/v2\/types\/post"}],"author":[{"embeddable":true,"href":"https:\/\/www.europesays.com\/fr\/wp-json\/wp\/v2\/users\/2"}],"replies":[{"embeddable":true,"href":"https:\/\/www.europesays.com\/fr\/wp-json\/wp\/v2\/comments?post=225084"}],"version-history":[{"count":0,"href":"https:\/\/www.europesays.com\/fr\/wp-json\/wp\/v2\/posts\/225084\/revisions"}],"wp:featuredmedia":[{"embeddable":true,"href":"https:\/\/www.europesays.com\/fr\/wp-json\/wp\/v2\/media\/224750"}],"wp:attachment":[{"href":"https:\/\/www.europesays.com\/fr\/wp-json\/wp\/v2\/media?parent=225084"}],"wp:term":[{"taxonomy":"category","embeddable":true,"href":"https:\/\/www.europesays.com\/fr\/wp-json\/wp\/v2\/categories?post=225084"},{"taxonomy":"post_tag","embeddable":true,"href":"https:\/\/www.europesays.com\/fr\/wp-json\/wp\/v2\/tags?post=225084"}],"curies":[{"name":"wp","href":"https:\/\/api.w.org\/{rel}","templated":true}]}}