{"id":225088,"date":"2025-07-04T07:32:13","date_gmt":"2025-07-04T07:32:13","guid":{"rendered":"https:\/\/www.europesays.com\/fr\/225088\/"},"modified":"2025-07-04T07:32:13","modified_gmt":"2025-07-04T07:32:13","slug":"40c-et-toujours-en-selle-les-livreurs-bordelais-en-premiere-ligne-dans-la-fournaise","status":"publish","type":"post","link":"https:\/\/www.europesays.com\/fr\/225088\/","title":{"rendered":"40\u00b0C et toujours en selle : les livreurs bordelais en premi\u00e8re ligne dans la fournaise"},"content":{"rendered":"<p class=\"wp-block-post-excerpt__excerpt\">Les livreurs \u00e0 v\u00e9lo continuent de p\u00e9daler, m\u00eame \u2013 et surtout \u2013 en cas de canicule, pour compenser la baisse des commandes. D\u00e9pendants d\u2019un algorithme qui ne conna\u00eet ni pause, ni m\u00e9t\u00e9o, ils cumulent surexposition aux risques, pr\u00e9carit\u00e9 sociale et invisibilit\u00e9 institutionnelle. Faute d\u2019avanc\u00e9es nationales, des initiatives d\u2019entraide sont prises \u00e0 Bordeaux.\u00a0 <\/p>\n<p><a href=\"https:\/\/rue89bordeaux.com\/category\/kiosque-abonne\/\" rel=\"tag noopener\" target=\"_blank\">\u00c9dition abonn\u00e9s<\/a>, <a href=\"https:\/\/rue89bordeaux.com\/category\/reportage\/\" rel=\"tag noopener\" target=\"_blank\">Reportage<\/a><\/p>\n<p>Clara Len\u00f4tre<\/p>\n<p>Publi\u00e9 le 4 juillet 2025\u00a0\u00a0\u00b7\u00a0\u00a0<\/p>\n<p>Imprim\u00e9 le 4 juillet 2025 \u00e0 09h32\u00a0\u00a0\u00b7\u00a0\u00a0<\/p>\n<p>\t\t\t\t\t5\u00a0minutes\n<\/p>\n<p>\u00ab\u00a0Surexposition aux malaises, aux insolations et aux risques d\u2019accident et d\u2019\u00e9puisement\u00a0\u00bb\u2026 Les livreurs \u00e0 v\u00e9lo arrivent en t\u00eate des activit\u00e9s professionnelles les plus vuln\u00e9rables face aux \u00e9pisodes caniculaires, rappelle Jonathan L\u2019Utile Chevallier, coordinateur de projet \u00e0<a href=\"https:\/\/rue89bordeaux.com\/2024\/03\/bordeaux-maison-livreurs-a-velo-un-an-apres\/\" target=\"_blank\" rel=\"noopener\"> La Maison des livreurs<\/a>. Celle-ci accueille et accompagne les coursiers bordelais depuis 2023, dans un local pr\u00eat\u00e9 par la ville de Bordeaux, rue Fort-Louis.<\/p>\n<p>A la Maison des livreurs, si un parasol est plant\u00e9 devant la b\u00e2tisse, la plupart des coursiers se r\u00e9fugient \u00e0 l\u2019int\u00e9rieur pour fuir le soleil de plomb. M\u00eame sans climatisation, les ventilateurs assurent un semblant de fra\u00eecheur. Pour un lundi et mardi, journ\u00e9es g\u00e9n\u00e9ralement moins intenses, \u00ab\u00a0ils cherchent plus que d\u2019habitude un abri\u00a0\u00bb, souligne Jonathan L\u2019Utile Chevallier.<\/p>\n<p>Sur les canap\u00e9s, les coursiers s\u2019affalent, \u00e9puis\u00e9s. D\u00e9j\u00e0 appr\u00e9ci\u00e9e en temps normal, la salle d\u2019eau est devenue indispensable ces derniers jours.<\/p>\n<p>\t\tVigilance orange sauf pour les livreurs ?<\/p>\n<p>Alors que le d\u00e9partement de la Gironde a subi une canicule d\u00e8s dimanche 29 juin, avec une vigilance orange, et que la m\u00e9tropole bordelaise, particuli\u00e8rement touch\u00e9e, a connu des pics \u00e0 40\u00b0C, les livreurs \u00e0 v\u00e9lo, eux, ont continu\u00e9 \u00e0 p\u00e9daler sur des routes chauff\u00e9es \u00e0 blanc.<\/p>\n<p>Ces chaleurs extr\u00eames ont pouss\u00e9 le minist\u00e8re de l\u2019int\u00e9rieur \u00e0 lancer le 1er juillet 2025 un nouveau plan de protection des travailleurs contre les risques li\u00e9s \u00e0 la chaleur. Il renforce les obligations des employeurs, tenus \u00ab\u00a0d\u00e8s la vigilance jaune de M\u00e9t\u00e9o France, d\u2019adapter l\u2019organisation du travail\u00a0\u00bb. Ces obligations s\u2019appliquent \u00e9galement aux entreprises faisant appel \u00e0 des travailleurs ind\u00e9pendants.<\/p>\n<p>Alors que la mairie de Bordeaux a de son c\u00f4t\u00e9 recommand\u00e9 d\u2019\u00e9viter de sortir aux heures les plus chaudes comme de pratiquer des activit\u00e9s physiques \u00e0 sa population, les coursiers restent d\u00e9pendants de l\u2019app\u00e9tit des clients d\u2019Uber Eats, Deliveroo &amp; co. Quand des secteurs comme le BTP peuvent privil\u00e9gier les heures fra\u00eeches du matin, celles-ci correspondent aux heures creuses des plateformes de livraison.\u00a0<\/p>\n<p>Rue89 Bordeaux a besoin de vos dons<\/p>\n<p>Chaque don \u2013 d\u00e9ductible des imp\u00f4ts \u00e0 hauteur de 66% \u2013 compte pour atteindre notre objectif de 10\u00a0000\u00a0\u20ac le plus rapidement possible, id\u00e9alement avant la fin juin. Cette somme, manquante \u00e0 notre tr\u00e9sorerie apr\u00e8s le d\u00e9sengagement d\u2019un annonceur important en 2025, Bordeaux M\u00e9tropole, nous permettra de r\u00e9gler les factures en retard et de retrouver une stabilit\u00e9 financi\u00e8re indispensable \u00e0 la poursuite de notre mission.<\/p>\n<p><\/p>\n<p><img loading=\"lazy\" decoding=\"async\" width=\"480\" height=\"480\" src=\"https:\/\/www.europesays.com\/fr\/wp-content\/uploads\/2025\/04\/23-paywall.png\" alt=\"Abonnez-vous\" class=\"wp-image-128439\" style=\"aspect-ratio:1;width:210px;height:auto\"  \/><\/p>\n<p>Cet article fait partie de l\u2019\u00e9dition abonn\u00e9s. Pour lire la suite, profitez d\u2019une offre d\u00e9couverte \u00e0 1\u20ac.<\/p>\n<p class=\"has-gray-700-color has-text-color has-medium-font-size\">Contribuez \u00e0 consolider un m\u00e9dia ind\u00e9pendant \u00e0 Bordeaux, en capacit\u00e9 d\u2019enqu\u00eater sur les enjeux locaux.<\/p>\n<p>\t\t\t<a href=\"https:\/\/rue89bordeaux.com\/\" class=\"custom-logo-link\" rel=\"home noopener\" target=\"_blank\"><img loading=\"lazy\" decoding=\"async\" width=\"290\" height=\"49\" src=\"https:\/\/www.europesays.com\/fr\/wp-content\/uploads\/2025\/04\/logo.png\" class=\"custom-logo\" alt=\"Rue89Bordeaux Enqu\u00eates et informations de proximit\u00e9\"  \/><\/a><\/p>\n<p>\n\t\t\t\tAbonnez-vous maintenant pour suivre l\u2019actualit\u00e9 locale.\t\t\t<\/p>\n<p class=\"font-bold font-serif-heading mb-2 text-4xl\">\n\t\t\t\t\t\tL\u2019investigation locale \u00e0 port\u00e9e de main.\n\t\t\t\t\t<\/p>\n<p>\n\t\t\t\t\t\tAbonnez-vous et profitez d\u2019un acc\u00e8s illimit\u00e9 \u00e0 Rue89Bordeaux. Annulez quand vous voulez.\n\t\t\t\t\t<\/p>\n<p class=\"xl:text-sm\">\n\t\t\t\t\tD\u00e9j\u00e0 abonn\u00e9\u00a0?<br \/>\n\t\t\t\t\t<a class=\"border border-transparent text-center transition-colors duration-instant focus:border-info focus:rounded focus:shadow-focus cursor-pointer text-black hover:text-gray-700 active:bg-black-700 font-semibold inline-block\" href=\"https:\/\/rue89bordeaux.com\/user\/login\/?redirect=\/2025\/07\/40c-et-toujours-en-selle-les-livreurs-bordelais-en-premiere-ligne-dans-la-fournaise\/\" target=\"_blank\" rel=\"noopener\">Connectez-vous<\/a>\t\t\t\t<\/p>\n<p>\n\t\t\t\tChoisissez votre formule\u00a0:\n\t\t\t<\/p>\n<p>\t\t\t\tFermer<\/p>\n","protected":false},"excerpt":{"rendered":"Les livreurs \u00e0 v\u00e9lo continuent de p\u00e9daler, m\u00eame \u2013 et surtout \u2013 en cas de canicule, pour compenser&hellip;\n","protected":false},"author":2,"featured_media":225089,"comment_status":"","ping_status":"","sticky":false,"template":"","format":"standard","meta":{"footnotes":""},"categories":[2817],"tags":[1111,11,36391,1997,6698,36392,13830,1777,674,1011,27,12,2219,25,15818,208],"class_list":{"0":"post-225088","1":"post","2":"type-post","3":"status-publish","4":"format-standard","5":"has-post-thumbnail","7":"category-bordeaux","8":"tag-actu","9":"tag-actualites","10":"tag-blackbird","11":"tag-bordeaux","12":"tag-canicule","13":"tag-coursiers","14":"tag-deliveroo","15":"tag-eu","16":"tag-europe","17":"tag-fr","18":"tag-france","19":"tag-news","20":"tag-nouvelle-aquitaine","21":"tag-republique-francaise","22":"tag-uber-eats","23":"tag-velo"},"share_on_mastodon":{"url":"https:\/\/pubeurope.com\/@fr\/114793804262250741","error":""},"_links":{"self":[{"href":"https:\/\/www.europesays.com\/fr\/wp-json\/wp\/v2\/posts\/225088","targetHints":{"allow":["GET"]}}],"collection":[{"href":"https:\/\/www.europesays.com\/fr\/wp-json\/wp\/v2\/posts"}],"about":[{"href":"https:\/\/www.europesays.com\/fr\/wp-json\/wp\/v2\/types\/post"}],"author":[{"embeddable":true,"href":"https:\/\/www.europesays.com\/fr\/wp-json\/wp\/v2\/users\/2"}],"replies":[{"embeddable":true,"href":"https:\/\/www.europesays.com\/fr\/wp-json\/wp\/v2\/comments?post=225088"}],"version-history":[{"count":0,"href":"https:\/\/www.europesays.com\/fr\/wp-json\/wp\/v2\/posts\/225088\/revisions"}],"wp:featuredmedia":[{"embeddable":true,"href":"https:\/\/www.europesays.com\/fr\/wp-json\/wp\/v2\/media\/225089"}],"wp:attachment":[{"href":"https:\/\/www.europesays.com\/fr\/wp-json\/wp\/v2\/media?parent=225088"}],"wp:term":[{"taxonomy":"category","embeddable":true,"href":"https:\/\/www.europesays.com\/fr\/wp-json\/wp\/v2\/categories?post=225088"},{"taxonomy":"post_tag","embeddable":true,"href":"https:\/\/www.europesays.com\/fr\/wp-json\/wp\/v2\/tags?post=225088"}],"curies":[{"name":"wp","href":"https:\/\/api.w.org\/{rel}","templated":true}]}}