{"id":225090,"date":"2025-07-04T07:33:12","date_gmt":"2025-07-04T07:33:12","guid":{"rendered":"https:\/\/www.europesays.com\/fr\/225090\/"},"modified":"2025-07-04T07:33:12","modified_gmt":"2025-07-04T07:33:12","slug":"bordeaux-p2-des-quarts-de-finale-explosifs-en-vue","status":"publish","type":"post","link":"https:\/\/www.europesays.com\/fr\/225090\/","title":{"rendered":"Bordeaux P2 : Des quarts de finale explosifs en vue !"},"content":{"rendered":"<p>Le spectacle continue \u00e0 <strong>M\u00e9riadeck<\/strong> ce vendredi, o\u00f9 les quarts de finale s\u2019annonce \u00e9lectriques, tant chez les hommes que chez les femmes. C\u2019est comme souvent <strong>une des plus belle journ\u00e9e de la semaine<\/strong> avec des affiches tout au long de la journ\u00e9e.<\/p>\n<p>Des affiches in\u00e9dites \u00e0 Bordeaux<\/p>\n<p>Priv\u00e9e l\u2019ann\u00e9e derni\u00e8re des meilleurs joueurs mondiaux, Bordeaux aura cette ann\u00e9e le droit \u00e0 des affiches de r\u00eave dans ces quarts de finale o\u00f9 la comp\u00e9tition atteint son apog\u00e9e. La paire num\u00e9ro 1 mondiale, <strong>Arturo Coello<\/strong> et <strong>Agustin Tapia<\/strong>, affrontera le duo espagnol <strong>Jeronimo Gonzalez<\/strong> et <strong>Jon Sanz<\/strong>, le dernier cit\u00e9 qui est tenant du titre de ce tournoi.<\/p>\n<p>Autre choc attendu : le duel entre <strong>Jose Antonio Diestro \/ Juanlu Esbri<\/strong> et la paire argentine <strong>Juan Tello \/ Martin Di Nenno<\/strong>, t\u00eate de s\u00e9rie n\u00b07. Ces derniers, r\u00e9put\u00e9s pour leur puissance, devront faire preuve de rigueur face \u00e0 un duo redoutable dans des conditions lentes.<\/p>\n<p>Enfin, la journ\u00e9e se cl\u00f4turera potentiellement avec l\u2019\u00e9norme rencontre entre <strong>Pablo Cardona \/ Leandro Augsburger<\/strong> (n\u00b08) face \u00e0 <strong>Federico Chingotto \/ Alejandro Galan<\/strong> (n\u00b02), une des paires favorites du tournoi.<\/p>\n<p>Le forfait de Br\u00e9a\/Triay ouvre le tableau f\u00e9minin<\/p>\n<p>C\u00f4t\u00e9 f\u00e9minin, les t\u00eates d\u2019affiche ne manquent pas. Le choc le plus attendu oppose la paire num\u00e9ro 1, <strong>Ariana Sanchez<\/strong> et <strong>Paula Josemaria<\/strong>, aux jeunes <strong>Alejandra Alonso<\/strong> et <strong>Claudia Jensen<\/strong> (TS7).<\/p>\n<p><strong>Claudia Fernandez<\/strong> et <strong>Bea Gonzalez<\/strong> seront oppos\u00e9es aux tr\u00e8s exp\u00e9riment\u00e9es <strong>Lucia Sainz<\/strong> et <strong>Patricia Llaguno<\/strong> (n\u00b08), Claudia qui d\u00e9fend son titre obtenu l\u2019ann\u00e9e derni\u00e8re aux c\u00f4t\u00e9s de Gemma Triay.<\/p>\n<p>Enfin, les jeunes talents espagnols <strong>Jessica Castello<\/strong> et <strong>Lorena Rufo <\/strong>d\u00e9fieront <strong>Andrea Ustero Prieto \/ Sofia Araujo<\/strong> (TS4), dans un match qui pourrait offrir une premi\u00e8re demi-finale ensemble pour <strong>Castello\/Rufo.<\/strong><\/p>\n<p>Rendez-vous \u00e0 partir de 10h sur le court central de la patinoire M\u00e9riadeck \u00e0 Bordeaux.<\/p>\n<p><img loading=\"lazy\" decoding=\"async\" data-del=\"avatar\" alt=\"T\u00e9o Vieau\" src=\"https:\/\/www.europesays.com\/fr\/wp-content\/uploads\/2025\/07\/Capture-decran-2025-06-19-175910-e1750349161910-150x150.jpg\" class=\"avatar pp-user-avatar avatar-100 photo \" height=\"100\" width=\"100\"\/><\/p>\n<p class=\"related-title\">Sur le m\u00eame sujet<\/p>\n","protected":false},"excerpt":{"rendered":"Le spectacle continue \u00e0 M\u00e9riadeck ce vendredi, o\u00f9 les quarts de finale s\u2019annonce \u00e9lectriques, tant chez les hommes&hellip;\n","protected":false},"author":2,"featured_media":225091,"comment_status":"","ping_status":"","sticky":false,"template":"","format":"standard","meta":{"footnotes":""},"categories":[2817],"tags":[1111,11,36047,36393,36048,1997,1777,674,1011,27,12,2219,36394,30680,25],"class_list":{"0":"post-225090","1":"post","2":"type-post","3":"status-publish","4":"format-standard","5":"has-post-thumbnail","7":"category-bordeaux","8":"tag-actu","9":"tag-actualites","10":"tag-agustin-tapia","11":"tag-ale-galan","12":"tag-arturo-coello","13":"tag-bordeaux","14":"tag-eu","15":"tag-europe","16":"tag-fr","17":"tag-france","18":"tag-news","19":"tag-nouvelle-aquitaine","20":"tag-paquito-navarro","21":"tag-premier-padel-bordeaux-p2","22":"tag-republique-francaise"},"share_on_mastodon":{"url":"https:\/\/pubeurope.com\/@fr\/114793808148003715","error":""},"_links":{"self":[{"href":"https:\/\/www.europesays.com\/fr\/wp-json\/wp\/v2\/posts\/225090","targetHints":{"allow":["GET"]}}],"collection":[{"href":"https:\/\/www.europesays.com\/fr\/wp-json\/wp\/v2\/posts"}],"about":[{"href":"https:\/\/www.europesays.com\/fr\/wp-json\/wp\/v2\/types\/post"}],"author":[{"embeddable":true,"href":"https:\/\/www.europesays.com\/fr\/wp-json\/wp\/v2\/users\/2"}],"replies":[{"embeddable":true,"href":"https:\/\/www.europesays.com\/fr\/wp-json\/wp\/v2\/comments?post=225090"}],"version-history":[{"count":0,"href":"https:\/\/www.europesays.com\/fr\/wp-json\/wp\/v2\/posts\/225090\/revisions"}],"wp:featuredmedia":[{"embeddable":true,"href":"https:\/\/www.europesays.com\/fr\/wp-json\/wp\/v2\/media\/225091"}],"wp:attachment":[{"href":"https:\/\/www.europesays.com\/fr\/wp-json\/wp\/v2\/media?parent=225090"}],"wp:term":[{"taxonomy":"category","embeddable":true,"href":"https:\/\/www.europesays.com\/fr\/wp-json\/wp\/v2\/categories?post=225090"},{"taxonomy":"post_tag","embeddable":true,"href":"https:\/\/www.europesays.com\/fr\/wp-json\/wp\/v2\/tags?post=225090"}],"curies":[{"name":"wp","href":"https:\/\/api.w.org\/{rel}","templated":true}]}}