{"id":225094,"date":"2025-07-04T07:35:11","date_gmt":"2025-07-04T07:35:11","guid":{"rendered":"https:\/\/www.europesays.com\/fr\/225094\/"},"modified":"2025-07-04T07:35:11","modified_gmt":"2025-07-04T07:35:11","slug":"toulouse-un-petit-tour-dans-lespace-a-loccasion-du-passage-de-la-grande-boucle-a-la-cite-de-lespace","status":"publish","type":"post","link":"https:\/\/www.europesays.com\/fr\/225094\/","title":{"rendered":"Toulouse : \u00ab\u00a0Un petit tour dans l\u2019espace\u00a0\u00bb, \u00e0 l\u2019occasion du passage de la Grande Boucle \u00e0 la Cit\u00e9 de l\u2019espace"},"content":{"rendered":"<p><strong>La Cit\u00e9 de l\u2019espace propose \u00e0 ses visiteurs \u00ab\u00a0Un petit tour dans l\u2019espace\u00a0\u00bb, \u00e0 l\u2019occasion du passage de la Grande Boucle \u00e0 Toulouse<\/strong><\/p>\n<p><strong>Mardi 15 juillet 2025, la Cit\u00e9 de l\u2019espace propose une nocturne in\u00e9dite \u00e0 l\u2019occasion du passage du Tour de France \u00e0 Toulouse.<\/strong><br \/>Au programme, d\u00e8s 19 heures, des animations sur la th\u00e9matique du v\u00e9lo. V\u00e9lo-Tour, V\u00e9lo Smoothie\u2026 les visiteurs sont invit\u00e9s \u00e0 se mettre en selle\u00a0et \u00e0 p\u00e9daler ! Tout au long de la soir\u00e9e, les expositions, animations et spectacles de la Cit\u00e9 de l\u2019espace restent en acc\u00e8s libre et pour cl\u00f4turer cette nocturne, une parade lumineuse traverse le jardin avant le spectacle\u00a0: \u00ab\u00a0Ariane fait son show\u00a0\u00bb.<\/p>\n<p>Ce premier temps fort lance la programmation estivale de la Cit\u00e9 de l\u2019espace \u00e0 Toulouse, marqu\u00e9e par neuf nocturnes en ao\u00fbt et la Nuit des \u00e9toiles le 1er\u00a0ao\u00fbt 2025.<\/p>\n<p style=\"text-align: justify; background: white;\">Pr\u00eats pour \u00ab\u00a0Un petit tour dans l\u2019espace\u00a0\u00bb\u00a0? L\u2019\u00e9dition 2025 du Tour de France fait \u00e9tape \u00e0 Toulouse et pour l\u2019occasion, la Cit\u00e9 de l\u2019espace propose une nocturne in\u00e9dite sur le th\u00e8me du v\u00e9lo le mardi 15 juillet, de 19 heures \u00e0 23 heures. Au programme, des animations, un spectacle d\u00e9ambulatoire et un mapping sur la fus\u00e9e Ariane 5.<\/p>\n<ul>\n<li><b>Le V\u00e9lo-Tour\u00a0: en selle pour une course virtuelle<\/b><\/li>\n<\/ul>\n<p>Les visiteurs peuvent enfourcher des v\u00e9los stationnaires connect\u00e9s pour une course virtuelle inspir\u00e9e du c\u00e9l\u00e8bre jeu Tour de France. Sur le rond-point des Astronautes, dans les Jardins de la Cit\u00e9 de l\u2019espace, les participants suivent les r\u00e9sultats en temps r\u00e9el gr\u00e2ce \u00e0 une console centrale high-tech. <b>A partir de 19 heures en continu.<\/b><\/p>\n<ul>\n<li><b>Le V\u00e9lo Smoothie\u00a0: p\u00e9daler pour se r\u00e9galer<\/b><\/li>\n<\/ul>\n<p>Apr\u00e8s l\u2019effort, le r\u00e9confort ; \u00e7a pourrait \u00eatre le slogan du v\u00e9lo smoothie. Le visiteur compose sa boisson avant de se mettre en selle pour la confectionner. Chaque coup de p\u00e9dale actionne le mixer auquel est reli\u00e9 le v\u00e9lo. Une exp\u00e9rience ludique et interactive qui incite \u00e0 l\u2019effort, tout en permettant de siroter une boisson fruit\u00e9e. <b>A partir de 19 heures en continu.<\/b><\/p>\n<ul>\n<li><b>Astronomie\u00a0: des t\u00e9lescopes pour observer le ciel d\u2019\u00e9t\u00e9<\/b><\/li>\n<\/ul>\n<p>Deux t\u00e9lescopes sont install\u00e9s dans les Jardins de la Cit\u00e9 de l\u2019espace. Accompagn\u00e9s par deux animateurs, les visiteurs peuvent profiter de la soir\u00e9e pour observer le ciel de juillet. <b>A partir de 19 heures en continu.<\/b><\/p>\n<p>\u00a0<\/p>\n<ul>\n<li>\u00a0<b>Le spectacle : une parade po\u00e9tique avant le mapping final<img loading=\"lazy\" decoding=\"async\" class=\"CToWUd\" src=\"https:\/\/www.europesays.com\/fr\/wp-content\/uploads\/2025\/07\/Capture d.png'%C3%A9cran%202025-07-02%20095549.png\" alt=\"\" width=\"155\" height=\"175\" data-bit=\"iit\"\/><\/b><\/li>\n<\/ul>\n<p>De blanc et de lumi\u00e8res v\u00eatus, les \u00e9chassiers de la Compagnie Cirkomcha pr\u00e9c\u00e8dent une artiste au cerceau a\u00e9rien tract\u00e9 sur un char. Une d\u00e9ambulation d\u00e9licate et po\u00e9tique dans les Jardins de la Cit\u00e9 de l\u2019espace avant le mapping final sur la fus\u00e9e\u00a0: \u00ab\u00a0Ariane fait son show\u00a0\u00bb.<\/p>\n<p><b>A 22 heures<\/b><\/p>\n<p>Tout au long de cette nocturne in\u00e9dite, les expositions, animations et spectacles de la Cit\u00e9 de l\u2019espace sont en acc\u00e8s libre.<\/p>\n<p><b>Informations pratiques\u00a0<\/b><\/p>\n<p><b>Mardi 15 juillet de 19h \u00e0 23h<\/b>\u00a0(la Cit\u00e9 de l\u2019espace reste ouverte en journ\u00e9e aux horaires habituels).<\/p>\n<p>Entr\u00e9e payante.\u00a0<a href=\"https:\/\/u44196987.ct.sendgrid.net\/ls\/click?upn=u001.oAvz0GakhwwEd9tE4-2BZc7HQBohQEMfTp1N-2FI1ENxPB2APA02Ubx2lqmwizw9XN90aR6Qm-2BE-2B-2FoWr2UhDLnMHOYyofEiVJBi312MPmVCNHlEHDzcoL2mo-2Fa3cQfsWyqdznNau0YVGtmdCx81GcFwYxw-3D-3D_Qo-_3lq5vdDXhdOhT0uXiFW6EgVp7n-2FIefmXRcbzC55ctwn8wHfa555n3kjibhn2sChjKUuX-2B3cfaIBNWUwhEjNaojIi1bMWV1R0mq-2FNV3-2Fxlvg8aqFWSo2qBsYQos9NzFjnlVwo6Hrtlr1piQHadWVHksXRaeKZYFabh5Sp1YFP0hB0k-2BiT71I-2FLB9LQev6TpWXekP09ptiuNBtIlKOFTssDhiCd8Wp8llvWjq2CyxkamzFmH-2FK-2FCzwYVysN3DXjvcLfIpibHz1tvLmP2U0Zz-2BFmXDkcfyftzf4aiWz0NWu29WKaI-2FT-2FL9LNP61fsdvHrkvKp-2Bf2JwbRSBN0QmpwjxAz92qvIhTGayrnaWsMSE1oxI-3D\" target=\"_blank\" rel=\"noopener nofollow\" data-saferedirecturl=\"https:\/\/www.google.com\/url?q=https:\/\/u44196987.ct.sendgrid.net\/ls\/click?upn%3Du001.oAvz0GakhwwEd9tE4-2BZc7HQBohQEMfTp1N-2FI1ENxPB2APA02Ubx2lqmwizw9XN90aR6Qm-2BE-2B-2FoWr2UhDLnMHOYyofEiVJBi312MPmVCNHlEHDzcoL2mo-2Fa3cQfsWyqdznNau0YVGtmdCx81GcFwYxw-3D-3D_Qo-_3lq5vdDXhdOhT0uXiFW6EgVp7n-2FIefmXRcbzC55ctwn8wHfa555n3kjibhn2sChjKUuX-2B3cfaIBNWUwhEjNaojIi1bMWV1R0mq-2FNV3-2Fxlvg8aqFWSo2qBsYQos9NzFjnlVwo6Hrtlr1piQHadWVHksXRaeKZYFabh5Sp1YFP0hB0k-2BiT71I-2FLB9LQev6TpWXekP09ptiuNBtIlKOFTssDhiCd8Wp8llvWjq2CyxkamzFmH-2FK-2FCzwYVysN3DXjvcLfIpibHz1tvLmP2U0Zz-2BFmXDkcfyftzf4aiWz0NWu29WKaI-2FT-2FL9LNP61fsdvHrkvKp-2Bf2JwbRSBN0QmpwjxAz92qvIhTGayrnaWsMSE1oxI-3D&amp;source=gmail&amp;ust=1751544984818000&amp;usg=AOvVaw05wsI2BlmMHXP-mFpZWBdH\">1\/2 tarif \u00e0 partir de 19h<\/a>.<b><\/b><\/p>\n<p>Restauration possible sur place (food trucks et espace de restauration en continu).<\/p>\n","protected":false},"excerpt":{"rendered":"La Cit\u00e9 de l\u2019espace propose \u00e0 ses visiteurs \u00ab\u00a0Un petit tour dans l\u2019espace\u00a0\u00bb, \u00e0 l\u2019occasion du passage de&hellip;\n","protected":false},"author":2,"featured_media":225095,"comment_status":"","ping_status":"","sticky":false,"template":"","format":"standard","meta":{"footnotes":""},"categories":[2816],"tags":[1111,11,7835,1777,674,1011,27,12,2680,25,2312],"class_list":{"0":"post-225094","1":"post","2":"type-post","3":"status-publish","4":"format-standard","5":"has-post-thumbnail","7":"category-toulouse","8":"tag-actu","9":"tag-actualites","10":"tag-cite-de-lespace","11":"tag-eu","12":"tag-europe","13":"tag-fr","14":"tag-france","15":"tag-news","16":"tag-occitanie","17":"tag-republique-francaise","18":"tag-toulouse"},"share_on_mastodon":{"url":"https:\/\/pubeurope.com\/@fr\/114793816037381603","error":""},"_links":{"self":[{"href":"https:\/\/www.europesays.com\/fr\/wp-json\/wp\/v2\/posts\/225094","targetHints":{"allow":["GET"]}}],"collection":[{"href":"https:\/\/www.europesays.com\/fr\/wp-json\/wp\/v2\/posts"}],"about":[{"href":"https:\/\/www.europesays.com\/fr\/wp-json\/wp\/v2\/types\/post"}],"author":[{"embeddable":true,"href":"https:\/\/www.europesays.com\/fr\/wp-json\/wp\/v2\/users\/2"}],"replies":[{"embeddable":true,"href":"https:\/\/www.europesays.com\/fr\/wp-json\/wp\/v2\/comments?post=225094"}],"version-history":[{"count":0,"href":"https:\/\/www.europesays.com\/fr\/wp-json\/wp\/v2\/posts\/225094\/revisions"}],"wp:featuredmedia":[{"embeddable":true,"href":"https:\/\/www.europesays.com\/fr\/wp-json\/wp\/v2\/media\/225095"}],"wp:attachment":[{"href":"https:\/\/www.europesays.com\/fr\/wp-json\/wp\/v2\/media?parent=225094"}],"wp:term":[{"taxonomy":"category","embeddable":true,"href":"https:\/\/www.europesays.com\/fr\/wp-json\/wp\/v2\/categories?post=225094"},{"taxonomy":"post_tag","embeddable":true,"href":"https:\/\/www.europesays.com\/fr\/wp-json\/wp\/v2\/tags?post=225094"}],"curies":[{"name":"wp","href":"https:\/\/api.w.org\/{rel}","templated":true}]}}