{"id":225096,"date":"2025-07-04T07:36:08","date_gmt":"2025-07-04T07:36:08","guid":{"rendered":"https:\/\/www.europesays.com\/fr\/225096\/"},"modified":"2025-07-04T07:36:08","modified_gmt":"2025-07-04T07:36:08","slug":"le-metro-de-lille-a-nouveau-interrompu-ce-vendredi-veille-du-depart-du-tour-de-france","status":"publish","type":"post","link":"https:\/\/www.europesays.com\/fr\/225096\/","title":{"rendered":"le m\u00e9tro de Lille \u00e0 nouveau interrompu ce vendredi, veille du d\u00e9part du Tour de France"},"content":{"rendered":"<p>            Par<br \/>\n        <strong><br \/>\n            <a href=\"https:\/\/actu.fr\/auteur\/nicolas-demollien\" title=\"Consulter tous les articles de Nicolas Demollien\" rel=\"nofollow noopener\" target=\"_blank\">Nicolas Demollien<\/a><br \/>\n        <\/strong><\/p>\n<p>        Publi\u00e9 le<\/p>\n<p>            4 juil. 2025 \u00e0 9h00<br \/>\n        ; mis \u00e0 jour le 4 juil. 2025 \u00e0 9h19    <\/p>\n<p>C\u2019est devenu quasiment quotidien. Ce <b>vendredi 4 juillet 2025<\/b>, la<b> ligne 1 du m\u00e9tro<\/b> <a href=\"https:\/\/actu.fr\/tag\/ilevia\" rel=\"nofollow noopener\" target=\"_blank\">Il\u00e9via<\/a> est <b>\u00e0 nouveau interrompue<\/b> dans la m\u00e9tropole de <a href=\"https:\/\/actu.fr\/hauts-de-france\/lille_59350\" rel=\"nofollow noopener\" target=\"_blank\">Lille<\/a> (Nord). De quoi laisser pr\u00e9sager le pire en cette veille du <a href=\"https:\/\/actu.fr\/hauts-de-france\/lille_59350\/transports-circulation-stationnement-les-mesures-pour-le-tour-de-france-qui-vont-impacter-lille_62840088.html\" rel=\"nofollow noopener\" target=\"_blank\">grand d\u00e9part du Tour de France<\/a>.<\/p>\n<p>Nouvelle panne sur la ligne 1 du m\u00e9tro<\/p>\n<p class=\" wall-content\">En attendant cette \u00e9ch\u00e9ance, c\u2019est \u00e0 nouveau la <b>col\u00e8re<\/b> qui domine dans les stations et sur les r\u00e9seaux sociaux avec cet \u00e9ni\u00e8me dysfonctionnement.\u00a0<\/p>\n<p class=\" wall-content\">La ligne de m\u00e9tro est actuellement interrompue <b>entre les stations CHU Eurasant\u00e9 et Villeneuve-d\u2019Ascq H\u00f4tel de Ville<\/b>.<\/p>\n<p class=\" wall-content\">La reprise \u00e9tait d\u2019abord estim\u00e9e \u00e0 9h20 puis Il\u00e9via a annonc\u00e9 une heure de panne suppl\u00e9mentaire, soit une reprise estim\u00e9e \u00e0 10h20 \u00e0 l\u2019heure o\u00f9 nous bouclons ces lignes. La mise en place de bus relais a alors \u00e9t\u00e9 annonc\u00e9e tandis que les stations continuaient de voir affluer de nombreux usagers d\u00e9\u00e7us et en col\u00e8re.<\/p>\n<p class=\" wall-content\">\n<p class=\" wall-content\">Plus d\u2019informations \u00e0 venir.<\/p>\n<p>Vid\u00e9os : en ce moment sur Actu<\/p>\n<p class=\" wall-content\">Suivez toute l\u2019actualit\u00e9 de vos villes et m\u00e9dias favoris en vous inscrivant \u00e0 <a href=\"https:\/\/moncompte.actu.fr\" title=\"D\u00e9couvez Mon Actu\" rel=\"nofollow noopener\" data-trk=\"{&quot;cta&quot;:{&quot;action&quot;:&quot;https:\\\/\\\/moncompte.actu.fr&quot;,&quot;category&quot;:&quot;mon compte&quot;,&quot;from&quot;:&quot;article footer&quot;,&quot;name&quot;:&quot;Mon actu&quot;,&quot;type&quot;:&quot;cta&quot;}}\" target=\"_blank\">Mon Actu<\/a>.<\/p>\n","protected":false},"excerpt":{"rendered":"Par Nicolas Demollien Publi\u00e9 le 4 juil. 2025 \u00e0 9h00 ; mis \u00e0 jour le 4 juil. 2025&hellip;\n","protected":false},"author":2,"featured_media":225097,"comment_status":"","ping_status":"","sticky":false,"template":"","format":"standard","meta":{"footnotes":""},"categories":[2815],"tags":[1111,11,1777,674,1011,27,811,4288,1307,12,25,104],"class_list":{"0":"post-225096","1":"post","2":"type-post","3":"status-publish","4":"format-standard","5":"has-post-thumbnail","7":"category-lille","8":"tag-actu","9":"tag-actualites","10":"tag-eu","11":"tag-europe","12":"tag-fr","13":"tag-france","14":"tag-hauts-de-france","15":"tag-ilevia","16":"tag-lille","17":"tag-news","18":"tag-republique-francaise","19":"tag-societe"},"share_on_mastodon":{"url":"https:\/\/pubeurope.com\/@fr\/114793819982574507","error":""},"_links":{"self":[{"href":"https:\/\/www.europesays.com\/fr\/wp-json\/wp\/v2\/posts\/225096","targetHints":{"allow":["GET"]}}],"collection":[{"href":"https:\/\/www.europesays.com\/fr\/wp-json\/wp\/v2\/posts"}],"about":[{"href":"https:\/\/www.europesays.com\/fr\/wp-json\/wp\/v2\/types\/post"}],"author":[{"embeddable":true,"href":"https:\/\/www.europesays.com\/fr\/wp-json\/wp\/v2\/users\/2"}],"replies":[{"embeddable":true,"href":"https:\/\/www.europesays.com\/fr\/wp-json\/wp\/v2\/comments?post=225096"}],"version-history":[{"count":0,"href":"https:\/\/www.europesays.com\/fr\/wp-json\/wp\/v2\/posts\/225096\/revisions"}],"wp:featuredmedia":[{"embeddable":true,"href":"https:\/\/www.europesays.com\/fr\/wp-json\/wp\/v2\/media\/225097"}],"wp:attachment":[{"href":"https:\/\/www.europesays.com\/fr\/wp-json\/wp\/v2\/media?parent=225096"}],"wp:term":[{"taxonomy":"category","embeddable":true,"href":"https:\/\/www.europesays.com\/fr\/wp-json\/wp\/v2\/categories?post=225096"},{"taxonomy":"post_tag","embeddable":true,"href":"https:\/\/www.europesays.com\/fr\/wp-json\/wp\/v2\/tags?post=225096"}],"curies":[{"name":"wp","href":"https:\/\/api.w.org\/{rel}","templated":true}]}}