{"id":225100,"date":"2025-07-04T07:38:09","date_gmt":"2025-07-04T07:38:09","guid":{"rendered":"https:\/\/www.europesays.com\/fr\/225100\/"},"modified":"2025-07-04T07:38:09","modified_gmt":"2025-07-04T07:38:09","slug":"le-cap-de-11-000-logements-par-an-on-ny-est-pas-annonce-david-ytier","status":"publish","type":"post","link":"https:\/\/www.europesays.com\/fr\/225100\/","title":{"rendered":"\u00ab\u00a0Le cap de 11 000 logements par an, on n&rsquo;y est pas\u00a0\u00bb, annonce David Ytier"},"content":{"rendered":"<p>Le vice-pr\u00e9sident (LR) de la M\u00e9tropole d\u00e9l\u00e9gu\u00e9 au logement, David Ytier, fait le point sur la politique port\u00e9e par son institution en mati\u00e8re d&rsquo;habitat, dans un contexte de \u00ab\u00a0crise nationale\u00a0\u00bb de la production de logements.<\/p>\n<p><strong>Quel est l\u2019objectif de ce premier Comit\u00e9 m\u00e9tropolitain de l\u2019habitat\u00a0?<\/strong>&#13;\n<\/p>\n<p>Il est inscrit dans le <a href=\"https:\/\/www.laprovence.com\/article\/economie\/49902718429732\/programme-local-de-l-habitat-de-la-metropole-aix-marseille-provence-cinq-ans-de-bataille\" target=\"_blank\" rel=\"noopener\">plan local de l\u2019habitat vot\u00e9 \u00e0 l\u2019unanimit\u00e9 en\u00a02024<\/a>. Il a deux raisons d\u2019\u00eatre\u00a0: incarner un jouet collectif qui r\u00e9unit les \u00e9lus locaux, les bailleurs, les promoteurs, les associations et offrir un espace o\u00f9 tout le monde se parle et se comprend puis rendre compte de la politique publique que porte la M\u00e9tropole en mati\u00e8re d\u2019habitat.<\/p>\n<p><strong>Une politique publique marqu\u00e9e par une crise de la production de logement\u2026<\/strong>&#13;\n<\/p>\n<p>Nous avons fix\u00e9 un cap, avec la production de 11\u00a0000 logements par an sur le territoire m\u00e9tropolitain, dont la moiti\u00e9 en logements sociaux. On n\u2019y est pas (8\u00a0800 autorisations de logements en\u00a02024 et 2\u00a0800 logements sociaux programm\u00e9s expose la M\u00e9tropole, NDLR), car il y a une <a href=\"https:\/\/www.laprovence.com\/article\/region\/2392748083460515\/marseille-la-crise-du-mal-logement-se-poursuit-et-s-aggrave-affirme-le-copresident-dun-centre-ville-pour-tous\" target=\"_blank\" rel=\"noopener\">crise nationale<\/a> mais aussi des freins comme la difficult\u00e9 d\u2019acc\u00e8s au cr\u00e9dit, le manque de foncier\u2026 Ce comit\u00e9 doit permettre de faire \u00e9merger des solutions, \u00e0 l\u2019\u00e9chelle locale. Aujourd\u2019hui, certaines mesures nationales sont trop graves. Le z\u00e9ro artificialisation des sols, par exemple, envoie un tr\u00e8s mauvais signal car il donne l\u2019impression que produire des logements, c\u2019est forc\u00e9ment b\u00e9tonner et aller \u00e0 l\u2019encontre de la transition environnementale. Avec des r\u00e9percussions directes pour les habitants de notre territoire, souvent ceux qui sont dans les plus grandes difficult\u00e9s sociales et souffrent de la crise de logement. C\u2019est d\u2019abord pour eux qu\u2019il faut produire du logement.<\/p>\n<p><strong>La M\u00e9tropole porte \u00e9galement la r\u00e9novation urbaine des quartiers populaires. Les restrictions budg\u00e9taires nationales font craindre que certaines op\u00e9rations\u00a0n\u2019aillent pas au bout. Qu\u2019en est-il\u00a0?<\/strong>&#13;\n<\/p>\n<p>On ira au bout sur tous les projets, avec des cr\u00e9dits d\u00e9j\u00e0 engag\u00e9s et s\u00e9curis\u00e9s sur la plupart des dossiers, dans le cadre de l\u2019Anru (Agence nationale de r\u00e9novation urbaine, avec<a href=\"https:\/\/www.laprovence.com\/article\/region\/98281776816011\/renovation-urbaine-a-marseille-656-millions-pour-9-secteurs-de-la-ville-marques-par-l-habitat-degrade\" target=\"_blank\" rel=\"noopener\"> 650\u00a0millions d\u2019euros engag\u00e9s \u00e0 Marseille<\/a>). L\u2019interrogation porte plut\u00f4t pour la suite. Le <a href=\"https:\/\/www.laprovence.com\/article\/region\/12931369439864\/un-plan-de-la-derniere-chance-a-180-millions-deuros-pour-la-renovation-du-quartier-air-bel-a-marseille\" target=\"_blank\" rel=\"noopener\">programme actuel de r\u00e9novation<\/a> va se terminer d\u2019ici deux ou trois ans mais quid de la suite\u00a0? La M\u00e9tropole travaille pour respecter les calendriers mais nous n\u2019avons pas d\u2019annonce nationale pour l\u2019apr\u00e8s et nous sommes un peu inquiets car des sujets de r\u00e9novation urbaine demeurent, dans des quartiers p\u00e9riph\u00e9riques mais aussi dans les centres-villes, notamment \u00e0 Marseille.<\/p>\n","protected":false},"excerpt":{"rendered":"Le vice-pr\u00e9sident (LR) de la M\u00e9tropole d\u00e9l\u00e9gu\u00e9 au logement, David Ytier, fait le point sur la politique port\u00e9e&hellip;\n","protected":false},"author":2,"featured_media":225101,"comment_status":"","ping_status":"","sticky":false,"template":"","format":"standard","meta":{"footnotes":""},"categories":[2814],"tags":[930,6541,17,1111,11,5650,30721,1777,674,1011,27,2846,884,2800,12,5912,882,16,25],"class_list":{"0":"post-225100","1":"post","2":"type-post","3":"status-publish","4":"format-standard","5":"has-post-thumbnail","7":"category-marseille","8":"tag-le","9":"tag-6541","10":"tag-17","11":"tag-actu","12":"tag-actualites","13":"tag-aix-marseille-provence","14":"tag-cap","15":"tag-eu","16":"tag-europe","17":"tag-fr","18":"tag-france","19":"tag-logements","20":"tag-marseille","21":"tag-metropole","22":"tag-news","23":"tag-par","24":"tag-provence-alpes-cote-dazur","25":"tag-region","26":"tag-republique-francaise"},"share_on_mastodon":{"url":"https:\/\/pubeurope.com\/@fr\/114793827757423437","error":""},"_links":{"self":[{"href":"https:\/\/www.europesays.com\/fr\/wp-json\/wp\/v2\/posts\/225100","targetHints":{"allow":["GET"]}}],"collection":[{"href":"https:\/\/www.europesays.com\/fr\/wp-json\/wp\/v2\/posts"}],"about":[{"href":"https:\/\/www.europesays.com\/fr\/wp-json\/wp\/v2\/types\/post"}],"author":[{"embeddable":true,"href":"https:\/\/www.europesays.com\/fr\/wp-json\/wp\/v2\/users\/2"}],"replies":[{"embeddable":true,"href":"https:\/\/www.europesays.com\/fr\/wp-json\/wp\/v2\/comments?post=225100"}],"version-history":[{"count":0,"href":"https:\/\/www.europesays.com\/fr\/wp-json\/wp\/v2\/posts\/225100\/revisions"}],"wp:featuredmedia":[{"embeddable":true,"href":"https:\/\/www.europesays.com\/fr\/wp-json\/wp\/v2\/media\/225101"}],"wp:attachment":[{"href":"https:\/\/www.europesays.com\/fr\/wp-json\/wp\/v2\/media?parent=225100"}],"wp:term":[{"taxonomy":"category","embeddable":true,"href":"https:\/\/www.europesays.com\/fr\/wp-json\/wp\/v2\/categories?post=225100"},{"taxonomy":"post_tag","embeddable":true,"href":"https:\/\/www.europesays.com\/fr\/wp-json\/wp\/v2\/tags?post=225100"}],"curies":[{"name":"wp","href":"https:\/\/api.w.org\/{rel}","templated":true}]}}