{"id":225115,"date":"2025-07-04T07:46:11","date_gmt":"2025-07-04T07:46:11","guid":{"rendered":"https:\/\/www.europesays.com\/fr\/225115\/"},"modified":"2025-07-04T07:46:11","modified_gmt":"2025-07-04T07:46:11","slug":"comment-la-capitale-tente-de-renouer-avec-lagriculture","status":"publish","type":"post","link":"https:\/\/www.europesays.com\/fr\/225115\/","title":{"rendered":"Comment la capitale tente de renouer avec l\u2019agriculture"},"content":{"rendered":"<p>\t\tChiffres-cl\u00e9s<\/p>\n<ul>&#13;<\/p>\n<li class=\"title\"><strong>Financement\u00a0:<\/strong> 6,3 M\u20ac d\u2019investissement d\u00e9pens\u00e9s depuis le d\u00e9but de la mandature.<\/li>\n<p>&#13;<\/p>\n<li class=\"title\"><strong>60\u00a0%\u00a0:<\/strong> des sites sont en toitures et 30\u00a0% en pleine terre. En termes de surfaces, ce\u00a0ratio s\u2019inverse. Les\u00a010\u00a0% des\u00a0sites restants sont situ\u00e9s dans des parkings ou\u00a0sur\u00a0des murs, structures particuli\u00e8rement adapt\u00e9es \u00e0 la culture des champignons ou\u00a0du\u00a0houblon.<\/li>\n<p>&#13;<\/p>\n<li class=\"title\"><strong>Contact\u00a0:<\/strong> Jacques-Olivier Bled, chef de la division \u00abressources et partenariats agricoles\u00a0\u00bb, 01.71.28.50.91.<\/li>\n<p>&#13;\n<\/ul>\n<p>&#13;<\/p>\n<p>\u00a0<\/p>\n<p>&#13;<\/p>\n<p>\u00a0<\/p>\n<p><b> \u00a0<\/b>Quatre-vingts\u00a0sites d\u2019agri\u00adculture urbaine ont \u00e9t\u00e9 install\u00e9s en dix\u00a0ans dans la capitale gr\u00e2ce \u00e0 l\u2019appel \u00e0 projets \u00ab\u00a0Parisculteurs\u00a0\u00bb. Ces terrains repr\u00e9sentent 24\u00a0hectares (dont 15\u00a0situ\u00e9s intra-muros) et une diversit\u00e9 de productions\u00a0: mara\u00eechage, plantes aromatiques, fleurs coup\u00e9es, petits fruits, th\u00e9, safran, champignons\u2026<\/p>\n<p>Alors que la ceinture agricole entourant l\u2019agglom\u00e9ration a peu \u00e0 peu laiss\u00e9 la place \u00e0 un urbanisme dense, l\u2019objectif de la mairie de Paris est de mettre \u00e0 la disposition des agriculteurs urbains professionnels (entreprises ou associations) du foncier accessible \u00e9conomiquement.<\/p>\n<p>Une convention d\u2019occupation<\/p>\n<p>Chaque appel \u00e0 projets \u00ab\u00a0Paris\u00adculteurs\u00a0\u00bb d\u00e9bute par une recherche de sites propices \u00e0 \u00adl\u2019accueil de \u00adprojets agricoles. Leur s\u00e9lection est effectu\u00e9e avec soin\u00a0: \u00ab\u00a0Pour &#8230;<\/p>\n<p class=\"blocCut__title\">\n\t\t\t\t\t\t\t\t\t[90% reste \u00e0 lire]\n\t\t\t\t\t\t\t<\/p>\n<p class=\"blocCut__title--type2\">Article r\u00e9serv\u00e9 aux abonn\u00e9s<\/p>\n<p class=\"blocCut__title--type3\">Gazette des Communes<\/p>\n<p class=\"blocCut__title--type2\">VOUS N&rsquo;\u00eaTES PAS ABONN\u00e9 ?<\/p>\n<p class=\"blocCut__title--type4\">D\u00e9couvrez nos formules et acc\u00e9dez aux articles en illimit\u00e9<\/p>\n<p>\t\t\t\t\t\t\t\t<a href=\"https:\/\/www.abonnement.infopro-digital.com\/la-gazette-des-communes\/formule\/1111\/CTA-P\" target=\"_blank\" class=\"btn__full buttonTypeA buttonTypeA--1\" rel=\"noopener\">Je m\u2019abonne<\/a><\/p>\n","protected":false},"excerpt":{"rendered":"Chiffres-cl\u00e9s &#13; Financement\u00a0: 6,3 M\u20ac d\u2019investissement d\u00e9pens\u00e9s depuis le d\u00e9but de la mandature. &#13; 60\u00a0%\u00a0: des sites sont&hellip;\n","protected":false},"author":2,"featured_media":225116,"comment_status":"","ping_status":"","sticky":false,"template":"","format":"standard","meta":{"footnotes":""},"categories":[1888],"tags":[47,11,327,9250,2349,36395,1777,674,1011,27,662,12,626,1306,25],"class_list":{"0":"post-225115","1":"post","2":"type-post","3":"status-publish","4":"format-standard","5":"has-post-thumbnail","7":"category-paris","8":"tag-actualite","9":"tag-actualites","10":"tag-agriculture","11":"tag-amenagement-urbain","12":"tag-articles-reserves","13":"tag-elise-jollain","14":"tag-eu","15":"tag-europe","16":"tag-fr","17":"tag-france","18":"tag-ile-de-france","19":"tag-news","20":"tag-paris","21":"tag-regions","22":"tag-republique-francaise"},"share_on_mastodon":{"url":"https:\/\/pubeurope.com\/@fr\/114793859897956659","error":""},"_links":{"self":[{"href":"https:\/\/www.europesays.com\/fr\/wp-json\/wp\/v2\/posts\/225115","targetHints":{"allow":["GET"]}}],"collection":[{"href":"https:\/\/www.europesays.com\/fr\/wp-json\/wp\/v2\/posts"}],"about":[{"href":"https:\/\/www.europesays.com\/fr\/wp-json\/wp\/v2\/types\/post"}],"author":[{"embeddable":true,"href":"https:\/\/www.europesays.com\/fr\/wp-json\/wp\/v2\/users\/2"}],"replies":[{"embeddable":true,"href":"https:\/\/www.europesays.com\/fr\/wp-json\/wp\/v2\/comments?post=225115"}],"version-history":[{"count":0,"href":"https:\/\/www.europesays.com\/fr\/wp-json\/wp\/v2\/posts\/225115\/revisions"}],"wp:featuredmedia":[{"embeddable":true,"href":"https:\/\/www.europesays.com\/fr\/wp-json\/wp\/v2\/media\/225116"}],"wp:attachment":[{"href":"https:\/\/www.europesays.com\/fr\/wp-json\/wp\/v2\/media?parent=225115"}],"wp:term":[{"taxonomy":"category","embeddable":true,"href":"https:\/\/www.europesays.com\/fr\/wp-json\/wp\/v2\/categories?post=225115"},{"taxonomy":"post_tag","embeddable":true,"href":"https:\/\/www.europesays.com\/fr\/wp-json\/wp\/v2\/tags?post=225115"}],"curies":[{"name":"wp","href":"https:\/\/api.w.org\/{rel}","templated":true}]}}