{"id":225117,"date":"2025-07-04T07:47:16","date_gmt":"2025-07-04T07:47:16","guid":{"rendered":"https:\/\/www.europesays.com\/fr\/225117\/"},"modified":"2025-07-04T07:47:16","modified_gmt":"2025-07-04T07:47:16","slug":"ou-en-sont-les-negociations-entre-liran-et-la-france","status":"publish","type":"post","link":"https:\/\/www.europesays.com\/fr\/225117\/","title":{"rendered":"o\u00f9 en sont les n\u00e9gociations entre l&rsquo;Iran et la France ?"},"content":{"rendered":"<p>        \u00c0 regarder<\/p>\n<p>                            IRAN &#8211; C\u00e9cile Kohler et Jacques Paris otages d&rsquo;\u00c9tat : en coulisses, \u00e7a s&rsquo;agite\n                        <\/p>\n<p>\n                            00:03:10\n                        <\/p>\n<p class=\"article-p mdl\">Mesures de r\u00e9torsion, lib\u00e9ration de prisonniers&#8230; Les n\u00e9gociations pour faire lib\u00e9rer C\u00e9cile Kohler et Jacques Paris, emprisonn\u00e9s en Iran depuis trois ans, se poursuivent. Jeudi 3 juillet, la France a hauss\u00e9 le ton, \u00e0 la suite de l&rsquo;inculpation des deux otages pour \u00ab\u00a0espionnage\u00a0\u00bb au profil d&rsquo;Isra\u00ebl et tentative de renverser le r\u00e9gime, par un juge iranien.\u00a0<\/p>\n<p class=\"article-p mdl\">Ce sont\u00a0<a class=\"link\" href=\"https:\/\/www.rtl.fr\/actu\/debats-societe\/otages-francais-en-iran-cecile-kohler-et-jacques-paris-inculpes-d-espionnage-pour-le-compte-d-israel-7900521012\" title=\"Otages fran\u00e7ais en Iran : C\u00e9cile Kohler et Jacques Paris inculp\u00e9s d&#039;espionnage pour le compte d&#039;Isra\u00ebl\" target=\"_blank\" rel=\"noopener\">ces accusations infond\u00e9es<\/a>\u00a0qui ont entra\u00een\u00e9 une riposte fran\u00e7aise. Jean-No\u00ebl Barrot, ministre des Affaires \u00e9trang\u00e8res a menac\u00e9 jeudi matin <strong>d\u2019imposer de nouvelles sanctions contre\u00a0<a class=\"link\" href=\"https:\/\/www.rtl.fr\/actu\/international\/otages-francais-en-iran-c-est-un-chantage-a-la-peine-de-mort-denonce-la-soeur-de-cecile-kohler-sur-rtl-7900521237\" title=\"Otages fran\u00e7ais en Iran : &quot;C&#039;est un chantage \u00e0 la peine de mort&quot;, d\u00e9nonce la s\u0153ur de C\u00e9cile Kohler sur RTL\" target=\"_blank\" rel=\"noopener\">l\u2019Iran<\/a><\/strong>. Finalement, un nouveau rebondissement est survenu peu apr\u00e8s : l\u2019ambassade d\u2019Iran \u00e0 Paris a temporis\u00e9, annon\u00e7ant que l\u2019instruction est toujours en cours et que les accusations contre les Fran\u00e7ais ne sont pas encore connues. En effet, le pouvoir iranien n\u2019a pas encore notifi\u00e9 \u00e0 Paris ces chefs d\u2019inculpation. C&rsquo;est bon signe, car tant que la justice ne s\u2019est pas prononc\u00e9e, l\u2019affaire peut \u00eatre r\u00e9gl\u00e9e plus facilement.\u00a0<\/p>\n<p>            Un ultimatum pour lib\u00e9rer les otages<\/p>\n<p class=\"article-p mdl\">Apr\u00e8s Jean-No\u00ebl Barrot, c&rsquo;est Emmanuel Macron qui a pris la parole jeudi soir et qui a menac\u00e9 l&rsquo;Iran de\u00a0<a class=\"link\" href=\"https:\/\/www.rtl.fr\/actu\/politique\/otages-francais-en-iran-emmanuel-macron-denonce-une-provocation-et-menace-de-mesures-de-retorsion-7900521257\" title=\"Otages fran\u00e7ais en Iran : Emmanuel Macron d\u00e9nonce une &quot;provocation&quot; et menace de &quot;mesures de r\u00e9torsion&quot;\" target=\"_blank\" rel=\"noopener\">mesures de r\u00e9torsion<\/a>.<strong> Le pr\u00e9sident de la R\u00e9publique a eu des mots tr\u00e8s durs<\/strong>. La riposte fran\u00e7aise pourrait donc \u00eatre des sanctions que Paris r\u00e9imposerait \u00e0 l\u2019Iran, si d\u2019ici le 17 septembre T\u00e9h\u00e9ran ne s\u2019\u00e9tait pas conform\u00e9 \u00e0 ses obligations nucl\u00e9aires.\u00a0<\/p>\n<p class=\"article-p mdl\">Cette date de r\u00e9imposition de sanctions est pr\u00e9vue dans l\u2019accord international sign\u00e9 en 2015\u00a0 et c\u2019est th\u00e9oriquement \u00e7a le b\u00e2ton fran\u00e7ais. <strong>Il s&rsquo;agit d&rsquo;une sorte d\u2019ultimatum donn\u00e9 \u00e0 l\u2019Iran<\/strong> pour lib\u00e9rer les\u00a0<a class=\"link\" href=\"https:\/\/www.rtl.fr\/actu\/international\/otages-francais-en-iran-leur-liberation-est-un-souhait-tres-fort-affirme-l-ambassadeur-d-iran-en-france-sur-rtl-7900518207\" title=\"Otages fran\u00e7ais en Iran :  &quot;Leur lib\u00e9ration est un souhait tr\u00e8s fort&quot;, affirme l&#039;ambassadeur d&#039;Iran en France sur RTL\" target=\"_blank\" rel=\"noopener\">deux otages<\/a>. Il reste \u00e0 voir si cela sera efficace. L&rsquo;Iran, de son c\u00f4t\u00e9, prend des otages \u00e9trangers comme des gages en vue de n\u00e9gociations \u00e0 venir sur l\u2019apr\u00e8s-guerre avec les \u00c9tats-Unis. On a d&rsquo;ailleurs appris jeudi qu\u2019Am\u00e9ricains et Iraniens devraient se rencontrer peut-\u00eatre d\u00e8s la semaine prochaine.\u00a0<\/p>\n<p>            La France utilise la loi du talion<\/p>\n<p class=\"article-p mdl\">La France a aussi d&rsquo;autres moyens pour que les n\u00e9gociations avancent. Il y a, par exemple, une Iranienne et un franco-iranien d\u00e9tenus depuis le printemps en France pour apologie du terrorisme. Ces derniers mois, apr\u00e8s avoir sans doute un peu tra\u00een\u00e9 \u00e0 nouer les fils d\u2019une n\u00e9gociation face \u00e0 l\u2019Iran, Paris a paru finalement changer de strat\u00e9gie en s\u2019en prenant \u00e0 deux Iraniens ou binationaux : <strong>une sorte de loi du talion<\/strong>.\u00a0<\/p>\n<p class=\"article-p mdl\">Pour autant, il n\u2019est pas s\u00fbr que pour T\u00e9h\u00e9ran, leur lib\u00e9ration suffise \u00e0 faire revenir les otages fran\u00e7ais. Dans ces n\u00e9gociations secr\u00e8tes, l\u2019Iran a pu \u00e9galement r\u00e9clamer, en \u00e9change, la cheffe des Moudjahidines du peuple un groupe d\u2019opposants abrit\u00e9s en France, mais Paris s\u2019opposerait \u00e0 son expulsion vers l\u2019Iran.\u00a0<\/p>\n<p>    La r\u00e9daction vous recommande<\/p>\n<p class=\"s-newsletter__title\">\n                L\u2019actualit\u00e9 par la r\u00e9daction de RTL dans votre bo\u00eete mail.\n            <\/p>\n<p class=\"s-newsletter__subtitle\">\n                Gr\u00e2ce \u00e0 votre compte RTL abonnez-vous \u00e0 la newsletter RTL info pour suivre toute l&rsquo;actualit\u00e9 au quotidien\n            <\/p>\n<p>\n                                    Lire la suite\n                                <\/p>\n","protected":false},"excerpt":{"rendered":"\u00c0 regarder IRAN &#8211; C\u00e9cile Kohler et Jacques Paris otages d&rsquo;\u00c9tat : en coulisses, \u00e7a s&rsquo;agite 00:03:10 Mesures&hellip;\n","protected":false},"author":2,"featured_media":225118,"comment_status":"","ping_status":"","sticky":false,"template":"","format":"standard","meta":{"footnotes":""},"categories":[1888],"tags":[11,1777,674,107,1011,27,14,3019,12,35212,626,25],"class_list":{"0":"post-225117","1":"post","2":"type-post","3":"status-publish","4":"format-standard","5":"has-post-thumbnail","7":"category-paris","8":"tag-actualites","9":"tag-eu","10":"tag-europe","11":"tag-fil-info","12":"tag-fr","13":"tag-france","14":"tag-international","15":"tag-iran","16":"tag-news","17":"tag-otages-francais","18":"tag-paris","19":"tag-republique-francaise"},"share_on_mastodon":{"url":"https:\/\/pubeurope.com\/@fr\/114793863795882403","error":""},"_links":{"self":[{"href":"https:\/\/www.europesays.com\/fr\/wp-json\/wp\/v2\/posts\/225117","targetHints":{"allow":["GET"]}}],"collection":[{"href":"https:\/\/www.europesays.com\/fr\/wp-json\/wp\/v2\/posts"}],"about":[{"href":"https:\/\/www.europesays.com\/fr\/wp-json\/wp\/v2\/types\/post"}],"author":[{"embeddable":true,"href":"https:\/\/www.europesays.com\/fr\/wp-json\/wp\/v2\/users\/2"}],"replies":[{"embeddable":true,"href":"https:\/\/www.europesays.com\/fr\/wp-json\/wp\/v2\/comments?post=225117"}],"version-history":[{"count":0,"href":"https:\/\/www.europesays.com\/fr\/wp-json\/wp\/v2\/posts\/225117\/revisions"}],"wp:featuredmedia":[{"embeddable":true,"href":"https:\/\/www.europesays.com\/fr\/wp-json\/wp\/v2\/media\/225118"}],"wp:attachment":[{"href":"https:\/\/www.europesays.com\/fr\/wp-json\/wp\/v2\/media?parent=225117"}],"wp:term":[{"taxonomy":"category","embeddable":true,"href":"https:\/\/www.europesays.com\/fr\/wp-json\/wp\/v2\/categories?post=225117"},{"taxonomy":"post_tag","embeddable":true,"href":"https:\/\/www.europesays.com\/fr\/wp-json\/wp\/v2\/tags?post=225117"}],"curies":[{"name":"wp","href":"https:\/\/api.w.org\/{rel}","templated":true}]}}