{"id":225121,"date":"2025-07-04T07:49:12","date_gmt":"2025-07-04T07:49:12","guid":{"rendered":"https:\/\/www.europesays.com\/fr\/225121\/"},"modified":"2025-07-04T07:49:12","modified_gmt":"2025-07-04T07:49:12","slug":"en-direct-ukraine-lattaque-russe-de-la-nuit-a-ete-la-plus-massive-depuis-le-debut-de-la-guerre-selon-kiev","status":"publish","type":"post","link":"https:\/\/www.europesays.com\/fr\/225121\/","title":{"rendered":"EN DIRECT &#8211; Ukraine : l&rsquo;attaque russe de la nuit a \u00e9t\u00e9 la plus massive depuis le d\u00e9but de la guerre, selon Kiev"},"content":{"rendered":"<ul class=\"jsx-862013697 ArticleChapo__List\">\n<li class=\"jsx-862013697 ArticleChapo__List_Item flex\">L\u2019Ukraine a affirm\u00e9 vendredi que la Russie avait lanc\u00e9 550 drones et missiles sur son territoire pendant la nuit.<\/li>\n<li class=\"jsx-862013697 ArticleChapo__List_Item flex\">Des attaques qui montrent le \u00ab\u00a0m\u00e9pris\u00a0\u00bb de Poutine pour les \u00c9tats-Unis et la paix, selon Kiev.<\/li>\n<li class=\"jsx-862013697 ArticleChapo__List_Item flex\">Suivez les derni\u00e8res informations.<\/li>\n<\/ul>\n<p>Minute par minuteFiltrer par Temps fortsFiltrerKIEV09:40<\/p>\n<p>Notre envoy\u00e9e sp\u00e9ciale \u00e0 Kiev \u00e9voque la situation \u00e0 Kiev ce vendredi matin apr\u00e8s une attaque in\u00e9dite depuis le d\u00e9but du conflit.<\/p>\n<p>Attaque la plus massive depuis 2022 : LCI \u00e0 KievSource : TF1 Info<\/p>\n<p><img decoding=\"async\" src=\"https:\/\/www.europesays.com\/fr\/wp-content\/uploads\/2025\/07\/attaque-la-plus-massive-depuis-2022-lci-a-kiev-1b4af8-0@1x.jpeg\" alt=\"Attaque la plus massive depuis 2022 : LCI \u00e0 Kiev\" loading=\"lazy\" importance=\"low\" fetchpriority=\"low\" class=\"\"\/><img decoding=\"async\" src=\"https:\/\/www.tf1info.fr\/images\/icons\/player-logo-play.svg\" alt=\"Logo lecture\" class=\"jsx-d0de44c05fe3042c PlayerLazyload__Play\"\/>ATTAQUE MASSIVE09:15<\/p>\n<p>Les frappes men\u00e9es dans la nuit par la Russie sur l&rsquo;Ukraine ont \u00e9t\u00e9 les plus massives depuis le d\u00e9but de la guerre en 2022, a annonc\u00e9 le porte-parole de l&rsquo;arm\u00e9e de l&rsquo;air ukrainienne. \u00ab\u00a0L&rsquo;ennemi a attaqu\u00e9 avec un grand nombre de drones (&#8230;) c&rsquo;est le plus grand nombre que l&rsquo;ennemi ait jamais utilis\u00e9 dans une seule attaque\u00a0\u00bb, a indiqu\u00e9 Iouri Ignat \u00e0 la t\u00e9l\u00e9vision ukrainienne. 539 drones et 11 missiles ont \u00e9t\u00e9 tir\u00e9s sur le territoire ukrainien dans la nuit.<\/p>\n<p>DRONES ET MISSILES08:27<\/p>\n<p>L\u2019Ukraine a affirm\u00e9 ce matin que la Russie avait lanc\u00e9 539 drones et 11 missiles sur son territoire pendant la nuit, alors que le Kremlin intensifie ses attaques a\u00e9riennes et que les pourparlers de paix men\u00e9s par les Etats-Unis sont dans l\u2019impasse. Les unit\u00e9s de d\u00e9fense a\u00e9rienne ont abattu 268 drones et deux missiles, a-t-elle ajout\u00e9.<\/p>\n<p>BIELORUSSIE08:25<\/p>\n<p>Le pr\u00e9sident bi\u00e9lorusse, Alexandre Loukachenko, a appel\u00e9 \u00e0 une normalisation des relations entre son pays, vis\u00e9 par des lourdes sanctions occidentales, et Washington, dans un t\u00e9l\u00e9gramme adress\u00e9 \u00e0 son homologue am\u00e9ricain Donald Trump. \u00ab\u00a0Lors de votre premi\u00e8re pr\u00e9sidence, Minsk et Washington ont emprunt\u00e9 le chemin d&rsquo;une normalisation des relations\u00a0\u00bb, a-t-il d\u00e9clar\u00e9 dans ce message, envoy\u00e9 \u00e0 l&rsquo;occasion du Jour de l&rsquo;Ind\u00e9pendance aux Etats-Unis et cit\u00e9 par son service de presse.<\/p>\n<p>\u00ab\u00a0Malheureusement, \u00e0 un moment donn\u00e9, la coop\u00e9ration b\u00e9larusso-am\u00e9ricaine s&rsquo;est d\u00e9vi\u00e9e de cette ligne positive\u00a0\u00bb, a-t-il d\u00e9plor\u00e9, en assurant que \u00ab\u00a0cette situation ne correspond aux int\u00e9r\u00eats nationaux ni de nos pays, ni de nos peuples\u00a0\u00bb. \u00ab\u00a0Il est temps de la changer\u00a0\u00bb, a lanc\u00e9 Alexandre Loukachenko, au pouvoir depuis 1994.<\/p>\n<p>UN APPEL \u00ab\u00a0FRANC\u00a0\u00bb07:04<\/p>\n<p>Ce que l&rsquo;on sait de l&rsquo;entretien entre Vladimir Poutine et Donald Trump, jeudi.<\/p>\n<p>International<img decoding=\"async\" src=\"https:\/\/www.europesays.com\/fr\/wp-content\/uploads\/2025\/07\/trump-poutine-2025-92d7d2-1@1x.jpeg\" alt=\"Ukraine, Proche-Orient... Ce que se sont dit Poutine et Trump lors de leur nouvel entretien\" loading=\"lazy\" importance=\"low\" fetchpriority=\"low\" class=\"\" aria-hidden=\"true\"\/>\u00ab\u00a0AUCUN PROGR\u00c8S\u00a0\u00bb, RECONNA\u00ceT TRUMP07:03<\/p>\n<p>Dans un rare aveu d&rsquo;impuissance, Donald Trump a reconnu jeudi n&rsquo;avoir fait \u00ab\u00a0aucun progr\u00e8s\u00a0\u00bb visant \u00e0 mettre fin \u00e0 la guerre en Ukraine, lors d&rsquo;un appel t\u00e9l\u00e9phonique avec son homologue russe Vladimir Poutine.<\/p>\n<p>\u00ab\u00a0Non, je n&rsquo;ai fait aucun progr\u00e8s\u00a0\u00bb lors de cette conversation, a d\u00e9clar\u00e9 le pr\u00e9sident am\u00e9ricain \u00e0 la presse, ajoutant qu&rsquo;il n&rsquo;\u00e9tait \u00ab\u00a0pas content\u00a0\u00bb de la guerre en cours entre les deux pays.<\/p>\n<p>Le pr\u00e9sident russe venait de lui dire que la Russie \u00ab\u00a0ne renoncera pas \u00e0 ses objectifs\u00a0\u00bb en Ukraine, tout en se disant ouvert \u00e0 la poursuite des n\u00e9gociations avec Kiev.<\/p>\n<p>07:01<\/p>\n<p>Bonjour \u00e0 toutes et \u00e0 tous, nous allons suivre ensemble les derni\u00e8res informations sur la guerre entre la Russie et l&rsquo;Ukraine ce vendredi 4 juillet 2025.\u00a0<\/p>\n<p data-module=\"article-paragraph\" class=\"jsx-3046738180 Paragraph\">Dans un rare aveu d&rsquo;impuissance, Donald Trump a reconnu jeudi n&rsquo;avoir fait \u00ab\u00a0aucun progr\u00e8s\u00a0\u00bb visant \u00e0 mettre fin \u00e0 la guerre en Ukraine apr\u00e8s un appel t\u00e9l\u00e9phonique avec son homologue russe Vladimir Poutine. \u00ab\u00a0Non, je n&rsquo;ai fait aucun progr\u00e8s\u00a0\u00bb lors de cette conversation, a d\u00e9clar\u00e9 le pr\u00e9sident am\u00e9ricain \u00e0 la presse, ajoutant qu&rsquo;il n&rsquo;\u00e9tait \u00ab\u00a0pas content\u00a0\u00bb de la guerre en cours entre les deux pays.<\/p>\n<p data-module=\"article-paragraph\" class=\"jsx-3046738180 Paragraph Paragraph__End\">Le pr\u00e9sident russe venait de lui dire que la Russie \u00ab\u00a0ne renoncera pas \u00e0 ses objectifs\u00a0\u00bb en Ukraine, tout en se disant ouvert \u00e0 la poursuite des n\u00e9gociations avec Kiev. L&rsquo;\u00e9change entre Vladimir Poutine et Donald Trump jeudi, qui a dur\u00e9 environ une heure, a \u00e9t\u00e9 qualifi\u00e9 devant les journalistes de \u00ab\u00a0franc\u00a0\u00bb par le conseiller diplomatique du Kremlin, Iouri Ouchakov. Vladimir Poutine a \u00ab\u00a0soulign\u00e9 la volont\u00e9 de la partie russe de poursuivre le processus de n\u00e9gociation\u00a0\u00bb entam\u00e9 \u00e0 Istanbul, o\u00f9 ont r\u00e9cemment eu lieu deux sessions de pourparlers directs russo-ukrainiens aux maigres r\u00e9sultats.<\/p>\n<p data-module=\"article-paragraph\" class=\"jsx-3046738180 Paragraph Paragraph__End\">Il s&rsquo;agissait de la sixi\u00e8me discussion entre les deux dirigeants depuis le retour de Donald Trump \u00e0 la Maison Blanche en janvier. Elle est intervenue au lendemain de l&rsquo;annonce par Washington d&rsquo;une pause dans la livraison de certaines armes \u00e0 l&rsquo;Ukraine, plus de trois ans et demi apr\u00e8s le d\u00e9but de l&rsquo;offensive russe.<\/p>\n<p><a href=\"https:\/\/www.tf1info.fr\/international\/trois-ans-de-guerre-en-ukraine-russie-comment-la-flotte-fantome-russe-hante-les-mers-depuis-trois-ans-2349005.html\" rel=\"noopener\" class=\"jsx-3308031228 Link flex\" target=\"_blank\"><img decoding=\"async\" src=\"https:\/\/www.europesays.com\/fr\/wp-content\/uploads\/2025\/07\/tanker-russe-6fc0ee-0@1x.jpeg\" alt=\"David Ryder \/ GETTY IMAGES NORTH AMERICA \/ Getty Images via AFP\" loading=\"lazy\" importance=\"low\" fetchpriority=\"low\" class=\"\" aria-hidden=\"true\"\/><\/p>\n<p class=\"jsx-3657663356 ReadMoreArticle__Title\">Lire aussi<\/p>\n<p class=\"jsx-3657663356\">Guerre en Ukraine : comment la flotte fant\u00f4me russe hante et menace les mers<\/p>\n<p><\/a><\/p>\n<p data-module=\"article-paragraph\" class=\"jsx-3046738180 Paragraph\">Les Etats-Unis sont le principal pourvoyeur d&rsquo;aide militaire \u00e0 l&rsquo;Ukraine et cette d\u00e9cision risque de mettre Kiev dans une position difficile \u00e0 un moment o\u00f9 les troupes russes continuent d&rsquo;avancer sur le front.<\/p>\n<p data-module=\"article-paragraph\" class=\"jsx-3046738180 Paragraph Paragraph__End\">En d\u00e9placement au Danemark jeudi, le pr\u00e9sident ukrainien Volodymyr Zelensky a appel\u00e9 les Europ\u00e9ens \u00e0 accro\u00eetre leur soutien face \u00e0 ce qui s&rsquo;apparente \u00e0 un d\u00e9sengagement am\u00e9ricain.<\/p>\n<p>La r\u00e9daction de TF1info<\/p>\n","protected":false},"excerpt":{"rendered":"L\u2019Ukraine a affirm\u00e9 vendredi que la Russie avait lanc\u00e9 550 drones et missiles sur son territoire pendant la&hellip;\n","protected":false},"author":2,"featured_media":225122,"comment_status":"","ping_status":"","sticky":false,"template":"","format":"standard","meta":{"footnotes":""},"categories":[1590],"tags":[1111,11,1921,75,73,1777,674,28083,1922,1916,12,132,220,1917,133,1920,135,134],"class_list":{"0":"post-225121","1":"post","2":"type-post","3":"status-publish","4":"format-standard","5":"has-post-thumbnail","7":"category-ukraine","8":"tag-actu","9":"tag-actualites","10":"tag-article-video","11":"tag-donald-trump","12":"tag-etats-unis","13":"tag-eu","14":"tag-europe","15":"tag-guerre-en-ukraine-une-treve-sera-t-elle-possible","16":"tag-info","17":"tag-moscou","18":"tag-news","19":"tag-russie","20":"tag-ukraine","21":"tag-ukraine-4-annee-de-guerre","22":"tag-video","23":"tag-video-international","24":"tag-vladimir-poutine","25":"tag-volodymyr-zelensky"},"share_on_mastodon":{"url":"https:\/\/pubeurope.com\/@fr\/114793871264763084","error":""},"_links":{"self":[{"href":"https:\/\/www.europesays.com\/fr\/wp-json\/wp\/v2\/posts\/225121","targetHints":{"allow":["GET"]}}],"collection":[{"href":"https:\/\/www.europesays.com\/fr\/wp-json\/wp\/v2\/posts"}],"about":[{"href":"https:\/\/www.europesays.com\/fr\/wp-json\/wp\/v2\/types\/post"}],"author":[{"embeddable":true,"href":"https:\/\/www.europesays.com\/fr\/wp-json\/wp\/v2\/users\/2"}],"replies":[{"embeddable":true,"href":"https:\/\/www.europesays.com\/fr\/wp-json\/wp\/v2\/comments?post=225121"}],"version-history":[{"count":0,"href":"https:\/\/www.europesays.com\/fr\/wp-json\/wp\/v2\/posts\/225121\/revisions"}],"wp:featuredmedia":[{"embeddable":true,"href":"https:\/\/www.europesays.com\/fr\/wp-json\/wp\/v2\/media\/225122"}],"wp:attachment":[{"href":"https:\/\/www.europesays.com\/fr\/wp-json\/wp\/v2\/media?parent=225121"}],"wp:term":[{"taxonomy":"category","embeddable":true,"href":"https:\/\/www.europesays.com\/fr\/wp-json\/wp\/v2\/categories?post=225121"},{"taxonomy":"post_tag","embeddable":true,"href":"https:\/\/www.europesays.com\/fr\/wp-json\/wp\/v2\/tags?post=225121"}],"curies":[{"name":"wp","href":"https:\/\/api.w.org\/{rel}","templated":true}]}}