{"id":225127,"date":"2025-07-04T07:52:16","date_gmt":"2025-07-04T07:52:16","guid":{"rendered":"https:\/\/www.europesays.com\/fr\/225127\/"},"modified":"2025-07-04T07:52:16","modified_gmt":"2025-07-04T07:52:16","slug":"allemagne-les-commandes-industrielles-marquent-le-pas-en-mai","status":"publish","type":"post","link":"https:\/\/www.europesays.com\/fr\/225127\/","title":{"rendered":"Allemagne: les commandes industrielles marquent le pas en mai"},"content":{"rendered":"<p class=\"ap-StoryElement ap-StoryElement--mb ap-StoryText\">Les commandes int\u00e9rieures ont recul\u00e9 de pr\u00e8s de 8%, tandis que celles hors zone euro ont progress\u00e9 de 9%, d\u00e9taille Destatis, le tout avant la date butoir du 9 juillet fix\u00e9e par Donald Trump pour imposer une hausse substantielle des droits de douane sur les importations europ\u00e9ennes.<\/p>\n<p class=\"ap-StoryElement ap-StoryElement--mb ap-StoryText\">\u00ab\u00a0Au-dessus de tout cela, plane toujours l&rsquo;\u00e9p\u00e9e de Damocl\u00e8s de la politique douani\u00e8re des \u00c9tats-Unis\u00a0\u00bb, ajoute M.Niklasch.<\/p>\n<p class=\"ap-StoryElement ap-StoryElement--mb ap-StoryText\">Faute d&rsquo;accord dans cinq jours, le pr\u00e9sident am\u00e9ricain menace de doubler \u00e0 20 % le taux par d\u00e9faut sur les importations europ\u00e9ennes, voire de les porter \u00e0 50 %, comme il l&rsquo;a d\u00e9j\u00e0 annonc\u00e9 en mai.<\/p>\n<p class=\"ap-StoryElement ap-StoryElement--mb ap-StoryText\">L&rsquo;Allemagne serait la premi\u00e8re touch\u00e9e par une escalade douani\u00e8re, car son industrie d\u00e9pend fortement des exportations vers les \u00c9tats-Unis, notamment dans les secteurs automobile, chimique, pharmaceutique, sid\u00e9rurgique et des machines-outils.<\/p>\n<p class=\"ap-StoryElement ap-StoryElement--mb ap-StoryText\">En comparaison trimestrielle, plus stable, les entr\u00e9es de commandes de mars \u00e0 mai 2025 \u00e9taient sup\u00e9rieures de 2,1 % \u00e0 celles des trois mois pr\u00e9c\u00e9dents, selon Destatis.<\/p>\n<p class=\"ap-StoryElement ap-StoryElement--mb ap-StoryText\">Sur un an, les commandes industrielles allemandes ont progress\u00e9 de 5,3%.<\/p>\n","protected":false},"excerpt":{"rendered":"Les commandes int\u00e9rieures ont recul\u00e9 de pr\u00e8s de 8%, tandis que celles hors zone euro ont progress\u00e9 de&hellip;\n","protected":false},"author":2,"featured_media":2837,"comment_status":"","ping_status":"","sticky":false,"template":"","format":"standard","meta":{"footnotes":""},"categories":[1587],"tags":[11,672,1804,8324,1805,1803,313,1777,674,1801,12,1802],"class_list":{"0":"post-225127","1":"post","2":"type-post","3":"status-publish","4":"format-standard","5":"has-post-thumbnail","7":"category-allemagne","8":"tag-actualites","9":"tag-allemagne","10":"tag-bundesrepublik-deutschland","11":"tag-conjoncture","12":"tag-de","13":"tag-deutschland","14":"tag-entreprises","15":"tag-eu","16":"tag-europe","17":"tag-germany","18":"tag-news","19":"tag-republique-federale-dallemagne"},"share_on_mastodon":{"url":"https:\/\/pubeurope.com\/@fr\/114793884846663774","error":""},"_links":{"self":[{"href":"https:\/\/www.europesays.com\/fr\/wp-json\/wp\/v2\/posts\/225127","targetHints":{"allow":["GET"]}}],"collection":[{"href":"https:\/\/www.europesays.com\/fr\/wp-json\/wp\/v2\/posts"}],"about":[{"href":"https:\/\/www.europesays.com\/fr\/wp-json\/wp\/v2\/types\/post"}],"author":[{"embeddable":true,"href":"https:\/\/www.europesays.com\/fr\/wp-json\/wp\/v2\/users\/2"}],"replies":[{"embeddable":true,"href":"https:\/\/www.europesays.com\/fr\/wp-json\/wp\/v2\/comments?post=225127"}],"version-history":[{"count":0,"href":"https:\/\/www.europesays.com\/fr\/wp-json\/wp\/v2\/posts\/225127\/revisions"}],"wp:featuredmedia":[{"embeddable":true,"href":"https:\/\/www.europesays.com\/fr\/wp-json\/wp\/v2\/media\/2837"}],"wp:attachment":[{"href":"https:\/\/www.europesays.com\/fr\/wp-json\/wp\/v2\/media?parent=225127"}],"wp:term":[{"taxonomy":"category","embeddable":true,"href":"https:\/\/www.europesays.com\/fr\/wp-json\/wp\/v2\/categories?post=225127"},{"taxonomy":"post_tag","embeddable":true,"href":"https:\/\/www.europesays.com\/fr\/wp-json\/wp\/v2\/tags?post=225127"}],"curies":[{"name":"wp","href":"https:\/\/api.w.org\/{rel}","templated":true}]}}