{"id":225138,"date":"2025-07-04T07:58:09","date_gmt":"2025-07-04T07:58:09","guid":{"rendered":"https:\/\/www.europesays.com\/fr\/225138\/"},"modified":"2025-07-04T07:58:09","modified_gmt":"2025-07-04T07:58:09","slug":"ugo-coussaud-en-tete-apres-le-premier-tour-du-bmw-international-open-de-munich-lequipe","status":"publish","type":"post","link":"https:\/\/www.europesays.com\/fr\/225138\/","title":{"rendered":"Ugo Coussaud en t\u00eate apr\u00e8s le premier tour du BMW International Open de Munich &#8211; L&#039;\u00c9quipe"},"content":{"rendered":"<ol>\n<li><a href=\"https:\/\/news.google.com\/rss\/articles\/CBMiwwFBVV95cUxPN3dSalZoNlg3MzdpSlJ5M01URUVOR3ZSRW11Nm1ndVVYbjAtTDYwOVdkOFZLRWUwTXpuNVRqbnZPZHhDcGctdHE4Z2VYcUNfSDFaQ3J1WGk2UUhfUkw2dTBhY0pyMXV2eEZ5dlhVUndoUUNKRlBxeXNhX3hXalJJVGQ3SFN2aWwxdWhrbnFyVWhVT3NVaGcyV0VvMlZva1gzVkRITDBuTUtUMmNVTUlVTzBBdHZ6aTZ3WGdoSHJFem1Qd3c?oc=5\" target=\"_blank\" rel=\"nofollow noopener\">Ugo Coussaud en t\u00eate apr\u00e8s le premier tour du BMW International Open de Munich<\/a>&nbsp;&nbsp;L&rsquo;\u00c9quipe<\/li>\n<li><a href=\"https:\/\/news.google.com\/rss\/articles\/CBMiqgFBVV95cUxONUVoallncHhGV0RFZE9WS0xrdnFrUWkxeFhEOE81a3pMYXVJMHZicGQ1S0czZE5QX0FaUU1mRWQwS1g3YUVFSEluOC15cThaOFkxalc5WlJFRF9taHhkT1VfNTdVcjM4U1ZCY183eXl5ZEtpV3p5dFNaZ19FUEJzVjV3S08zMXdheFd6N1hBVnVqblB1clNnUVpRRVVHTE1kVVZTX05fanlpdw?oc=5\" target=\"_blank\" rel=\"nofollow noopener\">BMW International Open : Coussaud parmi les leaders<\/a>&nbsp;&nbsp;F\u00e9d\u00e9ration Fran\u00e7aise de Golf<\/li>\n<li><a href=\"https:\/\/news.google.com\/rss\/articles\/CBMisAFBVV95cUxOZngwMkt5ZEtlbGxJWHhpRWExZmFPYkZtczFkRFBNaVJ6Q0ZWdkVZdGtYc1Q2UnBObTdMV2VVOFBGWmJiY3B3WHVORDVoZGFXSS1rWkZwZ1l6YU5hR2VocHpKVVRWUmVraXY0UWdITE1JNDQyLVB2SF9RVGM5Q1F2Sk9ZVHg1TERBV1EyS0dGb2hTSUpaNkFYWWNhZDRjTm54Nm8yamNRX2RMYjZxd0U4YQ?oc=5\" target=\"_blank\" rel=\"nofollow noopener\">Ugo Coussaud co-leader \u00e0 Munich. Les Fran\u00e7ais surfent sur la bonne vague !<\/a>&nbsp;&nbsp;Golf Plan\u00e8te<\/li>\n<li><a href=\"https:\/\/news.google.com\/rss\/articles\/CBMihgJBVV95cUxPUHFFbHVjMDI5V1d6TGUxWGpRUm9ERXdmMVhNcjJhZjB2eGtIWDZucUdfUTdXaGNjTVhpd1pRcHY5RTR4VFBYMnRwNk5KM0kxdTk0NVhia0FXOFBOblZFSE1UVl9kSjZua25Cd2dDdF9GLTRyWTFEd014T2xnVW5lY05CMEFBS2Zub2RlZ2RucE5rVjNnTEZtc1RUNDZackdVWkxKaEV6QUVOa2trOVBMRkY2S215c0psZmFuXzlleGZ3YUV6Q0hHRERqUllnemlVTjRaWTVtRncxbkg1ekRmQUFZRHJDdmVVbjdIQ0dreGpSU1Y1TlhLckZfc0toTGpKWnBkWkJR?oc=5\" target=\"_blank\" rel=\"nofollow noopener\">Golf. DPW- BMW International: Penge, Ding, Green, Van Driel et Coussaud au pouvoir \u00e0 Munich<\/a>&nbsp;&nbsp;Ouest-France<\/li>\n<li><a href=\"https:\/\/news.google.com\/rss\/articles\/CBMi5gFBVV95cUxPVFRUOVdQUlJlWWtFWnl6cW5HNGJQb0lYTXVwTWtJTm1WbVk4a3d2S2EzY2xvNGdoWmdIRG00elhGTnZ6RGZhYkVRWHh4Ni1vdWlYVFRHTVlBSzJpZzl4ZEViV01zdTJRNnN6dEMxM0RXVWtSczFHTHJSY3BMYk8wai13NU5PTGhNbTNERnBFM01Xa0t3RE5vUE5pbHBEMFJzcWpqQVZiVjRBVnFBblhOckNsTWQ0UFlxbFhGM0pXa1Y5RkNydUdXZzlibFdGYUhiTnVhdjVRSmZua011elBOd1JFN0w4dw?oc=5\" target=\"_blank\" rel=\"nofollow noopener\">DP World Tour &#8211; Nicolas Colsaerts mal embarqu\u00e9 au BMW International Open<\/a>&nbsp;&nbsp;La Libre.be<\/li>\n<\/ol>\n","protected":false},"excerpt":{"rendered":"Ugo Coussaud en t\u00eate apr\u00e8s le premier tour du BMW International Open de Munich&nbsp;&nbsp;L&rsquo;\u00c9quipe BMW International Open :&hellip;\n","protected":false},"author":2,"featured_media":225139,"comment_status":"","ping_status":"","sticky":false,"template":"","format":"standard","meta":{"footnotes":""},"categories":[1418],"tags":[1011,27,1472,60],"class_list":{"0":"post-225138","1":"post","2":"type-post","3":"status-publish","4":"format-standard","5":"has-post-thumbnail","7":"category-golf","8":"tag-fr","9":"tag-france","10":"tag-golf","11":"tag-sports"},"share_on_mastodon":{"url":"https:\/\/pubeurope.com\/@fr\/114793906423270700","error":""},"_links":{"self":[{"href":"https:\/\/www.europesays.com\/fr\/wp-json\/wp\/v2\/posts\/225138","targetHints":{"allow":["GET"]}}],"collection":[{"href":"https:\/\/www.europesays.com\/fr\/wp-json\/wp\/v2\/posts"}],"about":[{"href":"https:\/\/www.europesays.com\/fr\/wp-json\/wp\/v2\/types\/post"}],"author":[{"embeddable":true,"href":"https:\/\/www.europesays.com\/fr\/wp-json\/wp\/v2\/users\/2"}],"replies":[{"embeddable":true,"href":"https:\/\/www.europesays.com\/fr\/wp-json\/wp\/v2\/comments?post=225138"}],"version-history":[{"count":0,"href":"https:\/\/www.europesays.com\/fr\/wp-json\/wp\/v2\/posts\/225138\/revisions"}],"wp:featuredmedia":[{"embeddable":true,"href":"https:\/\/www.europesays.com\/fr\/wp-json\/wp\/v2\/media\/225139"}],"wp:attachment":[{"href":"https:\/\/www.europesays.com\/fr\/wp-json\/wp\/v2\/media?parent=225138"}],"wp:term":[{"taxonomy":"category","embeddable":true,"href":"https:\/\/www.europesays.com\/fr\/wp-json\/wp\/v2\/categories?post=225138"},{"taxonomy":"post_tag","embeddable":true,"href":"https:\/\/www.europesays.com\/fr\/wp-json\/wp\/v2\/tags?post=225138"}],"curies":[{"name":"wp","href":"https:\/\/api.w.org\/{rel}","templated":true}]}}