{"id":225146,"date":"2025-07-04T08:03:13","date_gmt":"2025-07-04T08:03:13","guid":{"rendered":"https:\/\/www.europesays.com\/fr\/225146\/"},"modified":"2025-07-04T08:03:13","modified_gmt":"2025-07-04T08:03:13","slug":"les-classements-apres-le-gp-des-pays-bas-2025","status":"publish","type":"post","link":"https:\/\/www.europesays.com\/fr\/225146\/","title":{"rendered":"Les classements apr\u00e8s le GP des Pays-Bas 2025"},"content":{"rendered":"<p>Dimanche apr\u00e8s-midi, sur le circuit d\u2019Assen (<a href=\"https:\/\/www.20minutes.fr\/monde\/pays-bas\/\" class=\"color-ultramarine c-link\" target=\"_blank\" rel=\"noopener\">Pays-Bas<\/a>), le championnat du monde de <a href=\"https:\/\/www.20minutes.fr\/sport\/moto-gp\/\" class=\"color-ultramarine c-link\" target=\"_blank\" rel=\"noopener\">Moto GP<\/a> reprenait ses droits. Au lendemain de la course sprint remport\u00e9e par Marc Marquez (Ducati Lenovo), Fabio Quartararo (Yamaha) partait en pole position. Le <a href=\"https:\/\/www.20minutes.fr\/dossier\/francais\" class=\"color-ultramarine c-link\" target=\"_blank\" rel=\"noopener\">Fran\u00e7ais<\/a> a rapidement \u00e9t\u00e9 doubl\u00e9 par ses concurrents apr\u00e8s avoir tir\u00e9 tout droit pour \u00e9viter une chute devant lui. Il finit 10e. Johann Zarco (Honda LCR) termine 12e. L\u2019Espagnol remporte une nouvelle victoire, sa 68e victoire en cat\u00e9gorie reine. Il \u00e9gale Giacomo Agostini. Au classement g\u00e9n\u00e9ral, il s&rsquo;envole en t\u00eate (avec 68 points d&rsquo;avance), suite \u00e0 la chute de son fr\u00e8re, Alex, bless\u00e9 \u00e0 la main (fracture). \u00c0 la 2e place, on retrouve Marco Bezzecchi (Aprilia), qui devance Pecco Bagnaia (Ducati Lenovo).<\/p>\n<p class=\"mb-xxl@xs color-ultramarine font-weight-semi-bold@xs font-source-serif-pro heading-s@xs\">L\u2019acc\u00e8s \u00e0 ce contenu a \u00e9t\u00e9 bloqu\u00e9 afin de respecter votre choix de consentement<\/p>\n<p class=\"mb-m@xs text-l@xs\">En cliquant sur\u00ab J\u2019accepte \u00bb, vous acceptez le d\u00e9p\u00f4t de cookies par des services externes et aurez ainsi acc\u00e8s aux contenus de nos partenaires.<\/p>\n<p class=\"mb-xl@xs text-s@xs\">Plus d\u2019informations sur la page<a href=\"https:\/\/www.20minutes.fr\/gestion-cookies\" class=\"mx-xxs@xs color-ultramarine\" target=\"_blank\" rel=\"noopener\">Politique de gestion des cookies<\/a><\/p>\n<p>J\u2019accepteLe classement du Grand Prix des Pays-Bas en Moto GP<\/p>\n<ol>\n<li>Marc Marquez (Ducati) en 40\u201914.072<\/li>\n<li>Marco Bezzecchi (Aprilia) \u00e0 0.635<\/li>\n<li>Francesco Bagnaia (Ducati) \u00e0 2.666<\/li>\n<li>Pedro Acosta (KTM) \u00e0 6.084<\/li>\n<li>Maverick Vinales (Tech 3 KTM) \u00e0 10.124<\/li>\n<li>Fabio di Giannantonio (VR46 Ducati) \u00e0 12.163<\/li>\n<li>Franco Morbidelli (VR46 Ducati) \u00e0 18.896<\/li>\n<li>Raul Fernandez (Trackhouse Aprilia) \u00e0 20.295<\/li>\n<li>Enea Bastianini (Tech 3 KTM) \u00e0 23.687<\/li>\n<li>Fabio Quartararo (Yamaha) \u00e0 23.743<\/li>\n<\/ol>\n<p>Le classement g\u00e9n\u00e9ral du championnat du monde de Moto GP 2025<\/p>\n<ul>\n<li>1\t\tMarc Marquez\t307<\/li>\n<li>2\t\tAlex Marquez\t239<\/li>\n<li>3\t\tFrancesco Bagnaia\t181<\/li>\n<li>4\t\tFranco Morbidelli\t139<\/li>\n<li>5\t\tFabio Di Giannantonio\t136<\/li>\n<li>6\t\tMarco Bezzecchi\t121<\/li>\n<li>7\t\tJohann Zarco\t101<\/li>\n<li>8\t\tPedro Acosta\t98<\/li>\n<li>9\t\tFermin Aldeguer\t81<\/li>\n<li>10\t\tMaverick Vinales\t69<\/li>\n<li>11\t\tFabio Quartararo\t67<\/li>\n<li>12\t\tAi Ogura\t55<\/li>\n<li>13\t\tBrad Binder\t47<\/li>\n<li>14\t\tRaul Fernandez\t44<\/li>\n<li>15\t\tEnea Bastianini\t44<\/li>\n<li>16\t\tAlex Rins\t39<\/li>\n<li>17\t\tLuca Marini\t38<\/li>\n<li>18\t\tJack Miller\t36<\/li>\n<li>19\t\tJoan Mir\t32<\/li>\n<li>20\t\tLorenzo Savadori\t13<\/li>\n<li>21\t\tTakaaki Nakagami\t10<\/li>\n<li>22\t\tSomkiat Chantra\t10<\/li>\n<li>23\t\tAleix Espargaro\t7<\/li>\n<li>24\t\tMiguel Oliveira\t7<\/li>\n<li>25\t\tAugusto Fernandez\t6<\/li>\n<\/ul>\n<p>Le classement des constructeurs en Moto GP<\/p>\n<p>1\tDUCATI LENOVO TEAM\t7 victoires\t488 points<\/p>\n<p>2\tTEAM BK8 GRESINI RACING MOTOGP\t1\t320<\/p>\n<p>3\tPERTAMINA ENDURO VR46 RACING TEAM\t0\t275<\/p>\n<p>4\tRED BULL KTM FACTORY RACING\t0\t145<\/p>\n<p>5\tAPRILIA RACING\t1\t129<\/p>\n<p>6\tRED BULL KTM TECH3\t0\t111<\/p>\n<p>7\tLCR HONDA MOTOGP\t1\t102<\/p>\n<p>8\tMONSTER ENERGY YAMAHA MOTOGP\t0\t102<\/p>\n<p>9\tTRACKHOUSE RACING\t0\t93<\/p>\n<p>10\tHONDA HRC CASTROL\t0\t70<\/p>\n<p>11\tPRIMA PRAMAC YAMAHA\t0\t42<\/p>\n<p>12\tHRC TEST TEAM\t0\t0<\/p>\n<p>13\tYAMAHA FACTORY RACING\t0\t0<\/p>\n","protected":false},"excerpt":{"rendered":"Dimanche apr\u00e8s-midi, sur le circuit d\u2019Assen (Pays-Bas), le championnat du monde de Moto GP reprenait ses droits. Au&hellip;\n","protected":false},"author":2,"featured_media":225147,"comment_status":"","ping_status":"","sticky":false,"template":"","format":"standard","meta":{"footnotes":""},"categories":[1413],"tags":[1976,1680,1011,27,4922,1741,1457,6033,1456,517,60],"class_list":{"0":"post-225146","1":"post","2":"type-post","3":"status-publish","4":"format-standard","5":"has-post-thumbnail","7":"category-moto","8":"tag-auto-moto","9":"tag-fabio-quartararo","10":"tag-fr","11":"tag-france","12":"tag-honda","13":"tag-johann-zarco","14":"tag-moto","15":"tag-moto-gp","16":"tag-motocycle","17":"tag-sport","18":"tag-sports"},"share_on_mastodon":{"url":"https:\/\/pubeurope.com\/@fr\/114793926074971773","error":""},"_links":{"self":[{"href":"https:\/\/www.europesays.com\/fr\/wp-json\/wp\/v2\/posts\/225146","targetHints":{"allow":["GET"]}}],"collection":[{"href":"https:\/\/www.europesays.com\/fr\/wp-json\/wp\/v2\/posts"}],"about":[{"href":"https:\/\/www.europesays.com\/fr\/wp-json\/wp\/v2\/types\/post"}],"author":[{"embeddable":true,"href":"https:\/\/www.europesays.com\/fr\/wp-json\/wp\/v2\/users\/2"}],"replies":[{"embeddable":true,"href":"https:\/\/www.europesays.com\/fr\/wp-json\/wp\/v2\/comments?post=225146"}],"version-history":[{"count":0,"href":"https:\/\/www.europesays.com\/fr\/wp-json\/wp\/v2\/posts\/225146\/revisions"}],"wp:featuredmedia":[{"embeddable":true,"href":"https:\/\/www.europesays.com\/fr\/wp-json\/wp\/v2\/media\/225147"}],"wp:attachment":[{"href":"https:\/\/www.europesays.com\/fr\/wp-json\/wp\/v2\/media?parent=225146"}],"wp:term":[{"taxonomy":"category","embeddable":true,"href":"https:\/\/www.europesays.com\/fr\/wp-json\/wp\/v2\/categories?post=225146"},{"taxonomy":"post_tag","embeddable":true,"href":"https:\/\/www.europesays.com\/fr\/wp-json\/wp\/v2\/tags?post=225146"}],"curies":[{"name":"wp","href":"https:\/\/api.w.org\/{rel}","templated":true}]}}