{"id":225152,"date":"2025-07-04T08:06:11","date_gmt":"2025-07-04T08:06:11","guid":{"rendered":"https:\/\/www.europesays.com\/fr\/225152\/"},"modified":"2025-07-04T08:06:11","modified_gmt":"2025-07-04T08:06:11","slug":"zabarnyi-vers-le-psg-bournemouth-tient-son-remplacant-a-lille","status":"publish","type":"post","link":"https:\/\/www.europesays.com\/fr\/225152\/","title":{"rendered":"Zabarnyi vers le PSG, Bournemouth tient son rempla\u00e7ant \u00e0 Lille"},"content":{"rendered":"<p><strong>Ilya Zabarnyi, d\u00e9fenseur central de 22 ans de Bournemouth (contrat jusqu\u2019en 2029) et de l\u2019Ukraine, a \u00e9t\u00e9 annonc\u00e9 comme une priorit\u00e9 d\u00e9fensive du Paris Saint-Germain pour le mercato. Il est m\u00eame question d\u2019une certaine avanc\u00e9e vers un transfert. L\u2019Equipe annonce aujourd\u2019hui qu\u2019il y a un bon signe, pudique le club anglais avance sur le recrutement de son rempla\u00e7ant : Bafod\u00e9 Diakit\u00e9 (24 ans, Lille).<\/strong><\/p>\n<blockquote class=\"twitter-tweet\">\n<p dir=\"ltr\" lang=\"fr\">Mercato : un accord entre Bafod\u00e9 Diakit\u00e9 et Bournemouth a \u00e9t\u00e9 trouv\u00e9 <a href=\"https:\/\/t.co\/3aWOfsKVqw\" rel=\"nofollow\">https:\/\/t.co\/3aWOfsKVqw<\/a><\/p>\n<p>\u2014 Lo\u00efc Tanzi (@Tanziloic) <a href=\"https:\/\/twitter.com\/Tanziloic\/status\/1940798292331213083?ref_src=twsrc%5Etfw\" rel=\"nofollow noopener\" target=\"_blank\">July 3, 2025<\/a><\/p>\n<\/blockquote>\n<blockquote>\n<p>\u00a0\u00bb Apr\u00e8s des discussions pr\u00e9liminaires, le Lillois Bafod\u00e9 Diakit\u00e9 a trouv\u00e9 un accord contractuel avec Bournemouth. Le club anglais a fait du Fran\u00e7ais sa priorit\u00e9 pour remplacer Illya Zabarni, en partance pour le Paris Saint-Germain.<\/p>\n<p>L\u2019accord entre les clubs n\u2019est pas encore trouv\u00e9, mais Tiago Pinto et Olivier L\u00e9tang, les deux dirigeants en charge des n\u00e9gociations, sont en contacts directs pour avancer. \u00ab\u00a0<\/p>\n<\/blockquote>\n<p>Zabarnyi n\u2019est pas encore au PSG, cela pourrait bien ne pas se faire. On n\u2019aura des certitudes qu\u2019avec une annonce officielle. Mais tous les m\u00e9dias assurent que c\u2019est avanc\u00e9 et voir Bournemouth progresser vers la trouvaille d\u2019un rempla\u00e7ant est encourageant.<\/p>\n<p>M\u00eame s\u2019il faut encore le confirmer, puisque l\u00e0 aussi ce n\u2019est qu\u2019une rumeur. Mais on peut esp\u00e9rer que le tout avance en effet, avec le PSG qui pourrait boucler un premier grand recrutement prochainement. Patience tout de m\u00eame, il reste beaucoup de temps dans ce mercato et beaucoup de points doivent encore se clarifier.<\/p>\n<p>\t\t\t\t\t\t\t\t\t\t\t\t\t\t\t\t\t\t\t\t\t\t\t<img loading=\"lazy\" src=\"https:\/\/www.europesays.com\/fr\/wp-content\/uploads\/2025\/04\/ParisFans_Logo.png\" decoding=\"async\" class=\"lazyload\" width=\"240\" height=\"54\" data-eio-rwidth=\"240\" data-eio-rheight=\"54\"\/><\/p>\n<p>\t\t\t\t\t\t\t\t<script async src=\"https:\/\/platform.twitter.com\/widgets.js\" charset=\"utf-8\"><\/script><\/p>\n","protected":false},"excerpt":{"rendered":"Ilya Zabarnyi, d\u00e9fenseur central de 22 ans de Bournemouth (contrat jusqu\u2019en 2029) et de l\u2019Ukraine, a \u00e9t\u00e9 annonc\u00e9&hellip;\n","protected":false},"author":2,"featured_media":225153,"comment_status":"","ping_status":"","sticky":false,"template":"","format":"standard","meta":{"footnotes":""},"categories":[1410],"tags":[63,1011,27,30997,60,96],"class_list":{"0":"post-225152","1":"post","2":"type-post","3":"status-publish","4":"format-standard","5":"has-post-thumbnail","7":"category-football","8":"tag-football","9":"tag-fr","10":"tag-france","11":"tag-ilya-zabarnyi","12":"tag-sports","13":"tag-une"},"share_on_mastodon":{"url":"https:\/\/pubeurope.com\/@fr\/114793937901662108","error":""},"_links":{"self":[{"href":"https:\/\/www.europesays.com\/fr\/wp-json\/wp\/v2\/posts\/225152","targetHints":{"allow":["GET"]}}],"collection":[{"href":"https:\/\/www.europesays.com\/fr\/wp-json\/wp\/v2\/posts"}],"about":[{"href":"https:\/\/www.europesays.com\/fr\/wp-json\/wp\/v2\/types\/post"}],"author":[{"embeddable":true,"href":"https:\/\/www.europesays.com\/fr\/wp-json\/wp\/v2\/users\/2"}],"replies":[{"embeddable":true,"href":"https:\/\/www.europesays.com\/fr\/wp-json\/wp\/v2\/comments?post=225152"}],"version-history":[{"count":0,"href":"https:\/\/www.europesays.com\/fr\/wp-json\/wp\/v2\/posts\/225152\/revisions"}],"wp:featuredmedia":[{"embeddable":true,"href":"https:\/\/www.europesays.com\/fr\/wp-json\/wp\/v2\/media\/225153"}],"wp:attachment":[{"href":"https:\/\/www.europesays.com\/fr\/wp-json\/wp\/v2\/media?parent=225152"}],"wp:term":[{"taxonomy":"category","embeddable":true,"href":"https:\/\/www.europesays.com\/fr\/wp-json\/wp\/v2\/categories?post=225152"},{"taxonomy":"post_tag","embeddable":true,"href":"https:\/\/www.europesays.com\/fr\/wp-json\/wp\/v2\/tags?post=225152"}],"curies":[{"name":"wp","href":"https:\/\/api.w.org\/{rel}","templated":true}]}}