{"id":225154,"date":"2025-07-04T08:07:09","date_gmt":"2025-07-04T08:07:09","guid":{"rendered":"https:\/\/www.europesays.com\/fr\/225154\/"},"modified":"2025-07-04T08:07:09","modified_gmt":"2025-07-04T08:07:09","slug":"katy-perry-et-orlando-bloom-confirment-officiellement-leur-rupture","status":"publish","type":"post","link":"https:\/\/www.europesays.com\/fr\/225154\/","title":{"rendered":"Katy Perry et Orlando Bloom confirment officiellement leur rupture"},"content":{"rendered":"<p>                             Par C.L<\/p>\n<p>                Le 4 juillet 2025 \u00e0 06h56<\/p>\n<p>    Katy Perry et Orlando Bloom \u00e0 la Vanity Fair Oscar Party 2025 au Wallis Annenberg Center for the Performing Arts. (Beverly Hills, le 2 mars 2025.)<br \/>\n                Christopher Polk \/ Variety via Getty Images<\/p>\n<p>L\u2019interpr\u00e8te de Fire Work et l\u2019acteur du Seigneur des Anneaux ont annonc\u00e9 leur s\u00e9paration le 3 juillet, par la voix de leurs repr\u00e9sentants.<\/p>\n<p class=\"fig-paragraph\">Cela fait au moins 3 semaines que tout le monde les consid\u00e8re comme s\u00e9par\u00e9s, pourtant ils n\u2019avaient rien annonc\u00e9. L\u2019apparition de\u00a0<a href=\"http:\/\/madame.lefigaro.fr\/celebrites\/actu-people\/en-video-katy-perry-en-larmes-sur-scene-en-australie-apres-sa-rupture-avec-orlando-bloom-20250702\" data-fig-type=\"Article\" data-gtm-custom-categorie=\"navigation\" data-gtm-custom-action=\"crossclick\" data-gtm-custom-label=\"Contextuel\" data-gtm-event=\"customEventSPE\" data-fig-domain=\"MADAME\" target=\"_blank\" rel=\"noopener\">Kate Perry en larme sur sc\u00e8ne<\/a>\u00a0et les publications cryptiques d\u2019<a href=\"https:\/\/madame.lefigaro.fr\/tag\/orlando-bloom\" target=\"_blank\" rel=\"noopener\" data-gtm-custom-categorie=\"navigation\" data-gtm-custom-action=\"crossclick\" data-gtm-custom-label=\"Contextuel\" data-gtm-event=\"customEventSPE\">Orlando Bloom<\/a>\u00a0au sujet de la solitude avaient suffi \u00e0 confirmer les rumeurs. Mais les on-dit sont d\u00e9sormais r\u00e9alit\u00e9s. Par la voix de leurs repr\u00e9sentants, la chanteuse et l\u2019acteur ont officiellement d\u00e9clar\u00e9 s\u2019\u00eatre s\u00e9par\u00e9s. Le magazine People a publi\u00e9 le contenu de ce communiqu\u00e9, publi\u00e9 le 3 juillet.<\/p>\n<p>Toujours une famille<\/p>\n<p class=\"fig-paragraph\">\u00abEn raison de l\u2019abondance de l\u2019int\u00e9r\u00eat et des conversations r\u00e9centes autour de\u00a0<a href=\"https:\/\/people.com\/katy-perry-orlando-bloom-breakup-confirmed-reps-11766659\" target=\"_blank\" rel=\"nofollow noopener\" data-gtm-custom-categorie=\"navigation\" data-gtm-custom-action=\"crossclick\" data-gtm-custom-label=\"Contextuel\" data-gtm-event=\"customEventSPE\">la relation d\u2019Orlando Bloom et de Katy Perry<\/a>, leurs repr\u00e9sentants ont confirm\u00e9 qu\u2019Orlando et Katy ont modifi\u00e9 leur relation au cours des derniers mois pour se concentrer sur la coparentalit\u00e9, peut-on lire dans le communiqu\u00e9. Ils continueront \u00e0 \u00eatre vus ensemble en tant que famille, car leur priorit\u00e9 commune est &#8211; et sera toujours &#8211; d\u2019\u00e9lever leur fille avec amour, stabilit\u00e9 et respect mutuel.\u00bb<\/p>\n<p>                                    <a class=\"fig-a11y-skip a11y-hidden\" href=\"#fig-a11y-skip-main-inarticle\"><br \/>\n        Passer la publicit\u00e9<br \/>\n    <\/a><\/p>\n<p>Recompos\u00e9s puis d\u00e9compos\u00e9s<\/p>\n<p class=\"fig-paragraph\">Ensemble depuis 9 ans, la chanteuse de 40 ans et l\u2019acteur de 48 ans ont une fille,\u00a0<a href=\"http:\/\/madame.lefigaro.fr\/celebrites\/actu-people\/en-video-daisy-la-fille-de-katy-perry-assiste-pour-la-premiere-fois-a-un-concert-de-sa-mere-sur-les-epaules-d-orlando-bloom-20231107\" data-fig-type=\"Article\" data-gtm-custom-categorie=\"navigation\" data-gtm-custom-action=\"crossclick\" data-gtm-custom-label=\"Contextuel\" data-gtm-event=\"customEventSPE\" data-fig-domain=\"MADAME\" target=\"_blank\" rel=\"noopener\">Daisy Dove, aujourd\u2019hui \u00e2g\u00e9e de 4 ans et demi<\/a>. Ils s\u2019\u00e9taient fianc\u00e9s deux ans avant sa naissance, en 2019. Bloom \u00e9tait d\u00e9j\u00e0 papa de Flynn, n\u00e9 en 2011 de\u00a0<a href=\"https:\/\/madame.lefigaro.fr\/celebrites\/une-frere-ennuyeux-quand-miranda-kerr-prefere-katy-perry-orlando-bloom-190821-197719\" data-fig-type=\"Article\" data-gtm-custom-categorie=\"navigation\" data-gtm-custom-action=\"crossclick\" data-gtm-custom-label=\"Contextuel\" data-gtm-event=\"customEventSPE\" data-fig-domain=\"MADAME\" target=\"_blank\" rel=\"noopener\">son mariage avec la mannequin Miranda Kerr<\/a>, dont il a divorc\u00e9 en 2014. De son c\u00f4t\u00e9, Katy Perry compte elle aussi un divorce, prononc\u00e9 en 2012, avec le com\u00e9dien Russell Brand.<\/p>\n","protected":false},"excerpt":{"rendered":"Par C.L Le 4 juillet 2025 \u00e0 06h56 Katy Perry et Orlando Bloom \u00e0 la Vanity Fair Oscar&hellip;\n","protected":false},"author":2,"featured_media":225155,"comment_status":"","ping_status":"","sticky":false,"template":"","format":"standard","meta":{"footnotes":""},"categories":[1359],"tags":[1193,58,59,1011,27,8553,33392,973],"class_list":{"0":"post-225154","1":"post","2":"type-post","3":"status-publish","4":"format-standard","5":"has-post-thumbnail","7":"category-people","8":"tag-couple","9":"tag-divertissement","10":"tag-entertainment","11":"tag-fr","12":"tag-france","13":"tag-katy-perry","14":"tag-orlando-bloom","15":"tag-people"},"share_on_mastodon":{"url":"https:\/\/pubeurope.com\/@fr\/114793941787076747","error":""},"_links":{"self":[{"href":"https:\/\/www.europesays.com\/fr\/wp-json\/wp\/v2\/posts\/225154","targetHints":{"allow":["GET"]}}],"collection":[{"href":"https:\/\/www.europesays.com\/fr\/wp-json\/wp\/v2\/posts"}],"about":[{"href":"https:\/\/www.europesays.com\/fr\/wp-json\/wp\/v2\/types\/post"}],"author":[{"embeddable":true,"href":"https:\/\/www.europesays.com\/fr\/wp-json\/wp\/v2\/users\/2"}],"replies":[{"embeddable":true,"href":"https:\/\/www.europesays.com\/fr\/wp-json\/wp\/v2\/comments?post=225154"}],"version-history":[{"count":0,"href":"https:\/\/www.europesays.com\/fr\/wp-json\/wp\/v2\/posts\/225154\/revisions"}],"wp:featuredmedia":[{"embeddable":true,"href":"https:\/\/www.europesays.com\/fr\/wp-json\/wp\/v2\/media\/225155"}],"wp:attachment":[{"href":"https:\/\/www.europesays.com\/fr\/wp-json\/wp\/v2\/media?parent=225154"}],"wp:term":[{"taxonomy":"category","embeddable":true,"href":"https:\/\/www.europesays.com\/fr\/wp-json\/wp\/v2\/categories?post=225154"},{"taxonomy":"post_tag","embeddable":true,"href":"https:\/\/www.europesays.com\/fr\/wp-json\/wp\/v2\/tags?post=225154"}],"curies":[{"name":"wp","href":"https:\/\/api.w.org\/{rel}","templated":true}]}}