{"id":225156,"date":"2025-07-04T08:08:09","date_gmt":"2025-07-04T08:08:09","guid":{"rendered":"https:\/\/www.europesays.com\/fr\/225156\/"},"modified":"2025-07-04T08:08:09","modified_gmt":"2025-07-04T08:08:09","slug":"photographe-connu-du-cantal-il-decide-de-rouvrir-le-cafe-familial-dans-un-des-plus-beaux-villages-de-france","status":"publish","type":"post","link":"https:\/\/www.europesays.com\/fr\/225156\/","title":{"rendered":"Photographe connu du Cantal, il d\u00e9cide de rouvrir le caf\u00e9 familial dans un des plus beaux villages de France"},"content":{"rendered":"<p>            Par<br \/>\n        <strong><br \/>\n            <a href=\"https:\/\/actu.fr\/auteur\/nicolas-gastal\" title=\"Consulter tous les articles de Nicolas Gastal\" rel=\"nofollow noopener\" target=\"_blank\">Nicolas Gastal<\/a><br \/>\n        <\/strong><\/p>\n<p>        Publi\u00e9 le<\/p>\n<p>            4 juil. 2025 \u00e0 6h56        <\/p>\n<p>Apr\u00e8s sa grand-m\u00e8re et sa m\u00e8re, <b>Jean-Michel Peyral <\/b>perp\u00e9tue la tradition. En effet, durant de nombreuses ann\u00e9es, elles ont tenu le caf\u00e9 h\u00f4tel-restaurant \u00e9ponyme du c\u00f4t\u00e9 de <a href=\"https:\/\/actu.fr\/auvergne-rhone-alpes\/tournemire_15238\" rel=\"nofollow noopener\" target=\"_blank\"><b>Tournemire<\/b>.<\/a><\/p>\n<p class=\" wall-content\">Le fils, <b>photographe<\/b> et qui avait une boutique du c\u00f4t\u00e9 de Mauriac, a voulu reprendre le commerce, ferm\u00e9 depuis 2021.<\/p>\n<p>Changer d\u2019air et perp\u00e9tuer la tradition<\/p>\n<p class=\" wall-content\">\u00ab\u2009J\u2019avais envie de changer d\u2019air. Je continue toujours la photo. Je vais d\u2019ailleurs installer mon studio \u00e0 l\u2019\u00e9tage de l\u2019\u00e9tablissement. Mais j\u2019avais envie de voir autre chose. Je ferai les deux. Depuis tout depuis, j\u2019ai v\u00e9cu avec les bruits de casseroles. J\u2019ai longtemps tra\u00een\u00e9 dans le bistrot familial et j\u2019en garde des souvenirs merveilleux. Et j\u2019ai envie de revivre \u00e7a\u2009: une ambiance chaleureuse o\u00f9 tout le monde se parle\u2009\u00bb.<\/p>\n<p>    <img   decoding=\"async\" loading=\"lazy\" class=\"size-large\" src=\"https:\/\/www.europesays.com\/fr\/wp-content\/uploads\/2025\/07\/982139dd766867c2139dd766840313v-960x640.jpg\" alt=\"A l'int\u00e9rieur\" width=\"960\" height=\"640\"\/><br \/>\n    \u00c0 l\u2019int\u00e9rieur \u00a9JMPOuverture cet \u00e9t\u00e9 2025<\/p>\n<p class=\" wall-content\">Apr\u00e8s quelques semaines de travaux et de retouche, l\u2019\u00e9tablissement s\u2019appr\u00eate \u00e0 ouvrir (vers le 10\u00a0juillet, m\u00eame si la date officielle n\u2019est pas d\u00e9finie).<\/p>\n<p>Vid\u00e9os : en ce moment sur Actu<\/p>\n<p class=\" wall-content\">Durant la p\u00e9riode estivale, Jean-Michel sera aid\u00e9 d\u2019une serveuse\u2009: \u00ab\u2009j\u2019ouvrirai en fin de matin\u00e9e, jusqu\u2019au soir. L\u2019hiver, je vais voir comment je proc\u00e8de en fonction de la demande et de la client\u00e8le. Pour le moment, je ne fais que de la limonade, mais je pr\u00e9vois, dans le futur, de faire \u00e0 manger. Du casse-cro\u00fbte pour retrouver l\u2019ambiance d\u2019antan\u2009\u00bb.<\/p>\n<p class=\" wall-content\">En plus de la salle o\u00f9 une bonne vingtaine de personnes pourront s\u2019installer, le caf\u00e9 \u00ab\u2009Chez Jean-Mi\u2009\u00bb disposera \u00e9galement d\u2019une terrasse. Avec vue imprenable sur la vall\u00e9e.<\/p>\n<p class=\" wall-content\">Puis, l\u2019an prochain, il pr\u00e9voit d\u2019ouvrir \u00e9galement le balcon attenant au caf\u00e9.<\/p>\n<p class=\" wall-content\">Suivez toute l\u2019actualit\u00e9 de vos villes et m\u00e9dias favoris en vous inscrivant \u00e0 <a href=\"https:\/\/moncompte.actu.fr\" title=\"D\u00e9couvez Mon Actu\" rel=\"nofollow noopener\" data-trk=\"{&quot;cta&quot;:{&quot;action&quot;:&quot;https:\\\/\\\/moncompte.actu.fr&quot;,&quot;category&quot;:&quot;mon compte&quot;,&quot;from&quot;:&quot;article footer&quot;,&quot;name&quot;:&quot;Mon actu&quot;,&quot;type&quot;:&quot;cta&quot;}}\" target=\"_blank\">Mon Actu<\/a>.<\/p>\n","protected":false},"excerpt":{"rendered":"Par Nicolas Gastal Publi\u00e9 le 4 juil. 2025 \u00e0 6h56 Apr\u00e8s sa grand-m\u00e8re et sa m\u00e8re, Jean-Michel Peyral&hellip;\n","protected":false},"author":2,"featured_media":225157,"comment_status":"","ping_status":"","sticky":false,"template":"","format":"standard","meta":{"footnotes":""},"categories":[1358],"tags":[1348,1384,1385,1386,58,59,1011,27,1340,104],"class_list":{"0":"post-225156","1":"post","2":"type-post","3":"status-publish","4":"format-standard","5":"has-post-thumbnail","7":"category-arts-et-design","8":"tag-arts","9":"tag-arts-and-design","10":"tag-arts-et-design","11":"tag-design","12":"tag-divertissement","13":"tag-entertainment","14":"tag-fr","15":"tag-france","16":"tag-restaurant","17":"tag-societe"},"share_on_mastodon":{"url":"https:\/\/pubeurope.com\/@fr\/114793945847291633","error":""},"_links":{"self":[{"href":"https:\/\/www.europesays.com\/fr\/wp-json\/wp\/v2\/posts\/225156","targetHints":{"allow":["GET"]}}],"collection":[{"href":"https:\/\/www.europesays.com\/fr\/wp-json\/wp\/v2\/posts"}],"about":[{"href":"https:\/\/www.europesays.com\/fr\/wp-json\/wp\/v2\/types\/post"}],"author":[{"embeddable":true,"href":"https:\/\/www.europesays.com\/fr\/wp-json\/wp\/v2\/users\/2"}],"replies":[{"embeddable":true,"href":"https:\/\/www.europesays.com\/fr\/wp-json\/wp\/v2\/comments?post=225156"}],"version-history":[{"count":0,"href":"https:\/\/www.europesays.com\/fr\/wp-json\/wp\/v2\/posts\/225156\/revisions"}],"wp:featuredmedia":[{"embeddable":true,"href":"https:\/\/www.europesays.com\/fr\/wp-json\/wp\/v2\/media\/225157"}],"wp:attachment":[{"href":"https:\/\/www.europesays.com\/fr\/wp-json\/wp\/v2\/media?parent=225156"}],"wp:term":[{"taxonomy":"category","embeddable":true,"href":"https:\/\/www.europesays.com\/fr\/wp-json\/wp\/v2\/categories?post=225156"},{"taxonomy":"post_tag","embeddable":true,"href":"https:\/\/www.europesays.com\/fr\/wp-json\/wp\/v2\/tags?post=225156"}],"curies":[{"name":"wp","href":"https:\/\/api.w.org\/{rel}","templated":true}]}}