{"id":225162,"date":"2025-07-04T08:11:10","date_gmt":"2025-07-04T08:11:10","guid":{"rendered":"https:\/\/www.europesays.com\/fr\/225162\/"},"modified":"2025-07-04T08:11:10","modified_gmt":"2025-07-04T08:11:10","slug":"le-rappeur-aap-rocky-fait-faux-bond-a-rock-en-seine-kid-cudi-le-remplace","status":"publish","type":"post","link":"https:\/\/www.europesays.com\/fr\/225162\/","title":{"rendered":"Le rappeur A$AP Rocky fait faux bond \u00e0 Rock en Seine, Kid Cudi le remplace"},"content":{"rendered":"<p>Le chanteur et compagnon de Rihanna ne se produira pas dans le cadre du festival francilien en ao\u00fbt, \u00ab\u00a0en raison de circonstances ind\u00e9pendantes de notre volont\u00e9\u00a0\u00bb, pr\u00e9cise la manifestation.<\/p>\n<p class=\"fig-paragraph\">En haut des charts et pas loin des podiums. L\u2019Am\u00e9ricain A$AP Rocky, qui s\u2019est fait un nom dans la musique avant\u00a0<a href=\"http:\/\/www.lefigaro.fr\/mode-homme\/a-ap-rocky-devient-le-directeur-creatif-de-ray-ban-20250221\" target=\"_blank\" data-fig-type=\"Article\" rel=\"noopener\" data-gtm-custom-categorie=\"navigation\" data-gtm-custom-action=\"crossclick\" data-gtm-custom-label=\"Contextuel\" data-gtm-event=\"customEventSPE\" data-fig-domain=\"LEFIGARO\">d\u2019investir le monde de la mode<\/a>, devait se produire le 21 ao\u00fbt \u00e0 Rock en Seine. Le festival qui se tient tous les ans dans le parc de Saint-Cloud, pr\u00e8s de Paris. L\u2019organisation vient de faire savoir \u00e0 travers un communiqu\u00e9 que l\u2019interpr\u00e8te de Sundress et Praise The Lord lui fait faux bond.<\/p>\n<p class=\"fig-paragraph\">\u00ab\u00a0Kid Cudi rejoint la programmation de Rock en Seine en remplacement d\u2019A$AP Rocky qui ne pourra pas assurer sa venue cet \u00e9t\u00e9, en raison de circonstances ind\u00e9pendantes de notre volont\u00e9\u00a0\u00bb, a annonc\u00e9 jeudi le festival, qui convie \u00e9galement cet \u00e9t\u00e9 le groupe de rock ind\u00e9pendant\u00a0<a href=\"http:\/\/www.lefigaro.fr\/musique\/des-vampires-en-week-end-et-une-poubelle-restauree-20240413\" target=\"_blank\" data-fig-type=\"Article\" rel=\"noopener\" data-gtm-custom-categorie=\"navigation\" data-gtm-custom-action=\"crossclick\" data-gtm-custom-label=\"Contextuel\" data-gtm-event=\"customEventSPE\" data-fig-domain=\"LEFIGARO\">Vampire Weekend<\/a>, les Britanniques de London Grammar ou Justice, figure de proue de l\u2019\u00e9lectro fran\u00e7aise.<\/p>\n<p>                                    <a class=\"fig-a11y-skip a11y-hidden\" href=\"#fig-a11y-skip-main-inarticle\"><br \/>\n        Passer la publicit\u00e9<br \/>\n    <\/a><\/p>\n<p>Une deuxi\u00e8me annulation<\/p>\n<p class=\"fig-paragraph\">Pour remplacer le d\u00e9missionnaire,\u00a0<a href=\"http:\/\/tvmag.lefigaro.fr\/programme-tv\/actu-tele\/rock-en-seine-francofolies-hellfest-sur-quelles-chaines-regarder-les-festivals-de-musique-cet-ete-20250619\" target=\"_blank\" data-fig-type=\"Article\" rel=\"noopener\" data-gtm-custom-categorie=\"navigation\" data-gtm-custom-action=\"crossclick\" data-gtm-custom-label=\"Contextuel\" data-gtm-event=\"customEventSPE\" data-fig-domain=\"TVMAG\">Rock en Seine<\/a>\u00a0fait appel \u00e0 Kid Cudi, qui compte parmi les piliers du hip-hop am\u00e9ricain depuis la sortie du titre Day \u2019N\u2019 Nite en 2008. Son nom est r\u00e9cemment apparu au cours du<a href=\"http:\/\/www.lefigaro.fr\/international\/dossier\/p-diddy-tout-savoir-sur-le-proces-tres-attendu-de-la-star-du-rap\" data-fig-type=\"Topic\" data-gtm-custom-categorie=\"navigation\" data-gtm-custom-action=\"crossclick\" data-gtm-custom-label=\"Contextuel\" data-gtm-event=\"customEventSPE\" data-fig-domain=\"LEFIGARO\" target=\"_blank\" rel=\"noopener\">\u00a0proc\u00e8s P. Diddy<\/a>. Son v\u00e9hicule\u00a0<a href=\"http:\/\/www.lefigaro.fr\/international\/on-va-aller-le-tuer-au-proces-de-p-diddy-son-ex-assistante-l-accuse-de-violences-kidnapping-et-menace-de-mort-20250528\" target=\"_blank\" data-fig-type=\"Article\" rel=\"noopener\" data-gtm-custom-categorie=\"navigation\" data-gtm-custom-action=\"crossclick\" data-gtm-custom-label=\"Contextuel\" data-gtm-event=\"customEventSPE\" data-fig-domain=\"LEFIGARO\">aurait \u00e9t\u00e9 incendi\u00e9<\/a>\u00a0par le sulfureux musicien il y a plusieurs ann\u00e9es, sur fond d\u2019une affaire d\u2019adult\u00e8re.<\/p>\n<p class=\"fig-paragraph\">A$AP Rocky renonce \u00e9galement \u00e0 un deuxi\u00e8me festival important cet \u00e9t\u00e9, celui de Pukkelpop, en Belgique. O\u00f9 il sera remplac\u00e9 par un autre rappeur am\u00e9ricain \u00e0 succ\u00e8s, Macklemore (Thrift Shop). Si les publics belges et fran\u00e7ais devront se passer de sa pr\u00e9sence, le compagnon de Rihanna a confirm\u00e9 sa venue au\u00a0<a href=\"http:\/\/www.lefigaro.fr\/musique\/revivez-le-festival-sziget-2022-comme-si-vous-y-etiez-20220820\" target=\"_blank\" data-fig-type=\"Article\" rel=\"noopener\" data-gtm-custom-categorie=\"navigation\" data-gtm-custom-action=\"crossclick\" data-gtm-custom-label=\"Contextuel\" data-gtm-event=\"customEventSPE\" data-fig-domain=\"LEFIGARO\">festival de Sziget<\/a>, \u00e0 Budapest, d\u00e9but ao\u00fbt. Un rendez-vous qui rassemble un demi-million de festivaliers en six jours.<\/p>\n","protected":false},"excerpt":{"rendered":"Le chanteur et compagnon de Rihanna ne se produira pas dans le cadre du festival francilien en ao\u00fbt,&hellip;\n","protected":false},"author":2,"featured_media":225163,"comment_status":"","ping_status":"","sticky":false,"template":"","format":"standard","meta":{"footnotes":""},"categories":[1355],"tags":[36399,58,59,1011,27,1361,873,36376],"class_list":{"0":"post-225162","1":"post","2":"type-post","3":"status-publish","4":"format-standard","5":"has-post-thumbnail","7":"category-musique","8":"tag-aap-rocky","9":"tag-divertissement","10":"tag-entertainment","11":"tag-fr","12":"tag-france","13":"tag-music","14":"tag-musique","15":"tag-rock-en-seine"},"share_on_mastodon":{"url":"https:\/\/pubeurope.com\/@fr\/114793957919478308","error":""},"_links":{"self":[{"href":"https:\/\/www.europesays.com\/fr\/wp-json\/wp\/v2\/posts\/225162","targetHints":{"allow":["GET"]}}],"collection":[{"href":"https:\/\/www.europesays.com\/fr\/wp-json\/wp\/v2\/posts"}],"about":[{"href":"https:\/\/www.europesays.com\/fr\/wp-json\/wp\/v2\/types\/post"}],"author":[{"embeddable":true,"href":"https:\/\/www.europesays.com\/fr\/wp-json\/wp\/v2\/users\/2"}],"replies":[{"embeddable":true,"href":"https:\/\/www.europesays.com\/fr\/wp-json\/wp\/v2\/comments?post=225162"}],"version-history":[{"count":0,"href":"https:\/\/www.europesays.com\/fr\/wp-json\/wp\/v2\/posts\/225162\/revisions"}],"wp:featuredmedia":[{"embeddable":true,"href":"https:\/\/www.europesays.com\/fr\/wp-json\/wp\/v2\/media\/225163"}],"wp:attachment":[{"href":"https:\/\/www.europesays.com\/fr\/wp-json\/wp\/v2\/media?parent=225162"}],"wp:term":[{"taxonomy":"category","embeddable":true,"href":"https:\/\/www.europesays.com\/fr\/wp-json\/wp\/v2\/categories?post=225162"},{"taxonomy":"post_tag","embeddable":true,"href":"https:\/\/www.europesays.com\/fr\/wp-json\/wp\/v2\/tags?post=225162"}],"curies":[{"name":"wp","href":"https:\/\/api.w.org\/{rel}","templated":true}]}}