{"id":225164,"date":"2025-07-04T08:12:16","date_gmt":"2025-07-04T08:12:16","guid":{"rendered":"https:\/\/www.europesays.com\/fr\/225164\/"},"modified":"2025-07-04T08:12:16","modified_gmt":"2025-07-04T08:12:16","slug":"sous-la-seine-reste-numero-1-des-films-les-plus-vus-sur-les-plateformes-en-france-en-2024","status":"publish","type":"post","link":"https:\/\/www.europesays.com\/fr\/225164\/","title":{"rendered":"\u00ab\u00a0Sous la Seine\u00a0\u00bb reste num\u00e9ro\u00a01 des films les plus vus sur les plateformes en France en\u00a02024"},"content":{"rendered":"<p>Non content d\u2019\u00eatre <a href=\"https:\/\/www.20minutes.fr\/arts-stars\/cinema\/4096238-20240614-sous-seine-malgre-accusations-plagiat-film-cartonne-netflix\" class=\"color-ultramarine c-link\" rel=\"nofollow noopener\" target=\"_blank\">un gros succ\u00e8s mondial<\/a>, <a href=\"https:\/\/www.20minutes.fr\/arts-stars\/cinema\/4094231-20240605-sous-seine-requins-stars-fascinantes-cinema-remontent-scene\" class=\"color-ultramarine c-link\" rel=\"nofollow noopener\" target=\"_blank\">Sous la Seine<\/a> a domin\u00e9 le classement des films les plus \u00ab\u00a0consomm\u00e9s\u00a0\u00bb sur les plateformes de <a href=\"https:\/\/www.20minutes.fr\/dossier\/streaming\" class=\"color-ultramarine c-link\" rel=\"nofollow noopener\" target=\"_blank\">streaming<\/a> payantes en\u00a02024 en France, devant deux autres productions Netflix, <a href=\"https:\/\/www.20minutes.fr\/arts-stars\/loisirs\/4118748-20241030-netflix-film-loups-garous-franck-dubosc-jean-reno-joue-succes-international\" class=\"color-ultramarine c-link\" rel=\"nofollow noopener\" target=\"_blank\">Loups-Garous<\/a>\u00a0et <a href=\"https:\/\/www.20minutes.fr\/arts-stars\/medias\/4073964-20240201-squid-games-2-dragons-retour-eddie-murphy-netflix-devoile-programme-2024\" class=\"color-ultramarine c-link\" rel=\"nofollow noopener\" target=\"_blank\">La demoiselle et le Dragon<\/a>, selon une \u00e9tude <a href=\"https:\/\/www.20minutes.fr\/dossier\/mediametrie\" class=\"color-ultramarine c-link\" rel=\"nofollow noopener\" target=\"_blank\">M\u00e9diam\u00e9trie <\/a>publi\u00e9e jeudi 3\u00a0juillet 2025.<\/p>\n<\/p>\n<p>R\u00e9alis\u00e9 par le Fran\u00e7ais Xavier Gens, <a href=\"https:\/\/www.20minutes.fr\/arts-stars\/cinema\/4094231-20240605-sous-seine-requins-stars-fascinantes-cinema-remontent-scene\" class=\"color-ultramarine c-link\" rel=\"nofollow noopener\" target=\"_blank\">le film de requin<\/a> avec <a href=\"https:\/\/www.20minutes.fr\/dossier\/berenice_bejo\" class=\"color-ultramarine c-link\" rel=\"nofollow noopener\" target=\"_blank\">B\u00e9r\u00e9nice Bejo<\/a> a en effet fait sensation l\u2019ann\u00e9e derni\u00e8re, devenant le deuxi\u00e8me long-m\u00e9trage non anglophone le plus vu de l\u2019histoire de <a href=\"https:\/\/www.20minutes.fr\/dossier\/netflix\" class=\"color-ultramarine c-link\" rel=\"nofollow noopener\" target=\"_blank\">Netflix <\/a>avec 102,3\u00a0millions de vues au compteur, selon la plateforme am\u00e9ricaine\u2026 au point qu\u2019<a href=\"https:\/\/www.20minutes.fr\/arts-stars\/cinema\/4119536-20241104-sous-seine-berenice-bejo-annonce-suite-film-requins-tout-casse\" class=\"color-ultramarine c-link\" rel=\"nofollow noopener\" target=\"_blank\">une suite est d\u2019ores et d\u00e9j\u00e0 pr\u00e9vue<\/a>.<\/p>\n<p>Requin, loups-garous et dragon<\/p>\n<p>En France, Sous la Seine a repr\u00e9sent\u00e9 5,36\u00a0millions d\u2019actes de consommation, selon un barom\u00e8tre M\u00e9diam\u00e9trie-Harris Interactive portant sur l\u2019ensemble des plateformes sur abonnement de janvier \u00e0 d\u00e9cembre\u00a02024, d\u00e9voil\u00e9 dans le cadre d\u2019une \u00e9tude plus large sur le <a href=\"https:\/\/www.20minutes.fr\/arts-stars\/cinema\/\" class=\"color-ultramarine c-link\" rel=\"nofollow noopener\" target=\"_blank\">cin\u00e9ma <\/a>\u00e0 la <a href=\"https:\/\/www.20minutes.fr\/arts-stars\/television\/\" class=\"color-ultramarine c-link\" rel=\"nofollow noopener\" target=\"_blank\">t\u00e9l\u00e9vision <\/a>et en streaming.<\/p>\n<p>Autre film tricolore port\u00e9 cette fois par Franck Dubosc, Loups-Garous arrive deuxi\u00e8me (3,74\u00a0millions), devant La demoiselle et le Dragon (3,57\u00a0millions) avec la star de <a href=\"https:\/\/www.20minutes.fr\/serie\/stranger-things\/\" class=\"color-ultramarine c-link\" rel=\"nofollow noopener\" target=\"_blank\">Stranger Things<\/a>, Millie Bobby Brown.<\/p>\n<p>La bombe de Nolan<\/p>\n<p>Le Top 10 se compose quasi int\u00e9gralement de productions Netflix jamais sorties au cin\u00e9ma, \u00e0 l\u2019exception d\u2019<a href=\"https:\/\/www.20minutes.fr\/arts-stars\/cinema\/4045419-20230719-oppenheimer-comment-christopher-nolan-plonge-tete-createur-bombe-atomique\" class=\"color-ultramarine c-link\" rel=\"nofollow noopener\" target=\"_blank\">Oppenheimer<\/a>, qui ferme la marche. Le biopic multir\u00e9compens\u00e9 de <a href=\"https:\/\/www.20minutes.fr\/cinema\/christopher_nolan\/\" class=\"color-ultramarine c-link\" rel=\"nofollow noopener\" target=\"_blank\">Christopher Nolan<\/a>, succ\u00e8s de l\u2019\u00e9t\u00e9\u00a02023 en salles, n\u2019est arriv\u00e9 sur Netflix que le 21\u00a0d\u00e9cembre de l\u2019ann\u00e9e suivante, <a href=\"https:\/\/www.20minutes.fr\/arts-stars\/culture\/3239959-20220222-chronologie-medias-netflix-cinema-francais-signe-accord-historique\" class=\"color-ultramarine c-link\" rel=\"nofollow noopener\" target=\"_blank\">chronologie des m\u00e9dias<\/a> oblige. Il y compte 630.000 actes de consommation en\u00a02024, auxquels s\u2019ajoutent les pr\u00e8s de 2\u00a0millions recens\u00e9s sur Canal+\u00a0S\u00e9ries.<\/p>\n<p>\u00ab\u00a0Les plateformes ont une capacit\u00e9 \u00e0 faire conna\u00eetre leurs marques instantan\u00e9ment, avec une page d\u2019accueil qui annonce leurs nouveaut\u00e9s en cours et \u00e0 venir\u00a0\u00bb, d\u00e9crypte dans l\u2019\u00e9tude Marine Boulanger, directrice Cin\u00e9ma et Entertainment chez M\u00e9diam\u00e9trie, pour expliquer la pr\u00e9dominance des productions Netflix dans le <a href=\"https:\/\/www.20minutes.fr\/dossier\/palmares\" class=\"color-ultramarine c-link\" rel=\"nofollow noopener\" target=\"_blank\">palmar\u00e8s<\/a>. \u00ab\u00a0Ce n\u2019est pas toujours le cas des films de cin\u00e9ma\u00a0\u00bb, ajoute-t-elle.<\/p>\n<p>L\u2019exception Monte-Cristo<\/p>\n<p>Sur les quatre premiers mois de l\u2019ann\u00e9e\u00a02025 \u00e9galement, seul un film pass\u00e9 par les salles figure dans le top 10, \u00e0 savoir <a href=\"https:\/\/www.20minutes.fr\/arts-stars\/cinema\/4151252-20250430-comte-monte-cristo-version-longue-film-devoilee-2026\" class=\"color-ultramarine c-link\" rel=\"nofollow noopener\" target=\"_blank\">Le Comte de Monte-Cristo<\/a>, qui a enregistr\u00e9 \u00ab\u00a0plus de 2,9\u00a0millions d\u2019actes de consommation en streaming sur myCANAL\u00a0\u00bb, rel\u00e8ve M\u00e9diam\u00e9trie.<\/p>\n<p><a href=\"https:\/\/www.20minutes.fr\/dossier\/netflix\" class=\"c-link c-btn c-btn--primary\" rel=\"nofollow noopener\" target=\"_blank\">Notre dossier \u00ab Netflix \u00bb<\/a><\/p>\n<p>Troisi\u00e8me, cette nouvelle adaptation du classique d\u2019Alexandre Dumas est devanc\u00e9e par le thriller franco-belge <a href=\"https:\/\/www.20minutes.fr\/arts-stars\/cinema\/4134085-20250116-alors-vaut-ad-vitam-film-guillaume-canet-carton-moment-netflix\" class=\"color-ultramarine c-link\" rel=\"nofollow noopener\" target=\"_blank\">Ad Vitam<\/a>, avec Guillaume Canet, et le film d\u2019action am\u00e9ricain <a href=\"https:\/\/www.20minutes.fr\/arts-stars\/people\/4072846-20240128-jamie-foxx-repris-tournage-back-in-action-neuf-mois-apres-hospitalisation\" class=\"color-ultramarine c-link\" rel=\"nofollow noopener\" target=\"_blank\">Back in action<\/a>, avec Cameron Diaz et Jamie Foxx, qui ont \u00ab\u00a0b\u00e9n\u00e9fici\u00e9 d\u2019environ 4\u00a0millions d\u2019actes de consommation sur Netflix sur janvier-avril\u00a02025\u00a0\u00bb.<\/p>\n","protected":false},"excerpt":{"rendered":"Non content d\u2019\u00eatre un gros succ\u00e8s mondial, Sous la Seine a domin\u00e9 le classement des films les plus&hellip;\n","protected":false},"author":2,"featured_media":225165,"comment_status":"","ping_status":"","sticky":false,"template":"","format":"standard","meta":{"footnotes":""},"categories":[1354],"tags":[36400,36401,3902,650,58,59,2081,1346,1011,27,7187,12574,10159,1360,127,18931,19536,128,133],"class_list":{"0":"post-225164","1":"post","2":"type-post","3":"status-publish","4":"format-standard","5":"has-post-thumbnail","7":"category-films","8":"tag-berenice-bejo","9":"tag-cameron-diaz","10":"tag-christopher-nolan","11":"tag-cinema","12":"tag-divertissement","13":"tag-entertainment","14":"tag-film","15":"tag-films","16":"tag-fr","17":"tag-france","18":"tag-franck-dubosc","19":"tag-guillaume-canet","20":"tag-mediametrie","21":"tag-movies","22":"tag-netflix","23":"tag-plateforme","24":"tag-stranger-things","25":"tag-streaming","26":"tag-video"},"share_on_mastodon":{"url":"https:\/\/pubeurope.com\/@fr\/114793961511990113","error":""},"_links":{"self":[{"href":"https:\/\/www.europesays.com\/fr\/wp-json\/wp\/v2\/posts\/225164","targetHints":{"allow":["GET"]}}],"collection":[{"href":"https:\/\/www.europesays.com\/fr\/wp-json\/wp\/v2\/posts"}],"about":[{"href":"https:\/\/www.europesays.com\/fr\/wp-json\/wp\/v2\/types\/post"}],"author":[{"embeddable":true,"href":"https:\/\/www.europesays.com\/fr\/wp-json\/wp\/v2\/users\/2"}],"replies":[{"embeddable":true,"href":"https:\/\/www.europesays.com\/fr\/wp-json\/wp\/v2\/comments?post=225164"}],"version-history":[{"count":0,"href":"https:\/\/www.europesays.com\/fr\/wp-json\/wp\/v2\/posts\/225164\/revisions"}],"wp:featuredmedia":[{"embeddable":true,"href":"https:\/\/www.europesays.com\/fr\/wp-json\/wp\/v2\/media\/225165"}],"wp:attachment":[{"href":"https:\/\/www.europesays.com\/fr\/wp-json\/wp\/v2\/media?parent=225164"}],"wp:term":[{"taxonomy":"category","embeddable":true,"href":"https:\/\/www.europesays.com\/fr\/wp-json\/wp\/v2\/categories?post=225164"},{"taxonomy":"post_tag","embeddable":true,"href":"https:\/\/www.europesays.com\/fr\/wp-json\/wp\/v2\/tags?post=225164"}],"curies":[{"name":"wp","href":"https:\/\/api.w.org\/{rel}","templated":true}]}}