{"id":225168,"date":"2025-07-04T08:14:10","date_gmt":"2025-07-04T08:14:10","guid":{"rendered":"https:\/\/www.europesays.com\/fr\/225168\/"},"modified":"2025-07-04T08:14:10","modified_gmt":"2025-07-04T08:14:10","slug":"dossier-ol-voici-le-montant-astronomique-que-reclame-la-dncg-pour-le-maintien-de-lyon-en-ligue-1","status":"publish","type":"post","link":"https:\/\/www.europesays.com\/fr\/225168\/","title":{"rendered":"Dossier OL\u00a0: voici le montant astronomique que r\u00e9clame la DNCG pour le maintien de Lyon en Ligue 1"},"content":{"rendered":"<p class=\"ap-StoryElement ap-StoryElement--mb ap-StoryText\">Le 24\u00a0juin dernier, un coup de tonnerre frappait l&rsquo;Olympique Lyonnais. Le club septuple champion de France, via une d\u00e9cision de la DNCG, voyait sa trajectoire finir en Ligue 2.<\/p>\n<p class=\"ap-StoryElement ap-StoryElement--mb ap-StoryText\">Depuis l&rsquo;OL tente le tout pour le tout pour se maintenir en Ligue 1. Apr\u00e8s avoir fait appel de la d\u00e9cision, le club lyonnais a commenc\u00e9 par changer de pr\u00e9sident. Bye-Bye Textor et Welcome <a href=\"https:\/\/www.dhnet.be\/sports\/football\/europe\/championnatsetrangers\/2025\/06\/30\/ligue-1-lamericaine-michele-kang-remplace-john-textor-a-la-presidence-de-lolympique-lyonnais-HX7GSXQSKZGC7OL6COQ4JPSBLU\/\" target=\"_blank\" rel=\"nofollow noopener\">Michele Kang, une femme d&rsquo;affaires am\u00e9ricaine<\/a>, \u00ab\u00a0choix id\u00e9al pour diriger l&rsquo;OL dans la phase suivante\u00a0\u00bb, selon l&rsquo;ancien pr\u00e9sident de l&rsquo;OL.<\/p>\n","protected":false},"excerpt":{"rendered":"Le 24\u00a0juin dernier, un coup de tonnerre frappait l&rsquo;Olympique Lyonnais. Le club septuple champion de France, via une&hellip;\n","protected":false},"author":2,"featured_media":225169,"comment_status":"","ping_status":"","sticky":false,"template":"","format":"standard","meta":{"footnotes":""},"categories":[9],"tags":[36402,63,1011,27,1227,21438,36403,60],"class_list":{"0":"post-225168","1":"post","2":"type-post","3":"status-publish","4":"format-standard","5":"has-post-thumbnail","7":"category-sports","8":"tag-club-sportif","9":"tag-football","10":"tag-fr","11":"tag-france","12":"tag-horizontal","13":"tag-logo","14":"tag-photo-dillustration","15":"tag-sports"},"share_on_mastodon":{"url":"https:\/\/pubeurope.com\/@fr\/114793969637304202","error":""},"_links":{"self":[{"href":"https:\/\/www.europesays.com\/fr\/wp-json\/wp\/v2\/posts\/225168","targetHints":{"allow":["GET"]}}],"collection":[{"href":"https:\/\/www.europesays.com\/fr\/wp-json\/wp\/v2\/posts"}],"about":[{"href":"https:\/\/www.europesays.com\/fr\/wp-json\/wp\/v2\/types\/post"}],"author":[{"embeddable":true,"href":"https:\/\/www.europesays.com\/fr\/wp-json\/wp\/v2\/users\/2"}],"replies":[{"embeddable":true,"href":"https:\/\/www.europesays.com\/fr\/wp-json\/wp\/v2\/comments?post=225168"}],"version-history":[{"count":0,"href":"https:\/\/www.europesays.com\/fr\/wp-json\/wp\/v2\/posts\/225168\/revisions"}],"wp:featuredmedia":[{"embeddable":true,"href":"https:\/\/www.europesays.com\/fr\/wp-json\/wp\/v2\/media\/225169"}],"wp:attachment":[{"href":"https:\/\/www.europesays.com\/fr\/wp-json\/wp\/v2\/media?parent=225168"}],"wp:term":[{"taxonomy":"category","embeddable":true,"href":"https:\/\/www.europesays.com\/fr\/wp-json\/wp\/v2\/categories?post=225168"},{"taxonomy":"post_tag","embeddable":true,"href":"https:\/\/www.europesays.com\/fr\/wp-json\/wp\/v2\/tags?post=225168"}],"curies":[{"name":"wp","href":"https:\/\/api.w.org\/{rel}","templated":true}]}}